{"id":67025,"date":"2026-01-23T10:41:26","date_gmt":"2026-01-23T10:41:26","guid":{"rendered":"https:\/\/dekkbi.com\/?p=67025"},"modified":"2026-01-23T10:41:26","modified_gmt":"2026-01-23T10:41:26","slug":"bras-de-fer-entre-vestas-senegal-et-le-fisc-le-tribunal-sort-la-loupe-et-ordonne-une-expertise-fiscaleplus-d12-milliard-fcfa-en-jeu","status":"publish","type":"post","link":"https:\/\/dekkbi.com\/?p=67025","title":{"rendered":"BRAS DE FER ENTRE VESTAS S\u00c9N\u00c9GAL ET LE FISC \u2013 Le tribunal sort la loupe et ordonne une expertise fiscale\u2026Plus d\u20191,2 milliard FCFA en jeu"},"content":{"rendered":"\n<p>Le contentieux fiscal opposant la soci\u00e9t\u00e9 Vestas S\u00e9n\u00e9gal \u00e0 la Direction g\u00e9n\u00e9rale des imp\u00f4ts et domaines (Dgid) conna\u00eet un nouveau tournant judiciaire. Saisie de l\u2019affaire, la premi\u00e8re Chambre civile du tribunal hors classe de Dakar a rendu sa d\u00e9cision le 15 janvier dernier, en ordonnant une expertise comptable approfondie avant tout examen du fond du dossier, rapporte Lib\u00e9ration.<\/p>\n\n\n\n<h3 class=\"wp-block-heading\">Une expertise au c\u0153ur du diff\u00e9rend<\/h3>\n\n\n\n<p>Selon Lib\u00e9ration, le tribunal a estim\u00e9 n\u00e9cessaire de faire toute la lumi\u00e8re sur la situation fiscale de Vestas S\u00e9n\u00e9gal SA au titre de l\u2019exercice 2022. L\u2019expertise ordonn\u00e9e devra notamment v\u00e9rifier la comptabilit\u00e9 de la soci\u00e9t\u00e9 en ce qui concerne la TVA collect\u00e9e, la TVA d\u00e9ductible ainsi que le cr\u00e9dit de TVA d\u00e9clar\u00e9.<\/p>\n\n\n\n<p>La mission confi\u00e9e \u00e0 l\u2019expert est large et technique. Il s\u2019agira \u00e9galement d\u2019examiner les pi\u00e8ces justificatives relatives aux d\u00e9ductions sur achats locaux et de d\u00e9terminer si celles-ci ouvrent effectivement droit \u00e0 d\u00e9duction, conform\u00e9ment aux dispositions du Code g\u00e9n\u00e9ral des imp\u00f4ts. L\u2019expert devra en outre analyser la r\u00e9alit\u00e9, la nature et la r\u00e9gularit\u00e9 des prestations de services \u00e0 l\u2019exportation, notamment celles r\u00e9alis\u00e9es en intra-groupe, ainsi que les modalit\u00e9s de compensation invoqu\u00e9es par la soci\u00e9t\u00e9.<\/p>\n\n\n\n<p>Autre point crucial : v\u00e9rifier la m\u00e9thodologie de calcul du cr\u00e9dit de TVA retenu par l\u2019administration fiscale et dire si celle-ci est conforme aux textes applicables. Enfin, l\u2019expert devra d\u00e9terminer, le cas \u00e9ch\u00e9ant, le montant exact du cr\u00e9dit de TVA effectivement d\u00fb \u00e0 Vestas S\u00e9n\u00e9gal au titre de l\u2019ann\u00e9e 2022.<\/p>\n\n\n\n<h3 class=\"wp-block-heading\">Un expert d\u00e9sign\u00e9, trois mois pour trancher<\/h3>\n\n\n\n<p>Pour mener \u00e0 bien cette mission, le tribunal a d\u00e9sign\u00e9 Olga Ayoko Akakpovi en qualit\u00e9 d\u2019expert. Celle-ci dispose d\u2019un d\u00e9lai de trois mois pour d\u00e9poser son rapport, pr\u00e9cise Lib\u00e9ration. Un document tr\u00e8s attendu, qui pourrait peser lourdement dans l\u2019issue finale de ce bras de fer fiscal.<\/p>\n\n\n\n<h3 class=\"wp-block-heading\">\u00c0 l\u2019origine, une demande de restitution de plus d\u20191,2 milliard FCFA<\/h3>\n\n\n\n<p>Pour rappel, Vestas S\u00e9n\u00e9gal Sarl, dont le principal client au S\u00e9n\u00e9gal est le Parc \u00e9olien de Ta\u00efba Ndiaye, avait assign\u00e9 la Dgid aux fins de restitution d\u2019un cr\u00e9dit de TVA. Par courrier dat\u00e9 du 28 d\u00e9cembre 2023, la soci\u00e9t\u00e9 avait sollicit\u00e9 la restitution d\u2019un montant de&nbsp;<a href=\"tel:1 299 884 976\">1 299 884 976<\/a>&nbsp;FCFA, correspondant \u00e0 la p\u00e9riode allant du 1er janvier au 31 d\u00e9cembre 2022.<\/p>\n\n\n\n<p>Dans son argumentaire, Vestas soutenait que son chiffre d\u2019affaires est essentiellement compos\u00e9 d\u2019op\u00e9rations li\u00e9es \u00e0 des exportations, ainsi que d\u2019op\u00e9rations r\u00e9alis\u00e9es pour le compte de son principal client local, le Parc \u00e9olien de Ta\u00efba Ndiaye, lequel b\u00e9n\u00e9ficie d\u2019une exon\u00e9ration de TVA, rapporte Lib\u00e9ration.<\/p>\n\n\n\n<h3 class=\"wp-block-heading\">Rejets successifs de l\u2019administration fiscale<\/h3>\n\n\n\n<p>Mais cette demande a \u00e9t\u00e9 rejet\u00e9e par l\u2019administration fiscale le 23 avril 2024, au motif qu\u2019elle aurait \u00e9t\u00e9 pr\u00e9sent\u00e9e sans les documents requis ou avec des pi\u00e8ces ne respectant pas l\u2019ordre chronologique. Une premi\u00e8re demande compl\u00e9mentaire introduite le 4 juin 2024 conna\u00eetra le m\u00eame sort, rejet\u00e9e par une d\u00e9cision dat\u00e9e du 28 ao\u00fbt 2024.<\/p>\n\n\n\n<p>Persistante, Vestas S\u00e9n\u00e9gal a sollicit\u00e9, le 7 octobre 2024, la reconsid\u00e9ration de sa demande et l\u2019accord de l\u2019autorit\u00e9 fiscale pour la restitution du m\u00eame montant. Toutefois, par courrier en date du 16 d\u00e9cembre 2024, re\u00e7u le 5 mai 2025, la Dgid a inform\u00e9 la soci\u00e9t\u00e9 que le ministre des Finances avait rejet\u00e9 cette seconde demande compl\u00e9mentaire, invoquant les m\u00eames motifs, selon Lib\u00e9ration.<\/p>\n","protected":false},"excerpt":{"rendered":"<p>Le contentieux fiscal opposant la soci\u00e9t\u00e9 Vestas S\u00e9n\u00e9gal \u00e0 la Direction g\u00e9n\u00e9rale des imp\u00f4ts et domaines (Dgid) conna\u00eet un nouveau<\/p>\n","protected":false},"author":1,"featured_media":67026,"comment_status":"open","ping_status":"open","sticky":false,"template":"","format":"standard","meta":{"footnotes":""},"categories":[21],"tags":[],"class_list":["post-67025","post","type-post","status-publish","format-standard","has-post-thumbnail","hentry","category-societe"],"_links":{"self":[{"href":"https:\/\/dekkbi.com\/index.php?rest_route=\/wp\/v2\/posts\/67025","targetHints":{"allow":["GET"]}}],"collection":[{"href":"https:\/\/dekkbi.com\/index.php?rest_route=\/wp\/v2\/posts"}],"about":[{"href":"https:\/\/dekkbi.com\/index.php?rest_route=\/wp\/v2\/types\/post"}],"author":[{"embeddable":true,"href":"https:\/\/dekkbi.com\/index.php?rest_route=\/wp\/v2\/users\/1"}],"replies":[{"embeddable":true,"href":"https:\/\/dekkbi.com\/index.php?rest_route=%2Fwp%2Fv2%2Fcomments&post=67025"}],"version-history":[{"count":1,"href":"https:\/\/dekkbi.com\/index.php?rest_route=\/wp\/v2\/posts\/67025\/revisions"}],"predecessor-version":[{"id":67027,"href":"https:\/\/dekkbi.com\/index.php?rest_route=\/wp\/v2\/posts\/67025\/revisions\/67027"}],"wp:featuredmedia":[{"embeddable":true,"href":"https:\/\/dekkbi.com\/index.php?rest_route=\/wp\/v2\/media\/67026"}],"wp:attachment":[{"href":"https:\/\/dekkbi.com\/index.php?rest_route=%2Fwp%2Fv2%2Fmedia&parent=67025"}],"wp:term":[{"taxonomy":"category","embeddable":true,"href":"https:\/\/dekkbi.com\/index.php?rest_route=%2Fwp%2Fv2%2Fcategories&post=67025"},{"taxonomy":"post_tag","embeddable":true,"href":"https:\/\/dekkbi.com\/index.php?rest_route=%2Fwp%2Fv2%2Ftags&post=67025"}],"curies":[{"name":"wp","href":"https:\/\/api.w.org\/{rel}","templated":true}]}}