{"id":67015,"date":"2026-01-23T10:20:13","date_gmt":"2026-01-23T10:20:13","guid":{"rendered":"https:\/\/dekkbi.com\/?p=67015"},"modified":"2026-01-23T10:21:07","modified_gmt":"2026-01-23T10:21:07","slug":"remuneration-pour-copie-privee-la-sodav-salue-les-instructions-claires-et-fermes-du-chef-de-letat","status":"publish","type":"post","link":"https:\/\/dekkbi.com\/?p=67015","title":{"rendered":"R\u00e9mun\u00e9ration pour copie priv\u00e9e"},"content":{"rendered":"\n<p>Dakar, (APS) \u2013 La Soci\u00e9t\u00e9 s\u00e9n\u00e9galaise du droit d\u2019auteur et des droits voisins (SODAV) a salu\u00e9 les instructions \u2018\u2019claires et fermes\u2019\u2019 du chef de l\u2019Etat Bassirou Diomaye Faye, mercredi, en Conseil de ministres, portant sur la mise en \u0153uvre de la r\u00e9mun\u00e9ration pour copie priv\u00e9e (RCP) afin de garantir la protection des artistes et la valorisation effective de leurs droits.<\/p>\n\n\n\n<p>Dans un communiqu\u00e9 parvenu jeudi \u00e0 l\u2019APS, \u201dla SODAV se r\u00e9jouit vivement des instructions claires et fermes donn\u00e9es par son excellence le pr\u00e9sident de la R\u00e9publique lors du conseil des ministres du mercredi 21 janvier 2026 concernant la protection des artistes et la valorisation effective de leurs droits, notamment par la mise en \u0153uvre de la r\u00e9mun\u00e9ration pour copie priv\u00e9e\u201d.<\/p>\n\n\n\n<p>D\u2019apr\u00e8s le document, cette orientation marque un tournant \u201dhistorique\u201d dans la reconnaissance et la protection des droits des cr\u00e9ateurs, auteurs, interpr\u00e8tes et producteurs du S\u00e9n\u00e9gal.<\/p>\n\n\n\n<p>\u2018\u2019Elle est conforme \u00e0 la loi n\u00b02008-09 sur le droit d\u2019auteur et les droits voisins, ainsi qu\u2019aux engagements internationaux pris par notre pays\u2019\u2019, souligne le texte.<\/p>\n\n\n\n<p>La SODAV rappelle \u00e9galement que l\u2019application effective du m\u00e9canisme de r\u00e9mun\u00e9ration pour copie priv\u00e9e demeure \u2018\u2019juridiquement tributaire\u2019\u2019 de la signature du d\u00e9cret d\u2019application par le pr\u00e9sident de la R\u00e9publique, \u2018\u2019derni\u00e8re \u00e9tape administrative indispensable \u00e0 l\u2019entr\u00e9e en vigueur op\u00e9rationnelle du dispositif\u2019\u2019.<\/p>\n\n\n\n<p>\u2018\u2019Depuis plusieurs semaines, le conseil d\u2019administration de la SODAV m\u00e8ne une campagne nationale de plaidoyer et de sensibilisation aupr\u00e8s des artistes, du grand public et des autorit\u00e9s concern\u00e9es enfin de souligner les enjeux majeurs de la RCP\u2019\u2019, lit-on dans le communiqu\u00e9.<\/p>\n\n\n\n<p>Pour la SODAV, la RCP constitue un levier strat\u00e9gique pour une juste r\u00e9mun\u00e9ration des ayants droit, le financement du secteur culturel, mais aussi le renforcement de la souverainet\u00e9 artistique du S\u00e9n\u00e9gal.<\/p>\n\n\n\n<p>La structure charg\u00e9e de la d\u00e9fense des int\u00e9r\u00eats des auteurs salue enfin la volont\u00e9 politique affirm\u00e9e par le chef de l\u2019Etat et exprime sa confiance dans le leadership du ministre en charge de la Culture et du secr\u00e9taire d\u2019Etat \u00e0 la Culture, aux Industries cr\u00e9atives et au Patrimoine historique pour finaliser ce processus, dans l\u2019esprit de l\u2019Agenda national de transformation S\u00e9n\u00e9gal 2050.<\/p>\n\n\n\n<p>La SODAV r\u00e9it\u00e8re dans le m\u00eame temps sa disponibilit\u00e9 \u2018\u2019pleine et enti\u00e8re\u2019\u2019 \u00e0 accompagner l\u2019Etat du S\u00e9n\u00e9gal pour faire de la r\u00e9mun\u00e9ration pour copie priv\u00e9e, \u2018\u2019une r\u00e9alit\u00e9 concr\u00e8te au b\u00e9n\u00e9fice de tous les cr\u00e9ateurs s\u00e9n\u00e9galais, dans une d\u00e9marche inclusive, \u00e9quitable et structurante pour l\u2019avenir du secteur culturel\u2019\u2019.<\/p>\n\n\n\n<p>La SODAV, avec Ngon\u00e9 Ndour \u00e0 la t\u00eate du Conseil d\u2019administration et Aly Bathily comme directeur-g\u00e9rant, a \u00e9t\u00e9 cr\u00e9\u00e9e le 7 mars 2016 en remplacement du Bureau s\u00e9n\u00e9galais du droit d\u2019auteur (BSDA).<\/p>\n\n\n\n<p>AMN\/ABB\/OID<\/p>\n","protected":false},"excerpt":{"rendered":"<p>Dakar, (APS) \u2013 La Soci\u00e9t\u00e9 s\u00e9n\u00e9galaise du droit d\u2019auteur et des droits voisins (SODAV) a salu\u00e9 les instructions \u2018\u2019claires et<\/p>\n","protected":false},"author":1,"featured_media":67016,"comment_status":"open","ping_status":"open","sticky":false,"template":"","format":"standard","meta":{"footnotes":""},"categories":[3],"tags":[],"class_list":["post-67015","post","type-post","status-publish","format-standard","has-post-thumbnail","hentry","category-event-more-news"],"_links":{"self":[{"href":"https:\/\/dekkbi.com\/index.php?rest_route=\/wp\/v2\/posts\/67015","targetHints":{"allow":["GET"]}}],"collection":[{"href":"https:\/\/dekkbi.com\/index.php?rest_route=\/wp\/v2\/posts"}],"about":[{"href":"https:\/\/dekkbi.com\/index.php?rest_route=\/wp\/v2\/types\/post"}],"author":[{"embeddable":true,"href":"https:\/\/dekkbi.com\/index.php?rest_route=\/wp\/v2\/users\/1"}],"replies":[{"embeddable":true,"href":"https:\/\/dekkbi.com\/index.php?rest_route=%2Fwp%2Fv2%2Fcomments&post=67015"}],"version-history":[{"count":2,"href":"https:\/\/dekkbi.com\/index.php?rest_route=\/wp\/v2\/posts\/67015\/revisions"}],"predecessor-version":[{"id":67018,"href":"https:\/\/dekkbi.com\/index.php?rest_route=\/wp\/v2\/posts\/67015\/revisions\/67018"}],"wp:featuredmedia":[{"embeddable":true,"href":"https:\/\/dekkbi.com\/index.php?rest_route=\/wp\/v2\/media\/67016"}],"wp:attachment":[{"href":"https:\/\/dekkbi.com\/index.php?rest_route=%2Fwp%2Fv2%2Fmedia&parent=67015"}],"wp:term":[{"taxonomy":"category","embeddable":true,"href":"https:\/\/dekkbi.com\/index.php?rest_route=%2Fwp%2Fv2%2Fcategories&post=67015"},{"taxonomy":"post_tag","embeddable":true,"href":"https:\/\/dekkbi.com\/index.php?rest_route=%2Fwp%2Fv2%2Ftags&post=67015"}],"curies":[{"name":"wp","href":"https:\/\/api.w.org\/{rel}","templated":true}]}}