{"id":67012,"date":"2026-01-23T10:13:23","date_gmt":"2026-01-23T10:13:23","guid":{"rendered":"https:\/\/dekkbi.com\/?p=67012"},"modified":"2026-01-23T10:13:23","modified_gmt":"2026-01-23T10:13:23","slug":"dagana-mise-en-service-de-la-premiere-centrale-solaire-dafrique-de-louest-couplee-a-un-systeme-de-stockage-par-batteries-a-bokhol","status":"publish","type":"post","link":"https:\/\/dekkbi.com\/?p=67012","title":{"rendered":"Dagana : mise en service de la premi\u00e8re centrale solaire d\u2019Afrique de l\u2019Ouest coupl\u00e9e \u00e0 un syst\u00e8me de stockage par batteries \u00e0 Bokhol"},"content":{"rendered":"\n<p>Bokhol (Dagana),  (APS) \u2013 La premi\u00e8re centrale solaire photovolta\u00efque d\u2019Afrique de l\u2019Ouest coupl\u00e9e \u00e0 un syst\u00e8me de stockage par batteries de grande envergure, a \u00e9t\u00e9 officiellement, mise en service, jeudi \u00e0 Bokhol, dans le d\u00e9partement de Dagana (nord).<\/p>\n\n\n\n<p>D\u00e9nomm\u00e9e \u201dWalo Storage\u201d, la centrale a \u00e9t\u00e9 mise en service par le gouverneur de la r\u00e9gion de Saint-Louis, Al Hassan Sall, repr\u00e9sentant le ministre de l\u2019\u00c9nergie, du P\u00e9trole et des Mines.<\/p>\n\n\n\n<p>L\u2019infrastructure a une capacit\u00e9 de production solaire photovolta\u00efque de 16 m\u00e9gawatts (MW) combin\u00e9e \u00e0 un syst\u00e8me de stockage par batteries de 20 m\u00e9gawatts par heure (MWh), pour une production annuelle estim\u00e9e \u00e0 36 gigawatts par heure (GWh).<\/p>\n\n\n\n<p>Elle est d\u00e9di\u00e9e \u00e0 la r\u00e9gulation de la fr\u00e9quence du r\u00e9seau \u00e9lectrique national, selon les responsables de ce projet.<\/p>\n\n\n\n<p>\u2018\u2019Ce projet constitue une r\u00e9ponse aux d\u00e9fis de stabilit\u00e9, de s\u00e9curit\u00e9 et de flexibilit\u00e9 du r\u00e9seau \u00e9lectrique national dans un contexte d\u2019int\u00e9gration progressive des \u00e9nergies renouvelables\u2019\u2019, a dit le gouverneur de la r\u00e9gion de Saint-Louis, lors de la c\u00e9r\u00e9monie d\u2019inauguration.<\/p>\n\n\n\n<p>Il a pr\u00e9cis\u00e9 que cette r\u00e9alisation s\u2019inscrit dans le cadre de la politique nationale de transition \u00e9nerg\u00e9tique, qui vise \u00e0 porter la part des \u00e9nergies renouvelables \u00e0 40 % du mix \u00e9nerg\u00e9tique.<\/p>\n\n\n\n<p>Selon lui, le stockage par batteries permet d\u2019absorber les variations de la production solaire, de stabiliser la fr\u00e9quence du r\u00e9seau et de r\u00e9duire le recours aux moyens thermiques traditionnellement utilis\u00e9s pour le r\u00e9glage de fr\u00e9quence.<\/p>\n\n\n\n<p>\u2018\u2019Sur le plan environnemental, a-t-il poursuivi, la centrale devrait permettre d\u2019\u00e9viter environ 26. 600 tonnes d\u2019\u00e9missions de dioxyde de carbone par an, soit l\u2019\u00e9quivalent d\u2019\u00e9missions annuelles de plus de 18. 000 v\u00e9hicules\u201d.<\/p>\n\n\n\n<p>Le projet de centrale a g\u00e9n\u00e9r\u00e9 217 emplois locaux durant sa phase de construction et pr\u00e9voit une trentaine d\u2019emplois permanents en phase d\u2019exploitation, selon les responsables.<\/p>\n\n\n\n<p>Sur le volet social, le projet va assurer l\u2019\u00e9lectrification solaire de stations de pompage, l\u2019extension de l\u2019acc\u00e8s \u00e0 l\u2019eau potable et la formation de techniciens locaux.<\/p>\n\n\n\n<p>D\u2019un co\u00fbt estim\u00e9 \u00e0 plus de 26 milliards de francs CFA, la centrale a \u00e9t\u00e9 d\u00e9velopp\u00e9e par Africa REN, avec l\u2019appui de partenaires financiers internationaux, dont FMO et EIF-PIDG, en partenariat avec la Soci\u00e9t\u00e9 nationale d\u2019\u00e9lectricit\u00e9 du S\u00e9n\u00e9gal (SENELEC).<\/p>\n\n\n\n<p>Les autorit\u00e9s locales ont indiqu\u00e9 que \u201dWalo Storage\u201d constitue un projet d\u00e9monstrateur illustrant la capacit\u00e9 du S\u00e9n\u00e9gal \u00e0 \u2018\u2019accueillir et d\u00e9ployer des technologies \u00e9nerg\u00e9tiques de nouvelle g\u00e9n\u00e9ration en vue de renforcer la r\u00e9silience du r\u00e9seau \u00e9lectrique national\u2019\u2019.<\/p>\n\n\n\n<p>Le maire de Bokhol, El Hadji Gueye, les autorit\u00e9s administratives et locales, les ambassadrices de la Grande Bretagne et des Pays-Bas, partenaires du projet, et des personnalit\u00e9s dont l\u2019ancien ministre, Mouhamadou Makhtar Ciss\u00e9 ont pris part \u00e0 la c\u00e9r\u00e9monie.<\/p>\n\n\n\n<p>OG\/AT\/AB<\/p>\n","protected":false},"excerpt":{"rendered":"<p>Bokhol (Dagana), (APS) \u2013 La premi\u00e8re centrale solaire photovolta\u00efque d\u2019Afrique de l\u2019Ouest coupl\u00e9e \u00e0 un syst\u00e8me de stockage par batteries<\/p>\n","protected":false},"author":1,"featured_media":67013,"comment_status":"open","ping_status":"open","sticky":false,"template":"","format":"standard","meta":{"footnotes":""},"categories":[3],"tags":[],"class_list":["post-67012","post","type-post","status-publish","format-standard","has-post-thumbnail","hentry","category-event-more-news"],"_links":{"self":[{"href":"https:\/\/dekkbi.com\/index.php?rest_route=\/wp\/v2\/posts\/67012","targetHints":{"allow":["GET"]}}],"collection":[{"href":"https:\/\/dekkbi.com\/index.php?rest_route=\/wp\/v2\/posts"}],"about":[{"href":"https:\/\/dekkbi.com\/index.php?rest_route=\/wp\/v2\/types\/post"}],"author":[{"embeddable":true,"href":"https:\/\/dekkbi.com\/index.php?rest_route=\/wp\/v2\/users\/1"}],"replies":[{"embeddable":true,"href":"https:\/\/dekkbi.com\/index.php?rest_route=%2Fwp%2Fv2%2Fcomments&post=67012"}],"version-history":[{"count":1,"href":"https:\/\/dekkbi.com\/index.php?rest_route=\/wp\/v2\/posts\/67012\/revisions"}],"predecessor-version":[{"id":67014,"href":"https:\/\/dekkbi.com\/index.php?rest_route=\/wp\/v2\/posts\/67012\/revisions\/67014"}],"wp:featuredmedia":[{"embeddable":true,"href":"https:\/\/dekkbi.com\/index.php?rest_route=\/wp\/v2\/media\/67013"}],"wp:attachment":[{"href":"https:\/\/dekkbi.com\/index.php?rest_route=%2Fwp%2Fv2%2Fmedia&parent=67012"}],"wp:term":[{"taxonomy":"category","embeddable":true,"href":"https:\/\/dekkbi.com\/index.php?rest_route=%2Fwp%2Fv2%2Fcategories&post=67012"},{"taxonomy":"post_tag","embeddable":true,"href":"https:\/\/dekkbi.com\/index.php?rest_route=%2Fwp%2Fv2%2Ftags&post=67012"}],"curies":[{"name":"wp","href":"https:\/\/api.w.org\/{rel}","templated":true}]}}