{"id":67009,"date":"2026-01-23T10:03:50","date_gmt":"2026-01-23T10:03:50","guid":{"rendered":"https:\/\/dekkbi.com\/?p=67009"},"modified":"2026-01-23T10:03:50","modified_gmt":"2026-01-23T10:03:50","slug":"politique-dorientation-budgetaire-letat-mise-sur-lassainissement-et-la-priorisation","status":"publish","type":"post","link":"https:\/\/dekkbi.com\/?p=67009","title":{"rendered":"Politique d\u2019orientation budg\u00e9taire : l\u2019Etat mise sur l\u2019assainissement et la priorisation"},"content":{"rendered":"\n<p>Dakar,  (APS) \u2013 Le budget de l\u2019Etat pour l\u2019exercice 2026 s\u2019inscrit dans la continuit\u00e9 d\u2019une dynamique de redressement et de transformation, avec comme objectif l\u2019assainissement des finances publiques et la priorisation des ressources, a d\u00e9clar\u00e9, jeudi, \u00e0 Dakar, Bassirou Sarr, directeur de cabinet du ministre des Finances et du Budget.<\/p>\n\n\n\n<p>\u201cLe budget 2026 s\u2019inscrit dans la continuit\u00e9 de cette dynamique de redressement et de transformation. Il traduit une orientation politique claire : assainir durablement les finances publiques et affecter les ressources disponibles aux politiques prioritaires\u201d, a-t-il dit.<\/p>\n\n\n\n<p>M. Sarr, pr\u00e9sidant la c\u00e9r\u00e9monie officielle d\u2019ouverture d\u2019un&nbsp;atelier destin\u00e9 au lancement de la gestion budg\u00e9taire 2026,&nbsp;a rappel\u00e9 que le gouvernement a engag\u00e9, en 2025, une trajectoire fond\u00e9e sur la \u201cdiscipline budg\u00e9taire, la ma\u00eetrise des engagements, la prudence dans le financement et la priorit\u00e9 accord\u00e9e aux politiques essentielles\u201d.<\/p>\n\n\n\n<p>Selon lui, la loi de finances 2026 repose sur plusieurs \u201cexigences structurantes\u201d, dont la&nbsp;ma\u00eetrise de la d\u00e9pense publique, l\u2019encadrement de l\u2019endettement pour pr\u00e9server la soutenabilit\u00e9 financi\u00e8re et le financement des priorit\u00e9s nationales d\u00e9finies par le nouveau r\u00e9f\u00e9rentiel des politiques publiques.<\/p>\n\n\n\n<p>Bassirou Sarr a \u00e9galement cit\u00e9 comme exigence la n\u00e9cessit\u00e9 d\u2019am\u00e9liorer la sinc\u00e9rit\u00e9, la tra\u00e7abilit\u00e9 et la qualit\u00e9 de la d\u00e9pense et de poursuivre l\u2019apurement des arri\u00e9r\u00e9s pour renforcer la confiance des acteurs \u00e9conomiques.<\/p>\n\n\n\n<p>L\u2019atelier destin\u00e9 au lancement de la gestion budg\u00e9taire, organis\u00e9e tous les ans en d\u00e9but d\u2019exercice, r\u00e9unit l\u2019ensemble des acteurs intervenant dans la cha\u00eene de gestion des d\u00e9penses publiques.<\/p>\n\n\n\n<p>\u201cCet exercice annuel constitue un moment privil\u00e9gi\u00e9 d\u2019alignement, mais \u00e9galement d\u2019\u00e9valuation. Il nous offre l\u2019opportunit\u00e9 de porter \u00e0 la fois un regard lucide sur l\u2019ex\u00e9cution de l\u2019exercice pr\u00e9c\u00e9dent, d\u2019en tirer les enseignements n\u00e9cessaires et de poser, collectivement, les bases d\u2019une ex\u00e9cution budg\u00e9taire conforme aux orientations d\u00e9finies par les plus hautes autorit\u00e9s pour l\u2019ann\u00e9e en cours\u201d, a expliqu\u00e9 M. Sarr.<\/p>\n\n\n\n<p>Il a rappel\u00e9 que l\u2019exercice budg\u00e9taire 2025 s\u2019\u00e9tait d\u00e9roul\u00e9 dans un environnement marqu\u00e9 par \u201cdes contraintes fortes et des incertitudes persistantes\u201d.<\/p>\n\n\n\n<p>\u201cCes conditions ont mis en \u00e9vidence des ajustements parfois difficiles mais n\u00e9cessaires, ainsi qu\u2019une exigence accrue de rigueur dans les choix financiers\u201d, a affirm\u00e9 le directeur de cabinet du ministre des Finances et du Budget.<\/p>\n\n\n\n<p>Massamba Dieng, directeur g\u00e9n\u00e9ral du Budget, a quant \u00e0 lui soulign\u00e9 la n\u00e9cessit\u00e9 de \u201ctirer les enseignements\u201d des contraintes et difficult\u00e9s rencontr\u00e9es au courant de la gestion de 2025.<\/p>\n\n\n\n<p>\u201cLes limites, c\u2019est surtout en termes de c\u00e9l\u00e9rit\u00e9, il faut qu\u2019on acc\u00e9l\u00e8re un peu le processus de mobilisation et d\u2019ex\u00e9cution de ces d\u00e9penses. Et aujourd\u2019hui, nous avons essay\u00e9 de prendre les mesures n\u00e9cessaires en termes de traitement des d\u00e9lais au niveau de la Direction du contr\u00f4le budg\u00e9taire, de telle sorte que les dossiers qui arrivent soient trait\u00e9s dans les meilleurs d\u00e9lais\u201d, a renseign\u00e9 M. Dieng.<\/p>\n\n\n\n<p>Il faut toutefois que \u201cles dossiers soient de tr\u00e8s bonne qualit\u00e9\u201d et ne \u201csouffrent d\u2019aucune irr\u00e9gularit\u00e9\u201d, au risque d\u2019entra\u00eener \u201cdes lenteurs\u201d dans l\u2019ex\u00e9cution des d\u00e9penses.<\/p>\n\n\n\n<p>\u201cL\u2019autre innovation de taille que nous avons introduite dans la Loi de finances initiale 2026, c\u2019est le reclassement des d\u00e9penses de fonctionnement, notamment les acquisitions de biens et services, les transferts courants en acquisitions de biens et services, et le reclassement des transferts en capital en investissements ex\u00e9cut\u00e9s par l\u2019\u00c9tat\u201d, a signal\u00e9 Massamba Dieng.<\/p>\n\n\n\n<p>MFD\/HB\/BK<\/p>\n","protected":false},"excerpt":{"rendered":"<p>Dakar, (APS) \u2013 Le budget de l\u2019Etat pour l\u2019exercice 2026 s\u2019inscrit dans la continuit\u00e9 d\u2019une dynamique de redressement et de<\/p>\n","protected":false},"author":1,"featured_media":67010,"comment_status":"open","ping_status":"open","sticky":false,"template":"","format":"standard","meta":{"footnotes":""},"categories":[3],"tags":[],"class_list":["post-67009","post","type-post","status-publish","format-standard","has-post-thumbnail","hentry","category-event-more-news"],"_links":{"self":[{"href":"https:\/\/dekkbi.com\/index.php?rest_route=\/wp\/v2\/posts\/67009","targetHints":{"allow":["GET"]}}],"collection":[{"href":"https:\/\/dekkbi.com\/index.php?rest_route=\/wp\/v2\/posts"}],"about":[{"href":"https:\/\/dekkbi.com\/index.php?rest_route=\/wp\/v2\/types\/post"}],"author":[{"embeddable":true,"href":"https:\/\/dekkbi.com\/index.php?rest_route=\/wp\/v2\/users\/1"}],"replies":[{"embeddable":true,"href":"https:\/\/dekkbi.com\/index.php?rest_route=%2Fwp%2Fv2%2Fcomments&post=67009"}],"version-history":[{"count":1,"href":"https:\/\/dekkbi.com\/index.php?rest_route=\/wp\/v2\/posts\/67009\/revisions"}],"predecessor-version":[{"id":67011,"href":"https:\/\/dekkbi.com\/index.php?rest_route=\/wp\/v2\/posts\/67009\/revisions\/67011"}],"wp:featuredmedia":[{"embeddable":true,"href":"https:\/\/dekkbi.com\/index.php?rest_route=\/wp\/v2\/media\/67010"}],"wp:attachment":[{"href":"https:\/\/dekkbi.com\/index.php?rest_route=%2Fwp%2Fv2%2Fmedia&parent=67009"}],"wp:term":[{"taxonomy":"category","embeddable":true,"href":"https:\/\/dekkbi.com\/index.php?rest_route=%2Fwp%2Fv2%2Fcategories&post=67009"},{"taxonomy":"post_tag","embeddable":true,"href":"https:\/\/dekkbi.com\/index.php?rest_route=%2Fwp%2Fv2%2Ftags&post=67009"}],"curies":[{"name":"wp","href":"https:\/\/api.w.org\/{rel}","templated":true}]}}