{"id":67003,"date":"2026-01-23T09:50:35","date_gmt":"2026-01-23T09:50:35","guid":{"rendered":"https:\/\/dekkbi.com\/?p=67003"},"modified":"2026-01-23T09:50:35","modified_gmt":"2026-01-23T09:50:35","slug":"bassirou-diomaye-faye-reitere-son-engagement-pour-une-justice-moderne-et-performante","status":"publish","type":"post","link":"https:\/\/dekkbi.com\/?p=67003","title":{"rendered":"Bassirou Diomaye Faye r\u00e9it\u00e8re son engagement pour une justice moderne et performante"},"content":{"rendered":"\n<p>Dakar, (APS) \u2013 Le pr\u00e9sident de la R\u00e9publique, Bassirou Diomaye Faye, a r\u00e9it\u00e9r\u00e9 jeudi son engagement \u201dferme\u201d de mettre en place une justice moderne et performante, une perspective qui, dit-il, passe n\u00e9cessairement\u00a0par l\u2019appropriation des outils num\u00e9riques.<\/p>\n\n\n\n<p>\u201cJe r\u00e9it\u00e8re mon engagement ferme de mettre en place une justice moderne et performante qui passe n\u00e9cessairement par l\u2019appropriation de tous les outils du num\u00e9rique, non seulement par le juge, mais \u00e9galement par tous les acteurs de la justice\u201d, a-t-il d\u00e9clar\u00e9.<\/p>\n\n\n\n<p>Le chef de l\u2019Etat pr\u00e9sidait la c\u00e9r\u00e9monie de la rentr\u00e9e solennelle des cours et tribunaux portant sur le th\u00e8me \u201cLe juge face au d\u00e9fi du num\u00e9rique\u201d.<\/p>\n\n\n\n<p>Bassirou Diomaye Faye a insist\u00e9 sur l\u2019ambition de l\u2019\u00c9tat de garantir \u201cune justice num\u00e9rique souveraine, s\u00e9curis\u00e9e et inclusive, dans laquelle l\u2019innovation technologique constitue un levier d\u2019am\u00e9lioration de l\u2019accessibilit\u00e9, de l\u2019\u00e9quit\u00e9 et de l\u2019efficacit\u00e9 de syst\u00e8me judiciaire\u201d.<\/p>\n\n\n\n<p>Il consid\u00e8re que le num\u00e9rique est un outil capable de \u201cjuguler durablement\u201d les d\u00e9fis auxquels les juges se trouvent confront\u00e9s, en termes de ma\u00eetrise du temps, pour rendre leur d\u00e9cision dans des d\u00e9lais raisonnables.<\/p>\n\n\n\n<p>A l\u2019en croire, tous les \u00c9tats, institutions ainsi que leurs administrations qui refusent de s\u2019adapter au num\u00e9rique \u201cseront laiss\u00e9s in\u00e9luctablement en rade et risquent par cons\u00e9quent d\u2019\u00eatre rapidement submerg\u00e9s et d\u00e9pass\u00e9s\u201d.<\/p>\n\n\n\n<p>\u201cL\u2019ambition de l\u2019\u00c9tat est de garantir une justice num\u00e9rique souveraine, s\u00e9curis\u00e9e et inclusive, dans laquelle l\u2019innovation technologique constitue un levier d\u2019am\u00e9lioration de l\u2019accessibilit\u00e9, de l\u2019\u00e9quit\u00e9 et de l\u2019efficacit\u00e9 de syst\u00e8me judiciaire\u201d, a-t-il insist\u00e9.<\/p>\n\n\n\n<p>Le pr\u00e9sident Faye a assur\u00e9 que le num\u00e9rique et l\u2019intelligence artificielle, loin de pouvoir \u201cporter atteinte \u00e0 l\u2019ind\u00e9pendance et \u00e0 l\u2019impartialit\u00e9 de la justice\u201d, \u201cdoivent au contraire en \u00eatre les garants et les producteurs\u201d.<\/p>\n\n\n\n<p>\u201cLe num\u00e9rique repr\u00e9sente donc \u00e0 la fois un d\u00e9fi majeur et une opportunit\u00e9 historique pour le juge\u201d, a relev\u00e9 le chef de l\u2019Etat, selon lequel le minist\u00e8re de la Justice s\u2019inscrit dans \u201cune dynamique de modernisation ma\u00eetris\u00e9e, pla\u00e7ant le juge au c\u0153ur de la transformation, tout en pr\u00e9servant l\u2019essence, la noblesse et l\u2019autorit\u00e9 de la fonction juridictionnelle\u201d.<\/p>\n\n\n\n<p>Il a conc\u00e9d\u00e9 que l\u2019usage du num\u00e9rique par le juge va impliquer \u201ccertainement une r\u00e9forme de plusieurs de nos textes\u201d, avant d\u2019arriver \u00e0 des innovations telles que \u201cl\u2019assignation par voie \u00e9lectronique, la signature \u00e9lectronique, les citations par voie \u00e9lectronique, la d\u00e9mat\u00e9rialisation int\u00e9grale de certaines proc\u00e9dures pour la consultation et la d\u00e9livrance de certains actes juridictionnels\u201d.<\/p>\n\n\n\n<p>Les interrogatoires et les confrontations \u00e0 distance et le tribunal virtuel font aussi partie de ces r\u00e9formes envisag\u00e9es, a signal\u00e9 Bassirou Diomaye Faye, avant de souligner \u201cl\u2019urgence d\u2019acc\u00e9l\u00e9rer la mise en \u0153uvre du sch\u00e9ma directeur de l\u2019usage du num\u00e9rique dans la justice pour bien prendre en compte tous les facteurs \u00e0 travers une connectivit\u00e9 s\u00e9curis\u00e9e et continue, avec des machines adapt\u00e9es et s\u00e9curis\u00e9es\u201d.<\/p>\n\n\n\n<p>M. Faye a pr\u00e9conis\u00e9, dans le m\u00eame esprit, l\u2019adaptation des curricula de formation, la r\u00e9vision des r\u00e9f\u00e9rentiels \u00e9thiques et d\u00e9ontologiques, le renforcement de la culture de la s\u00e9curit\u00e9 num\u00e9rique et l\u2019appropriation des outils technologiques.<\/p>\n\n\n\n<p>Il s\u2019agit, en d\u00e9finitive, de \u201cb\u00e2tir une justice moderne, robuste et proactive, capable de contenir, d\u2019anticiper et de juguler les risques inh\u00e9rents aux technologies de l\u2019information et de la communication\u201d, a conclu le chef de l\u2019Etat.<\/p>\n\n\n\n<p>CS\/BK\/OID<\/p>\n","protected":false},"excerpt":{"rendered":"<p>Dakar, (APS) \u2013 Le pr\u00e9sident de la R\u00e9publique, Bassirou Diomaye Faye, a r\u00e9it\u00e9r\u00e9 jeudi son engagement \u201dferme\u201d de mettre en<\/p>\n","protected":false},"author":1,"featured_media":67004,"comment_status":"open","ping_status":"open","sticky":false,"template":"","format":"standard","meta":{"footnotes":""},"categories":[6],"tags":[],"class_list":["post-67003","post","type-post","status-publish","format-standard","has-post-thumbnail","hentry","category-politics"],"_links":{"self":[{"href":"https:\/\/dekkbi.com\/index.php?rest_route=\/wp\/v2\/posts\/67003","targetHints":{"allow":["GET"]}}],"collection":[{"href":"https:\/\/dekkbi.com\/index.php?rest_route=\/wp\/v2\/posts"}],"about":[{"href":"https:\/\/dekkbi.com\/index.php?rest_route=\/wp\/v2\/types\/post"}],"author":[{"embeddable":true,"href":"https:\/\/dekkbi.com\/index.php?rest_route=\/wp\/v2\/users\/1"}],"replies":[{"embeddable":true,"href":"https:\/\/dekkbi.com\/index.php?rest_route=%2Fwp%2Fv2%2Fcomments&post=67003"}],"version-history":[{"count":1,"href":"https:\/\/dekkbi.com\/index.php?rest_route=\/wp\/v2\/posts\/67003\/revisions"}],"predecessor-version":[{"id":67005,"href":"https:\/\/dekkbi.com\/index.php?rest_route=\/wp\/v2\/posts\/67003\/revisions\/67005"}],"wp:featuredmedia":[{"embeddable":true,"href":"https:\/\/dekkbi.com\/index.php?rest_route=\/wp\/v2\/media\/67004"}],"wp:attachment":[{"href":"https:\/\/dekkbi.com\/index.php?rest_route=%2Fwp%2Fv2%2Fmedia&parent=67003"}],"wp:term":[{"taxonomy":"category","embeddable":true,"href":"https:\/\/dekkbi.com\/index.php?rest_route=%2Fwp%2Fv2%2Fcategories&post=67003"},{"taxonomy":"post_tag","embeddable":true,"href":"https:\/\/dekkbi.com\/index.php?rest_route=%2Fwp%2Fv2%2Ftags&post=67003"}],"curies":[{"name":"wp","href":"https:\/\/api.w.org\/{rel}","templated":true}]}}