{"id":67000,"date":"2026-01-23T09:46:55","date_gmt":"2026-01-23T09:46:55","guid":{"rendered":"https:\/\/dekkbi.com\/?p=67000"},"modified":"2026-01-23T09:46:56","modified_gmt":"2026-01-23T09:46:56","slug":"saint-louis-des-eleves-a-lecole-du-civisme-et-de-la-protection-sociale","status":"publish","type":"post","link":"https:\/\/dekkbi.com\/?p=67000","title":{"rendered":"Saint-Louis: Des \u00e9l\u00e8ves \u00e0 l\u2019\u00e9cole du civisme et de la protection sociale"},"content":{"rendered":"\n<p><strong>En pr\u00e9lude \u00e0 la Journ\u00e9e internationale des Douanes, le 26 janvier, la direction r\u00e9gionale des Douanes du Nord a organis\u00e9, hier, une c\u00e9r\u00e9monie de lev\u00e9e des couleurs au lyc\u00e9e Cheikh Oumar Foutiyou Tall, ex-lyc\u00e9e Faidherbe. L\u2019initiative, suivie d\u2019une le\u00e7on p\u00e9dagogique sur les missions de la Douane, a \u00e9t\u00e9 salu\u00e9e par les autorit\u00e9s \u00e9ducatives comme un mod\u00e8le de collaboration \u00e0 \u00e9tendre \u00e0 d\u2019autres \u00e9tablissements.<\/strong><\/p>\n\n\n\n<p>SAINT-LOUIS- La cour du lyc\u00e9e Cheikh Oumar Foutiyou Tall de Saint-Louis a servi de cadre, jeudi, \u00e0 une c\u00e9r\u00e9monie solennelle de lev\u00e9e des couleurs organis\u00e9e par la direction r\u00e9gionale des Douanes du Nord. Cette activit\u00e9 citoyenne est tenue en pr\u00e9lude \u00e0 la Journ\u00e9e internationale des Douanes, c\u00e9l\u00e9br\u00e9e chaque 26 janvier. Cette ann\u00e9e, l\u2019\u00e9v\u00e9nement a pour th\u00e8me : \u00ab Une Douane qui prot\u00e8ge la soci\u00e9t\u00e9 par sa vigilance et son engagement \u00bb.<\/p>\n\n\n\n<p>Pr\u00e9sid\u00e9e par le Colonel Ahmadou Thioye, inspecteur principal des Douanes de classe exceptionnelle et directeur r\u00e9gional des Douanes du Nord, la c\u00e9r\u00e9monie a permis de communier avec les \u00e9l\u00e8ves autour du drapeau national, symbole de l\u2019unit\u00e9 et de la R\u00e9publique. \u00ab Nous avons jug\u00e9 n\u00e9cessaire de rencontrer le milieu scolaire pour partager avec les \u00e9l\u00e8ves les valeurs de citoyennet\u00e9 et le r\u00f4le strat\u00e9gique de l\u2019administration douani\u00e8re \u00bb, a expliqu\u00e9 le Colonel Thioye. Au-del\u00e0 du c\u00e9r\u00e9monial, la rencontre s\u2019est poursuivie par une le\u00e7on p\u00e9dagogique sur l\u2019organisation et les missions de la Douane.<\/p>\n\n\n\n<p>Les \u00e9l\u00e8ves ont ainsi \u00e9t\u00e9 sensibilis\u00e9s aux trois grandes missions de l\u2019administration douani\u00e8re comme la mobilisation des ressources fiscales pour le budget de l\u2019\u00c9tat, la protection de l\u2019\u00e9conomie nationale contre la fraude, la contrebande et la mission s\u00e9curitaire, ax\u00e9e sur la lutte contre les trafics transnationaux, la criminalit\u00e9 organis\u00e9e, les m\u00e9dicaments illicites, les armes et la migration irr\u00e9guli\u00e8re. \u00ab Les \u00e9l\u00e8ves constituent d\u2019excellents leviers pour toucher les populations.<\/p>\n\n\n\n<p>Gr\u00e2ce \u00e0 eux, nous appelons \u00e0 une collaboration active avec la Douane et les Forces de d\u00e9fense et de s\u00e9curit\u00e9 (Fds) pour renforcer la protection de notre soci\u00e9t\u00e9 \u00bb, a soulign\u00e9 le directeur r\u00e9gional des Douanes du Nord. L\u2019initiative a \u00e9t\u00e9 fortement appr\u00e9ci\u00e9e par les autorit\u00e9s \u00e9ducatives. Mafall Der, secr\u00e9taire g\u00e9n\u00e9ral de l\u2019inspection d\u2019acad\u00e9mie (Ia) de Saint-Louis, repr\u00e9sentant l\u2019inspecteur d\u2019acad\u00e9mie, estime qu\u2019elle rev\u00eat un sens particulier. \u00ab Cette rencontre est hautement symbolique. Elle met en relation le minist\u00e8re des Finances et du Budget, \u00e0 travers la Douane et le syst\u00e8me \u00e9ducatif. Les \u00e9l\u00e8ves ont mieux compris ce qu\u2019est cette institution, ses missions et son r\u00f4le dans la protection de notre soci\u00e9t\u00e9 et de notre \u00e9conomie \u00bb, a d\u00e9clar\u00e9 M. Der. Selon lui, l\u2019enthousiasme et l\u2019int\u00e9r\u00eat manifest\u00e9s par les \u00e9l\u00e8ves t\u00e9moignent de la pertinence de cette approche.<\/p>\n\n\n\n<p>\u00ab Si c\u2019\u00e9tait \u00e0 refaire, nous solliciterions encore la Douane pour d\u2019autres \u00e9tablissements afin que tous les \u00e9l\u00e8ves de l\u2019acad\u00e9mie puissent s\u2019approprier ses missions et contribuer, par la coop\u00e9ration citoyenne, au d\u00e9veloppement d\u2019un pays mieux prot\u00e9g\u00e9 \u00bb, a-t-il ajout\u00e9. \u00ab \u00c0 travers cette initiative, la direction r\u00e9gionale des Douanes du Nord entend ainsi renforcer son ancrage citoyen et confirmer sa volont\u00e9 de rapprocher l\u2019administration des populations, en particulier de la jeunesse, consid\u00e9r\u00e9e comme un acteur cl\u00e9 de la protection de la soci\u00e9t\u00e9 et de l\u2019\u00e9conomie nationales \u00bb, a fait savoir le Colonel Thioye.<\/p>\n\n\n\n<p><strong>Jeanne SAGNA (Correspondante)<\/strong><\/p>\n","protected":false},"excerpt":{"rendered":"<p>En pr\u00e9lude \u00e0 la Journ\u00e9e internationale des Douanes, le 26 janvier, la direction r\u00e9gionale des Douanes du Nord a organis\u00e9,<\/p>\n","protected":false},"author":1,"featured_media":67001,"comment_status":"open","ping_status":"open","sticky":false,"template":"","format":"standard","meta":{"footnotes":""},"categories":[21],"tags":[],"class_list":["post-67000","post","type-post","status-publish","format-standard","has-post-thumbnail","hentry","category-societe"],"_links":{"self":[{"href":"https:\/\/dekkbi.com\/index.php?rest_route=\/wp\/v2\/posts\/67000","targetHints":{"allow":["GET"]}}],"collection":[{"href":"https:\/\/dekkbi.com\/index.php?rest_route=\/wp\/v2\/posts"}],"about":[{"href":"https:\/\/dekkbi.com\/index.php?rest_route=\/wp\/v2\/types\/post"}],"author":[{"embeddable":true,"href":"https:\/\/dekkbi.com\/index.php?rest_route=\/wp\/v2\/users\/1"}],"replies":[{"embeddable":true,"href":"https:\/\/dekkbi.com\/index.php?rest_route=%2Fwp%2Fv2%2Fcomments&post=67000"}],"version-history":[{"count":1,"href":"https:\/\/dekkbi.com\/index.php?rest_route=\/wp\/v2\/posts\/67000\/revisions"}],"predecessor-version":[{"id":67002,"href":"https:\/\/dekkbi.com\/index.php?rest_route=\/wp\/v2\/posts\/67000\/revisions\/67002"}],"wp:featuredmedia":[{"embeddable":true,"href":"https:\/\/dekkbi.com\/index.php?rest_route=\/wp\/v2\/media\/67001"}],"wp:attachment":[{"href":"https:\/\/dekkbi.com\/index.php?rest_route=%2Fwp%2Fv2%2Fmedia&parent=67000"}],"wp:term":[{"taxonomy":"category","embeddable":true,"href":"https:\/\/dekkbi.com\/index.php?rest_route=%2Fwp%2Fv2%2Fcategories&post=67000"},{"taxonomy":"post_tag","embeddable":true,"href":"https:\/\/dekkbi.com\/index.php?rest_route=%2Fwp%2Fv2%2Ftags&post=67000"}],"curies":[{"name":"wp","href":"https:\/\/api.w.org\/{rel}","templated":true}]}}