{"id":66992,"date":"2026-01-23T09:37:31","date_gmt":"2026-01-23T09:37:31","guid":{"rendered":"https:\/\/dekkbi.com\/?p=66992"},"modified":"2026-01-23T09:37:32","modified_gmt":"2026-01-23T09:37:32","slug":"mohammed-vi-la-fraternite-interafricaine-reprendra-naturellement","status":"publish","type":"post","link":"https:\/\/dekkbi.com\/?p=66992","title":{"rendered":"Mohammed VI : \u201cLa fraternit\u00e9 interafricaine reprendra naturellement\u201d"},"content":{"rendered":"\n<p>Le roi du Maroc, Mohammed VI, a exprim\u00e9 sa conviction que les tensions observ\u00e9es \u00e0 l\u2019issue de la finale de la Coupe d\u2019Afrique des Nations (CAN) 2025 ne sauraient alt\u00e9rer durablement les relations entre les peuples africains, affirmant que \u00ab la fraternit\u00e9 interafricaine reprendra naturellement \u00bb.<br>\u00ab Ces moments d\u2019\u00e9motion et de passion sportive finiront par s\u2019estomper pour laisser place aux liens profonds de fraternit\u00e9 et de solidarit\u00e9 qui unissent les peuples africains \u00bb, a d\u00e9clar\u00e9 le souverain marocain dans un message rendu public jeudi.<br>Mohammed VI a qualifi\u00e9 les incidents survenus lors de la finale opposant le Maroc au S\u00e9n\u00e9gal de \u00ab regrettables \u00bb, tout en soulignant qu\u2019ils \u00ab ne refl\u00e8tent ni l\u2019esprit du peuple marocain ni les valeurs de l\u2019Afrique \u00bb. Selon lui, \u00ab le sport doit demeurer un espace de rapprochement, de respect et de d\u00e9passement de soi \u00bb.<br>Le roi a par ailleurs salu\u00e9 la r\u00e9ussite de l\u2019organisation de la CAN 2025 par le Maroc, estimant qu\u2019il s\u2019agit \u00ab d\u2019un succ\u00e8s collectif pour l\u2019ensemble du continent africain \u00bb. Il a r\u00e9affirm\u00e9 l\u2019engagement du Royaume \u00e0 \u0153uvrer en faveur de \u00ab l\u2019unit\u00e9 africaine, de la coop\u00e9ration et du raffermissement des liens entre les nations \u00bb.<br>\u00ab L\u2019Afrique est forte de sa diversit\u00e9 et de sa fraternit\u00e9. Rien ne saurait remettre en cause cette r\u00e9alit\u00e9 \u00bb, a-t-il conclu.<\/p>\n\n\n\n<p><strong>Salla GUEYE<\/strong><br>LESOLEIL<\/p>\n","protected":false},"excerpt":{"rendered":"<p>Le roi du Maroc, Mohammed VI, a exprim\u00e9 sa conviction que les tensions observ\u00e9es \u00e0 l\u2019issue de la finale de<\/p>\n","protected":false},"author":1,"featured_media":66993,"comment_status":"open","ping_status":"open","sticky":false,"template":"","format":"standard","meta":{"footnotes":""},"categories":[6],"tags":[],"class_list":["post-66992","post","type-post","status-publish","format-standard","has-post-thumbnail","hentry","category-politics"],"_links":{"self":[{"href":"https:\/\/dekkbi.com\/index.php?rest_route=\/wp\/v2\/posts\/66992","targetHints":{"allow":["GET"]}}],"collection":[{"href":"https:\/\/dekkbi.com\/index.php?rest_route=\/wp\/v2\/posts"}],"about":[{"href":"https:\/\/dekkbi.com\/index.php?rest_route=\/wp\/v2\/types\/post"}],"author":[{"embeddable":true,"href":"https:\/\/dekkbi.com\/index.php?rest_route=\/wp\/v2\/users\/1"}],"replies":[{"embeddable":true,"href":"https:\/\/dekkbi.com\/index.php?rest_route=%2Fwp%2Fv2%2Fcomments&post=66992"}],"version-history":[{"count":1,"href":"https:\/\/dekkbi.com\/index.php?rest_route=\/wp\/v2\/posts\/66992\/revisions"}],"predecessor-version":[{"id":66994,"href":"https:\/\/dekkbi.com\/index.php?rest_route=\/wp\/v2\/posts\/66992\/revisions\/66994"}],"wp:featuredmedia":[{"embeddable":true,"href":"https:\/\/dekkbi.com\/index.php?rest_route=\/wp\/v2\/media\/66993"}],"wp:attachment":[{"href":"https:\/\/dekkbi.com\/index.php?rest_route=%2Fwp%2Fv2%2Fmedia&parent=66992"}],"wp:term":[{"taxonomy":"category","embeddable":true,"href":"https:\/\/dekkbi.com\/index.php?rest_route=%2Fwp%2Fv2%2Fcategories&post=66992"},{"taxonomy":"post_tag","embeddable":true,"href":"https:\/\/dekkbi.com\/index.php?rest_route=%2Fwp%2Fv2%2Ftags&post=66992"}],"curies":[{"name":"wp","href":"https:\/\/api.w.org\/{rel}","templated":true}]}}