{"id":66987,"date":"2026-01-23T09:18:34","date_gmt":"2026-01-23T09:18:34","guid":{"rendered":"https:\/\/dekkbi.com\/?p=66987"},"modified":"2026-01-23T09:18:35","modified_gmt":"2026-01-23T09:18:35","slug":"au-dela-du-terrain-la-can-2025-et-la-guerre-de-limage-contre-le-maroc","status":"publish","type":"post","link":"https:\/\/dekkbi.com\/?p=66987","title":{"rendered":"Au-del\u00e0 du terrain, la CAN 2025 et la guerre de l\u2019image contre le Maroc"},"content":{"rendered":"\n<p><strong>L\u2019annonce de l\u2019organisation de la Coupe d\u2019Afrique des Nations par le Maroc a cr\u00e9\u00e9 des tensions et r\u00e9veill\u00e9 la ranc\u0153ur de plusieurs nations, et pas seulement africaines. Cette messe du football africain, la meilleure jamais organis\u00e9e a \u00e9t\u00e9 teint\u00e9e de critiques avant m\u00eame qu\u2019elle n\u2019ait commenc\u00e9 et interroge, aujourd\u2019hui, la gestion de la communication de ce tournoi<\/strong>.<a href=\"https:\/\/account.microsoft.com\/privacy\/ad-settings\" target=\"_blank\" rel=\"noreferrer noopener\"><\/a><\/p>\n\n\n\n<p>Une grande partie de la CAN 2025 s\u2019est jou\u00e9e en ligne sur les r\u00e9seaux sociaux. Elle a d\u00e9montr\u00e9 plusieurs \u00e9l\u00e9ments \u00e0 prendre en compte pour la politique int\u00e9rieure et ext\u00e9rieure du pays.<\/p>\n\n\n\n<p>Les le\u00e7ons \u00e0 tirer sont nombreuses et concernent plusieurs d\u00e9partements strat\u00e9giques du pays. Le Maroc a brill\u00e9 par son organisation d\u2019une qualit\u00e9 exceptionnelle. Il a livr\u00e9 sans conteste, la meilleure CAN de tous les temps. Le pays a tellement relev\u00e9 le niveau que les critiques ont d\u00e9pass\u00e9 l\u2019entendement, entre critique des h\u00f4tels les qualifiant d\u2019auberges, de la distance entre l\u2019h\u00f4tel et le centre d\u2019entrainement, de la pr\u00e9sence de moustiques (en hiver!!) ou encore de la pluie.<\/p>\n\n\n\n<p>Des critiques invraisemblables lorsqu\u2019on sait que les \u00e9quipes ont \u00e9t\u00e9 re\u00e7ues dans des h\u00f4tels de luxe et \u00e0 minima 5 \u00e9toiles ou des chaines internationales, que des stades ont \u00e9t\u00e9 construits ou refaits \u00e0 neuf pour cette CAN, quand dans les \u00e9ditions pr\u00e9c\u00e9dentes, les joueurs s\u00e9journaient dans des conditions des moins confortables, devaient effectuer des kilom\u00e8tres pour atteindre les centres d\u2019entrainements, prenaient des \u00ab\u00a0ice baths\u00a0\u00bb dans des tonneaux en plastiques sans oser dire un mot, et aujourd\u2019hui se permettent \u00e0 critiquer tout et n\u2019importe quoi sans logique aucune.<a href=\"https:\/\/account.microsoft.com\/privacy\/ad-settings\" target=\"_blank\" rel=\"noreferrer noopener\"><\/a><\/p>\n\n\n\n<p>Le Maroc a \u00e9t\u00e9 condamn\u00e9 par les r\u00e9seaux bien avant le d\u00e9but de cette CAN, il a \u00e9t\u00e9 cibl\u00e9 et identifi\u00e9 comme l\u2019homme \u00e0 abattre et pour cela, la propagande de pays comme l\u2019Alg\u00e9rie qui avait candidat\u00e9 pour organiser cette CAN et ne l\u2019a pas eue, a fait un travail \u00ab&nbsp;<em>remarquable<\/em>\u00ab&nbsp;.<\/p>\n\n\n\n<p>Cette CAN a aussi d\u00e9voil\u00e9 la quantit\u00e9 de haine dont fait l\u2019objet le Maroc et, le racisme envers ce pays qui ne voit pas assez \u00ab&nbsp;noir&nbsp;\u00bb pour \u00eatre africain pour beaucoup de Nations africaines, tout en \u00e9tant trop \u00ab&nbsp;africain&nbsp;\u00bb pour \u00eatre arabe pour certains citoyens des pays du Moyen-Orient.<\/p>\n\n\n\n<p>Un pays qui d\u00e9range par son succ\u00e8s, un pays mal aim\u00e9 car connu des \u00e9lites mais pas assez des populations africaines notamment anglophones, victime de pr\u00e9jug\u00e9s et de st\u00e9r\u00e9otypes, et surtout victime d\u2019un discours raciste.\u00a0<em>\u00ab\u00a0Comment r\u00e9ussir quand tout un continent est contre toi ?\u00a0\u00bb,<\/em>\u00a0a r\u00e9sum\u00e9 l\u2019ancien entraineur Ars\u00e8ne Wenger.<a href=\"https:\/\/account.microsoft.com\/privacy\/ad-settings\" target=\"_blank\" rel=\"noreferrer noopener\"><\/a><\/p>\n\n\n\n<p>Sur les r\u00e9seaux, nombreux sont les influenceurs marocains habitu\u00e9s \u00e0 recevoir opportunit\u00e9s, partenariats pay\u00e9s et \u00e0 \u00eatre avantag\u00e9s par le d\u00e9partement de la Communication, les substituant m\u00eame aux journalistes dans certains \u00e9v\u00e9nements, qui ont brill\u00e9 par leur silence face au flot d\u2019insultes et contenus agressifs contre le Maroc. Cette CAN a montr\u00e9 que le pari port\u00e9 sur ces audiences est un faux calcul parce que finalement, ce sont les contenus authentiques et d\u00e9sint\u00e9ress\u00e9s, ceux des patriotes, qui ont perc\u00e9.<\/p>\n\n\n\n<p>La CAN ne se joue pas que sur le terrain mais c\u2019est une machine de communication aussi. Ramener des influenceurs \u00e9trangers pour faire la promotion de la comp\u00e9tition et donner une belle image du Maroc pour le tourisme, c\u2019est bien beau, mais qu\u2019en est-il des Marocains habitu\u00e9s aux invitations? A l\u2019exception des vrais amoureux du football marocain et des vrais patriotes qui ont pay\u00e9 de leur propre poche pour assister aux matchs, le reste attendait comme \u00e0 son habitude dans un coin des invitations ou des cachets, et ceux \u00e0 qui on a confi\u00e9 la mission \u00e0 proprement dit, n\u2019ont pas \u00e9t\u00e9 vus, ou attendaient \u00ab&nbsp;Speed&nbsp;\u00bb pour cr\u00e9er du contenu autour de lui.<\/p>\n\n\n\n<p>Dans un \u00e9v\u00e9nement de cette envergure, la bataille devait se livrer aussi sur les r\u00e9seaux pour r\u00e9pondre aux attaques, par des contenus, des commentaires, des r\u00e9actions, mais pas par int\u00e9r\u00eat. C\u2019est dans ce genre d\u2019\u00e9v\u00e9nement qu\u2019on attend de voir du patriotisme, et cela exige un haut niveau de responsabilit\u00e9 et de compr\u00e9hension des enjeux.<\/p>\n\n\n\n<p>La surprise dans cette CAN des r\u00e9seaux n\u2019a pas \u00e9t\u00e9 les personnalit\u00e9s marocaines du web, mais les Africains r\u00e9sidant au Maroc qui se sont r\u00e9v\u00e9l\u00e9s \u00eatre les meilleurs ambassadeurs du Royaume qui les a accueillis. En r\u00e9pondant \u00e0 toutes les accusations par leur propre exp\u00e9rience, en d\u00e9fendant le pays o\u00f9 ils \u00e9tudient, travaillent, et vivent, ils ont d\u00e9fendu le Maroc d\u2019une mani\u00e8re exceptionnelle.<\/p>\n\n\n\n<p>Ils \u00e9taient aux devants de la sc\u00e8ne, \u00e0 poster vid\u00e9o apr\u00e8s vid\u00e9o, pas par complaisance ou quelconque int\u00e9r\u00eat, mais pour r\u00e9tablir la v\u00e9rit\u00e9 du vrai Maroc, ce pays accueillant, g\u00e9n\u00e9raux, souriant, amical, m\u00eame familial. Ce pays qui aime les \u00e9trangers et les traite en amis.<\/p>\n\n\n\n<p>La communication n\u2019est pas faite uniquement de selfies et de contenu dr\u00f4le, elle ne n\u00e9cessite pas des moyens \u00e9normes, mais une intelligence collective, une strat\u00e9gie cadr\u00e9e et un suivi. Le nombre importe peu tant que la qualit\u00e9 des arguments est l\u00e0, les r\u00e9ponses sont l\u00e0.<\/p>\n\n\n\n<p>Cet \u00e9v\u00e9nement a montr\u00e9 que la r\u00e9ussite au niveau de l\u2019organisation n\u2019\u00e9tait pas tout, mais qu\u2019il fallait instaurer \u00e9galement une strat\u00e9gie plus pouss\u00e9e pour contrer les fake news, combattre la calomnie. Une strat\u00e9gie m\u00e9diatique et de communication pour faire taire les mauvaises langues comme celle d\u2019un certain commentateur sportif alg\u00e9rien, et r\u00e9pondre par la grandeur des efforts fournis par le Maroc.<\/p>\n\n\n\n<p>Le Royaume a devant lui plusieurs leviers pour soigner son image de marque suite \u00e0 cet \u00e9v\u00e9nement qui a fait tomber les masques. Le pays doit entre autres, comprendre et trouver des solutions au racisme de certaines populations africaines envers le Maroc qu\u2019elles ne consid\u00e8rent pas comme africain, les id\u00e9es re\u00e7ues sur un pr\u00e9tendu racisme ambiant au Maroc, investir les espaces num\u00e9riques de fa\u00e7on organique, identifier et r\u00e9pondre aux fauteurs de troubles parmi les simples citoyens, les parties \u00e9trang\u00e8res et m\u00e9dias \u00e9trangers qui suivent des agendas, et qui s\u2019en sont donn\u00e9 \u00e0 c\u0153ur joie apr\u00e8s la d\u00e9faite du Maroc pour tenter de saper tout le travail r\u00e9alis\u00e9.<\/p>\n\n\n\n<p>The post\u00a0Au-del\u00e0 du terrain, la CAN 2025 et la guerre de l\u2019image contre le Maroc\u00a0appeared first on\u00a0Hespress Fran\u00e7ais &#8211; Actualit\u00e9s du Maroc.<\/p>\n","protected":false},"excerpt":{"rendered":"<p>L\u2019annonce de l\u2019organisation de la Coupe d\u2019Afrique des Nations par le Maroc a cr\u00e9\u00e9 des tensions et r\u00e9veill\u00e9 la ranc\u0153ur<\/p>\n","protected":false},"author":1,"featured_media":66988,"comment_status":"open","ping_status":"open","sticky":false,"template":"","format":"standard","meta":{"footnotes":""},"categories":[9],"tags":[],"class_list":["post-66987","post","type-post","status-publish","format-standard","has-post-thumbnail","hentry","category-sports"],"_links":{"self":[{"href":"https:\/\/dekkbi.com\/index.php?rest_route=\/wp\/v2\/posts\/66987","targetHints":{"allow":["GET"]}}],"collection":[{"href":"https:\/\/dekkbi.com\/index.php?rest_route=\/wp\/v2\/posts"}],"about":[{"href":"https:\/\/dekkbi.com\/index.php?rest_route=\/wp\/v2\/types\/post"}],"author":[{"embeddable":true,"href":"https:\/\/dekkbi.com\/index.php?rest_route=\/wp\/v2\/users\/1"}],"replies":[{"embeddable":true,"href":"https:\/\/dekkbi.com\/index.php?rest_route=%2Fwp%2Fv2%2Fcomments&post=66987"}],"version-history":[{"count":1,"href":"https:\/\/dekkbi.com\/index.php?rest_route=\/wp\/v2\/posts\/66987\/revisions"}],"predecessor-version":[{"id":66989,"href":"https:\/\/dekkbi.com\/index.php?rest_route=\/wp\/v2\/posts\/66987\/revisions\/66989"}],"wp:featuredmedia":[{"embeddable":true,"href":"https:\/\/dekkbi.com\/index.php?rest_route=\/wp\/v2\/media\/66988"}],"wp:attachment":[{"href":"https:\/\/dekkbi.com\/index.php?rest_route=%2Fwp%2Fv2%2Fmedia&parent=66987"}],"wp:term":[{"taxonomy":"category","embeddable":true,"href":"https:\/\/dekkbi.com\/index.php?rest_route=%2Fwp%2Fv2%2Fcategories&post=66987"},{"taxonomy":"post_tag","embeddable":true,"href":"https:\/\/dekkbi.com\/index.php?rest_route=%2Fwp%2Fv2%2Ftags&post=66987"}],"curies":[{"name":"wp","href":"https:\/\/api.w.org\/{rel}","templated":true}]}}