{"id":66985,"date":"2026-01-23T09:12:00","date_gmt":"2026-01-23T09:12:00","guid":{"rendered":"https:\/\/dekkbi.com\/?p=66985"},"modified":"2026-01-23T09:12:00","modified_gmt":"2026-01-23T09:12:00","slug":"violences-lors-de-la-finale-maroc-senegal-le-tribunal-rejette-les-demandes-de-liberte-provisoire","status":"publish","type":"post","link":"https:\/\/dekkbi.com\/?p=66985","title":{"rendered":"Violences lors de la finale Maroc-S\u00e9n\u00e9gal: le tribunal rejette les demandes de libert\u00e9 provisoire"},"content":{"rendered":"\n<p><strong>Le juge a refus\u00e9, jeudi, la lib\u00e9ration provisoire aux supporters s\u00e9n\u00e9galais et au citoyen alg\u00e9rien, interpell\u00e9s \u00e0 la suite des actes de hooliganisme commis au stade Prince Moulay Abdellah lors de la finale de la Coupe d\u2019Afrique des Nations de football 2025, lors de la seconde audience dans le cadre de cette affaire, qui s\u2019est tenue au tribunal de premi\u00e8re instance p\u00e9nale de Rabat. Voici les d\u00e9tails et les accusations dont ils font l\u2019objet.<\/strong><\/p>\n\n\n\n<p>Les ressortissants s\u00e9n\u00e9galais poursuivis dans cette affaire sont accus\u00e9s de \u00ab participation \u00e0 des actes de violence lors d\u2019une rencontre sportive, intrusion sur la pelouse d\u2019un stade pendant une rencontre sportive par usage de la force, d\u00e9gradation d\u2019\u00e9quipements sportifs lors d\u2019une rencontre sportive, violences \u00e0 l\u2019encontre des forces de l\u2019ordre, ainsi que jet volontaire d\u2019objets solides ayant caus\u00e9 des dommages \u00e0 autrui \u00bb.<\/p>\n\n\n\n<p>Quant au citoyen alg\u00e9rien, le parquet a d\u00e9cid\u00e9 de le poursuivre pour les d\u00e9lits de \u00ab participation \u00e0 des violences sportives lors d\u2019une rencontre sportive, d\u00e9gradation d\u2019\u00e9quipements sportifs lors d\u2019une rencontre sportive, violences \u00e0 l\u2019encontre des forces de l\u2019ordre, et jet volontaire de substances liquides ayant caus\u00e9 des dommages \u00e0 autrui lors d\u2019une rencontre sportive \u00bb.<\/p>\n\n\n\n<p>Le procureur du Roi pr\u00e8s le tribunal de premi\u00e8re instance de Rabat avait d\u00e9cid\u00e9, mercredi soir, de poursuivre les ressortissants s\u00e9n\u00e9galais et le citoyen alg\u00e9rien en \u00e9tat de d\u00e9tention, apr\u00e8s leur comparution devant le parquet, suite \u00e0 leur pr\u00e9sentation par la police judiciaire le m\u00eame jour, \u00e0 l\u2019issue de leur audition afin de d\u00e9terminer les charges retenues contre chacun d\u2019eux.<a href=\"https:\/\/account.microsoft.com\/privacy\/ad-settings\" target=\"_blank\" rel=\"noreferrer noopener\"><\/a><\/p>\n\n\n\n<p>Ces supporters s\u00e9n\u00e9galais, accompagn\u00e9s du citoyen de nationalit\u00e9 alg\u00e9rienne, au nombre total de 19 personnes, avaient \u00e9t\u00e9 interpell\u00e9s \u00e0 la suite des actes criminels survenus au stade Prince Moulay Abdellah \u00e0 Rabat lors du match Maroc\u2013S\u00e9n\u00e9gal dans la nuit du dimanche dernier.<\/p>\n\n\n\n<p>En d\u00e9but d\u2019audience ce jeudi, la formation du tribunal a interrog\u00e9 l\u2019ensemble des accus\u00e9s sur leur ma\u00eetrise de la langue arabe. La majorit\u00e9 d\u2019entre eux a indiqu\u00e9 ne ma\u00eetriser que le fran\u00e7ais, tandis que d\u2019autres ont affirm\u00e9 parler l\u2019une des langues locales s\u00e9n\u00e9galaises ou l\u2019espagnol, ce qui a n\u00e9cessit\u00e9 le recours \u00e0 un traducteur asserment\u00e9.<\/p>\n\n\n\n<p>Les avocats des accus\u00e9s ont tent\u00e9 de faire lib\u00e9rer provisoirement les personnes vis\u00e9es par les accusations, ce qui a \u00e9t\u00e9 refus\u00e9 par la Cour. Pour le cas des accus\u00e9s s\u00e9n\u00e9galais, la d\u00e9fense des accus\u00e9s a demand\u00e9 leur mise en libert\u00e9 provisoire pour plusieurs raisons, soulignant que l\u2019ambassade du S\u00e9n\u00e9gal faisait office d\u2019adresse pour les convoquer, en mentionnant les garanties juridiques pr\u00e9vues par la l\u00e9gislation marocaine dont b\u00e9n\u00e9ficient \u00e9galement les \u00e9trangers.<a href=\"https:\/\/account.microsoft.com\/privacy\/ad-settings\" target=\"_blank\" rel=\"noreferrer noopener\"><\/a><\/p>\n\n\n\n<p>L\u2019avocate du barreau de Rabat a propos\u00e9 d\u2019autres mesures alternatives, telles que \u00ab&nbsp;le versement d\u2019une caution financi\u00e8re, la confiscation des passeports et l\u2019interdiction de quitter le territoire&nbsp;\u00bb.<\/p>\n\n\n\n<p>Cette audience a \u00e9galement vu la pr\u00e9sence de l\u2019un des agents de s\u00e9curit\u00e9 du stade Prince Moulay Abdellah, agress\u00e9 et bless\u00e9 dimanche dernier.<\/p>\n\n\n\n<p>Le juge d\u2019instruction a report\u00e9 l\u2019audience dans quelques jours, cependant les avocats ont fait valoir qu\u2019ils seront en gr\u00e8ve ce jour-l\u00e0, \u00e0 cause du programme de mobilisation men\u00e9 par l\u2019Association des barreaux du Maroc contre le projet de loi encadrant la profession.<\/p>\n\n\n\n<p>De son c\u00f4t\u00e9, le citoyen Alg\u00e9rien qui poss\u00e8de aussi la nationalit\u00e9 fran\u00e7aise, et qui \u00e9tait parmi les \u00e9l\u00e9ments s\u00e9n\u00e9galais ayant saccag\u00e9 le stade et attaqu\u00e9 la s\u00e9curit\u00e9, aurait d\u00e9clar\u00e9 \u00eatre pr\u00e9sent avec son fr\u00e8re qui travaillerait pour l\u2019\u00e9quipe s\u00e9n\u00e9galaise de football. Deux membres de sa famille \u00e9taient pr\u00e9sents au proc\u00e8s.<\/p>\n\n\n\n<p>L\u2019avocat de l\u2019accus\u00e9 alg\u00e9rien, membre du barreau de Casablanca, a \u00e9galement demand\u00e9 la mise en libert\u00e9 provisoire de son client, pr\u00e9cisant que celui-ci \u00ab&nbsp;\u00e9tait venu pour soutenir son fr\u00e8re, qui occupe un poste au sein du staff technique de l\u2019\u00e9quipe nationale s\u00e9n\u00e9galaise de football&nbsp;\u00bb. Il a par ailleurs soulign\u00e9 que \u00ab&nbsp;l\u2019ambassade de France suit cette affaire&nbsp;\u00bb.<\/p>\n\n\n\n<p>Aucun d\u2019entre eux n\u2019a donn\u00e9 justifi\u00e9 ou ni\u00e9 les actes qui leur sont reproch\u00e9s. Les accusations dont les individus font l\u2019objet d\u00e9coulent des enregistrements vid\u00e9os lors du match de la finale de la CAN, o\u00f9 chacun des accus\u00e9s a \u00e9t\u00e9 film\u00e9 en pleine action.<\/p>\n\n\n\n<p>La m\u00eame d\u00e9fense des S\u00e9n\u00e9galais, a tent\u00e9 de faire valoir les relations entre le Maroc et le S\u00e9n\u00e9gal afin d\u2019obtenir l\u2019indulgence de la Cour, en appelant le tribunal \u00e0 \u00ab&nbsp;prendre en consid\u00e9ration la profondeur des relations entre le Maroc et le S\u00e9n\u00e9gal&nbsp;\u00bb, citant la tenue attendue de rencontres entre responsables marocains et leurs homologues s\u00e9n\u00e9galais au cours de la semaine prochaine.<\/p>\n\n\n\n<p>Enfin, le repr\u00e9sentant du minist\u00e8re public pr\u00e8s le m\u00eame tribunal a rejet\u00e9 les arguments avanc\u00e9s par la d\u00e9fense, affirmant qu\u2019il s\u2019agit avant tout, d\u2019un dossier de nature judiciaire soumis aux r\u00e8gles l\u00e9gales en vigueur.<\/p>\n\n\n\n<p>Il a ajout\u00e9 : \u00ab&nbsp;Tout le monde a vu en direct les actes commis par les accus\u00e9s, et sans la sagesse du public marocain, les cons\u00e9quences auraient pu \u00eatre graves&nbsp;\u00bb.<\/p>\n\n\n\n<p>The post\u00a0Violences lors de la finale Maroc-S\u00e9n\u00e9gal: le tribunal rejette les demandes de libert\u00e9 provisoire\u00a0appeared first on\u00a0Hespress Fran\u00e7ais &#8211; Actualit\u00e9s du Maroc.<\/p>\n\n\n\n<p><\/p>\n","protected":false},"excerpt":{"rendered":"<p>Le juge a refus\u00e9, jeudi, la lib\u00e9ration provisoire aux supporters s\u00e9n\u00e9galais et au citoyen alg\u00e9rien, interpell\u00e9s \u00e0 la suite des<\/p>\n","protected":false},"author":1,"featured_media":66798,"comment_status":"open","ping_status":"open","sticky":false,"template":"","format":"standard","meta":{"footnotes":""},"categories":[9],"tags":[],"class_list":["post-66985","post","type-post","status-publish","format-standard","has-post-thumbnail","hentry","category-sports"],"_links":{"self":[{"href":"https:\/\/dekkbi.com\/index.php?rest_route=\/wp\/v2\/posts\/66985","targetHints":{"allow":["GET"]}}],"collection":[{"href":"https:\/\/dekkbi.com\/index.php?rest_route=\/wp\/v2\/posts"}],"about":[{"href":"https:\/\/dekkbi.com\/index.php?rest_route=\/wp\/v2\/types\/post"}],"author":[{"embeddable":true,"href":"https:\/\/dekkbi.com\/index.php?rest_route=\/wp\/v2\/users\/1"}],"replies":[{"embeddable":true,"href":"https:\/\/dekkbi.com\/index.php?rest_route=%2Fwp%2Fv2%2Fcomments&post=66985"}],"version-history":[{"count":1,"href":"https:\/\/dekkbi.com\/index.php?rest_route=\/wp\/v2\/posts\/66985\/revisions"}],"predecessor-version":[{"id":66986,"href":"https:\/\/dekkbi.com\/index.php?rest_route=\/wp\/v2\/posts\/66985\/revisions\/66986"}],"wp:featuredmedia":[{"embeddable":true,"href":"https:\/\/dekkbi.com\/index.php?rest_route=\/wp\/v2\/media\/66798"}],"wp:attachment":[{"href":"https:\/\/dekkbi.com\/index.php?rest_route=%2Fwp%2Fv2%2Fmedia&parent=66985"}],"wp:term":[{"taxonomy":"category","embeddable":true,"href":"https:\/\/dekkbi.com\/index.php?rest_route=%2Fwp%2Fv2%2Fcategories&post=66985"},{"taxonomy":"post_tag","embeddable":true,"href":"https:\/\/dekkbi.com\/index.php?rest_route=%2Fwp%2Fv2%2Ftags&post=66985"}],"curies":[{"name":"wp","href":"https:\/\/api.w.org\/{rel}","templated":true}]}}