{"id":66978,"date":"2026-01-22T13:21:26","date_gmt":"2026-01-22T13:21:26","guid":{"rendered":"https:\/\/dekkbi.com\/?p=66978"},"modified":"2026-01-22T13:22:51","modified_gmt":"2026-01-22T13:22:51","slug":"can-2025-les-revelations-de-krepin-diatta-sur-lepisode-vecu-avant-la-finale-javais-mal-partout-jai-fait-quatre-malaises-cetait-tres-bizarre","status":"publish","type":"post","link":"https:\/\/dekkbi.com\/?p=66978","title":{"rendered":"CAN 2025 : Les r\u00e9v\u00e9lations de Kr\u00e9pin Diatta sur l\u2019\u00e9pisode v\u00e9cu avant la finale"},"content":{"rendered":"\n<p><strong>\u00ab J\u2019avais mal partout, j\u2019ai fait quatre malaises\u2026 c\u2019\u00e9tait tr\u00e8s bizarre \u00bb<\/strong> Au micro de nos confr\u00e8res de Seneweb, Kr\u00e9pin Diatta est revenu sur l\u2019\u00e9pisode marquant qui l\u2019a emp\u00each\u00e9 de disputer la finale de la Coupe d\u2019Afrique des Nations, remport\u00e9e par le S\u00e9n\u00e9gal face au Maroc gr\u00e2ce \u00e0 une r\u00e9alisation de Pape Gueye.<\/p>\n\n\n\n<p>\u00ab C\u2019est un objectif atteint. On avait \u00e0 c\u0153ur de gagner la CAN et d\u2019\u00eatre champions d\u2019Afrique, et on l\u2019a fait, donc Alhamdoulilah \u00bb, a d\u2019abord d\u00e9clar\u00e9 l\u2019international s\u00e9n\u00e9galais. Pour lui, ce sacre continental est le fruit d\u2019un effort collectif : \u00ab Si aujourd\u2019hui on dit que le S\u00e9n\u00e9gal est champion d\u2019Afrique, c\u2019est parce que tout le monde a jou\u00e9 sa part de responsabilit\u00e9. \u00bb Absent lors de la finale, Kr\u00e9pin Diatta explique pourtant que tout avait \u00e9t\u00e9 pr\u00e9par\u00e9 normalement. \u00ab Comme vous l\u2019avez vu, je n\u2019ai pas pu jouer la finale. Le match avait pourtant \u00e9t\u00e9 bien pr\u00e9par\u00e9, comme d\u2019habitude. Le matin du match, je ne me sentais pas tr\u00e8s bien, mais je me disais que c\u2019\u00e9tait normal, que \u00e7a allait passer. \u00bb<\/p>\n\n\n\n<p>Mais la situation va se d\u00e9grader au moment du d\u00e9part pour le stade. \u00ab Le probl\u00e8me a vraiment commenc\u00e9 au moment o\u00f9 nous partions au stade. J\u2019avais mal partout, \u00e0 la t\u00eate, beaucoup de choses. C\u2019\u00e9tait tr\u00e8s bizarre. \u00bb Le lat\u00e9ral des Lions confie avoir fait un premier malaise juste avant l\u2019arriv\u00e9e au stade, puis un second \u00e0 l\u2019entr\u00e9e, alors qu\u2019il se pr\u00e9parait pour l\u2019\u00e9chauffement. \u00ab C\u2019est \u00e0 ce moment-l\u00e0 qu\u2019on a d\u00e9cid\u00e9 de me remplacer. \u00bb Contraint de suivre la finale \u00e0 distance, il n\u2019en a vu que des bribes. \u00ab Je n\u2019ai pratiquement rien suivi de la finale, \u00e0 part quelques petites vid\u00e9os, notamment le but de Pape Gueye et le penalty rat\u00e9. \u00bb<\/p>\n\n\n\n<p>Transport\u00e9 \u00e0 l\u2019h\u00f4pital aux alentours de 20 heures, Kr\u00e9pin Diatta a subi plusieurs examens m\u00e9dicaux. \u00ab J\u2019ai \u00e9t\u00e9 hospitalis\u00e9 et j\u2019ai pass\u00e9 plusieurs examens, mais ils n\u2019ont rien d\u00e9tect\u00e9. \u00bb Alors qu\u2019il devait quitter l\u2019\u00e9tablissement vers 2 heures du matin, un troisi\u00e8me malaise l\u2019a contraint \u00e0 rester en observation. \u00ab J\u2019ai ensuite refait un malaise, le quatri\u00e8me, et j\u2019ai finalement pu quitter l\u2019h\u00f4pital vers 10 heures du matin. \u00bb<\/p>\n\n\n\n<p>Un \u00e9pisode \u00e9prouvant, mais qui n\u2019aura pas emp\u00each\u00e9 les Lions du S\u00e9n\u00e9gal et pour le joueur de d\u00e9crocher sa premi\u00e8re \u00e9toile de sa carri\u00e8re internationale.<\/p>\n\n\n\n<p>wiwsport.com<\/p>\n","protected":false},"excerpt":{"rendered":"<p>\u00ab J\u2019avais mal partout, j\u2019ai fait quatre malaises\u2026 c\u2019\u00e9tait tr\u00e8s bizarre \u00bb Au micro de nos confr\u00e8res de Seneweb, Kr\u00e9pin<\/p>\n","protected":false},"author":1,"featured_media":66979,"comment_status":"open","ping_status":"open","sticky":false,"template":"","format":"standard","meta":{"footnotes":""},"categories":[9],"tags":[],"class_list":["post-66978","post","type-post","status-publish","format-standard","has-post-thumbnail","hentry","category-sports"],"_links":{"self":[{"href":"https:\/\/dekkbi.com\/index.php?rest_route=\/wp\/v2\/posts\/66978","targetHints":{"allow":["GET"]}}],"collection":[{"href":"https:\/\/dekkbi.com\/index.php?rest_route=\/wp\/v2\/posts"}],"about":[{"href":"https:\/\/dekkbi.com\/index.php?rest_route=\/wp\/v2\/types\/post"}],"author":[{"embeddable":true,"href":"https:\/\/dekkbi.com\/index.php?rest_route=\/wp\/v2\/users\/1"}],"replies":[{"embeddable":true,"href":"https:\/\/dekkbi.com\/index.php?rest_route=%2Fwp%2Fv2%2Fcomments&post=66978"}],"version-history":[{"count":2,"href":"https:\/\/dekkbi.com\/index.php?rest_route=\/wp\/v2\/posts\/66978\/revisions"}],"predecessor-version":[{"id":66982,"href":"https:\/\/dekkbi.com\/index.php?rest_route=\/wp\/v2\/posts\/66978\/revisions\/66982"}],"wp:featuredmedia":[{"embeddable":true,"href":"https:\/\/dekkbi.com\/index.php?rest_route=\/wp\/v2\/media\/66979"}],"wp:attachment":[{"href":"https:\/\/dekkbi.com\/index.php?rest_route=%2Fwp%2Fv2%2Fmedia&parent=66978"}],"wp:term":[{"taxonomy":"category","embeddable":true,"href":"https:\/\/dekkbi.com\/index.php?rest_route=%2Fwp%2Fv2%2Fcategories&post=66978"},{"taxonomy":"post_tag","embeddable":true,"href":"https:\/\/dekkbi.com\/index.php?rest_route=%2Fwp%2Fv2%2Ftags&post=66978"}],"curies":[{"name":"wp","href":"https:\/\/api.w.org\/{rel}","templated":true}]}}