{"id":66974,"date":"2026-01-22T13:04:23","date_gmt":"2026-01-22T13:04:23","guid":{"rendered":"https:\/\/dekkbi.com\/?p=66974"},"modified":"2026-01-22T13:04:24","modified_gmt":"2026-01-22T13:04:24","slug":"apres-la-coupe-du-monde-2026-la-decision-de-sadio-mane-darreter-sa-carriere-internationale-apparemment-une-decision-irrevocable","status":"publish","type":"post","link":"https:\/\/dekkbi.com\/?p=66974","title":{"rendered":"Apr\u00e8s la Coupe du Monde 2026: La d\u00e9cision de Sadio Man\u00e9 d\u2019arr\u00eater sa carri\u00e8re internationale, apparemment une d\u00e9cision irr\u00e9vocable"},"content":{"rendered":"\n<h3 class=\"wp-block-heading\">Son collaborateur et manager Bacary, Ciss\u00e9, par ailleurs pr\u00e9sident de la Commission Communication, M\u00e9dias et relations publiques de la F\u00e9d\u00e9ration S\u00e9n\u00e9galaise de Football, a r\u00e9it\u00e9r\u00e9 l\u2019annonce faite par le joueur lors de la demi-finale de la CAN2025 contre l\u2019\u00c9gypte, \u00e0 deux reprises, dans cette m\u00eame semaine lors d\u2019interviews.<\/h3>\n\n\n\n<p>Pour le journaliste Bacary Ciss\u00e9, \u00ab l<em>e joueur ne prend jamais \u00e0 la l\u00e9g\u00e8re une sortie m\u00e9diatique<\/em>&nbsp;\u00bb.<br>Toutes ces d\u00e9clarations sont minutieusement pr\u00e9par\u00e9es, semble dire le manager de l\u2019international s\u00e9n\u00e9galais \u00e9voluant \u00e0 An-Nasser, en Arabie Saoudite.<\/p>\n\n\n\n<p>Cette d\u00e9cision de Sadio Man\u00e9 surnomm\u00e9 le Nanthio national, en r\u00e9f\u00e9rence \u00e0 ses multiples sacrifices pour la s\u00e9lection nationale, intervient au moment o\u00f9 le joueur a fini de conqu\u00e9rir m\u00eame le c\u0153ur des supporters s\u00e9n\u00e9galais les plus dubitatifs.<\/p>\n\n\n\n<p>Lors de la conf\u00e9rence de presse qui a pr\u00e9c\u00e9d\u00e9 la finale de la Coupe d\u2019Afrique des Nations, tenue dimanche dernier, le s\u00e9lectionneur national Pape Thiaw a appel\u00e9 le joueur \u00e0 revenir sur sa d\u00e9cision, car le football a encore besoin de lui.<\/p>\n\n\n\n<p>Sadio Man\u00e9, retiens alors que le Peuple ne t\u2019a pas encore lib\u00e9r\u00e9, m\u00eame si le joueur ne voudrait pas subir le sort de ses devanciers, qui ont essay\u00e9, en vain, de rassurer sur l\u2019\u00e9tat de leur form\u00e9, en jouant des matchs de trop.<\/p>\n\n\n\n<p>Vu sous cet angle, la d\u00e9cision du joueur \u00e0 la riche carri\u00e8re et \u00e2g\u00e9 de 33 ans, semble tenir la route.<\/p>\n\n\n\n<p>Pour rappel, Sadio Man\u00e9 est double champion d\u2019Afrique, remportant \u00e0 deux reprises le troph\u00e9e du Meilleur joueur de la comp\u00e9tition, rejoignant le cercle ferm\u00e9 des joueurs ayant r\u00e9ussi cette prouesse, le Camerounais Roger Milla (1986 et 1988) et l&rsquo;Egyptien Ahmed Hassan (2006 et 2010).<\/p>\n\n\n\n<p>En 2022, le joueur S\u00e9n\u00e9galais avait termin\u00e9 2e sur le podium du Ballon d\u2019Or France Football, derri\u00e8re Karim Benzema, ce qui constitue la meilleure performance d&rsquo;un joueur africain, depuis le sacre de Georges Weah, en 1995.<\/p>\n\n\n\n<p>Sadio Man\u00e9 est aussi vainqueur de la prestigieuse League europ\u00e9enne des Champions en 2019 avec son club Liverpool FC, vainqueur de la Super Coupe de l\u2019UEFA, (la m\u00eame ann\u00e9e) et champion d\u2019Angleterre l\u2019ann\u00e9e suivante, entre autres troph\u00e9es remport\u00e9s durant sa brillante carri\u00e8re entam\u00e9e au FC Metz, en France en 2011, apr\u00e8s une formation chez G\u00e9n\u00e9ration Foot, centre s\u00e9n\u00e9galais de formation.<\/p>\n\n\n\n<p>Ousseynou Wade<br>LERAL<\/p>\n","protected":false},"excerpt":{"rendered":"<p>Son collaborateur et manager Bacary, Ciss\u00e9, par ailleurs pr\u00e9sident de la Commission Communication, M\u00e9dias et relations publiques de la F\u00e9d\u00e9ration<\/p>\n","protected":false},"author":1,"featured_media":66845,"comment_status":"open","ping_status":"open","sticky":false,"template":"","format":"standard","meta":{"footnotes":""},"categories":[9],"tags":[],"class_list":["post-66974","post","type-post","status-publish","format-standard","has-post-thumbnail","hentry","category-sports"],"_links":{"self":[{"href":"https:\/\/dekkbi.com\/index.php?rest_route=\/wp\/v2\/posts\/66974","targetHints":{"allow":["GET"]}}],"collection":[{"href":"https:\/\/dekkbi.com\/index.php?rest_route=\/wp\/v2\/posts"}],"about":[{"href":"https:\/\/dekkbi.com\/index.php?rest_route=\/wp\/v2\/types\/post"}],"author":[{"embeddable":true,"href":"https:\/\/dekkbi.com\/index.php?rest_route=\/wp\/v2\/users\/1"}],"replies":[{"embeddable":true,"href":"https:\/\/dekkbi.com\/index.php?rest_route=%2Fwp%2Fv2%2Fcomments&post=66974"}],"version-history":[{"count":1,"href":"https:\/\/dekkbi.com\/index.php?rest_route=\/wp\/v2\/posts\/66974\/revisions"}],"predecessor-version":[{"id":66975,"href":"https:\/\/dekkbi.com\/index.php?rest_route=\/wp\/v2\/posts\/66974\/revisions\/66975"}],"wp:featuredmedia":[{"embeddable":true,"href":"https:\/\/dekkbi.com\/index.php?rest_route=\/wp\/v2\/media\/66845"}],"wp:attachment":[{"href":"https:\/\/dekkbi.com\/index.php?rest_route=%2Fwp%2Fv2%2Fmedia&parent=66974"}],"wp:term":[{"taxonomy":"category","embeddable":true,"href":"https:\/\/dekkbi.com\/index.php?rest_route=%2Fwp%2Fv2%2Fcategories&post=66974"},{"taxonomy":"post_tag","embeddable":true,"href":"https:\/\/dekkbi.com\/index.php?rest_route=%2Fwp%2Fv2%2Ftags&post=66974"}],"curies":[{"name":"wp","href":"https:\/\/api.w.org\/{rel}","templated":true}]}}