{"id":66936,"date":"2026-01-22T10:28:04","date_gmt":"2026-01-22T10:28:04","guid":{"rendered":"https:\/\/dekkbi.com\/?p=66936"},"modified":"2026-01-22T13:00:29","modified_gmt":"2026-01-22T13:00:29","slug":"assemblee-nationale-le-ballet-discret-de-cinq-textes-sensibles-qui-vont-redessiner-securite-justice-et-democratie","status":"publish","type":"post","link":"https:\/\/dekkbi.com\/?p=66936","title":{"rendered":"Assembl\u00e9e nationale: le ballet discret de cinq textes sensibles qui vont redessiner s\u00e9curit\u00e9, justice et d\u00e9mocratie"},"content":{"rendered":"\n<p>Entre la fin janvier et la mi-f\u00e9vrier 2026, l\u2019Assembl\u00e9e nationale s\u2019appr\u00eate \u00e0 vivre une s\u00e9quence parlementaire dense et strat\u00e9gique. \u00c0 l\u2019issue de la r\u00e9union du Bureau suivie de la conf\u00e9rence des pr\u00e9sidents, un calendrier pr\u00e9cis a \u00e9t\u00e9 arr\u00eat\u00e9 pour l\u2019examen de quatre projets de loi, dont deux projets de ratification, et une proposition de loi, r\u00e9v\u00e8le\u00a0<em>L\u2019Observateur<\/em>.<br><br>Selon le quotidien, ces textes, qui seront d\u00e9battus entre le 29 janvier et le 16 f\u00e9vrier 2026, touchent \u00e0 des domaines aussi sensibles que la coop\u00e9ration militaire, l\u2019extradition judiciaire, le statut des officiers des forces arm\u00e9es, la transparence parlementaire et la protection des droits humains.<br><br><strong>Coop\u00e9ration militaire S\u00e9n\u00e9gal\u2013Guin\u00e9e : un partenariat strat\u00e9gique pass\u00e9 au crible<\/strong><\/p>\n\n\n\n<p>Le premier temps fort est pr\u00e9vu le jeudi 29 janvier 2026 \u00e0 10 heures, avec la convocation de la commission des affaires \u00e9trang\u00e8res pour examiner deux projets de loi de ratification. Le premier autorise le pr\u00e9sident de la R\u00e9publique \u00e0 ratifier l\u2019accord de coop\u00e9ration militaire et technique entre le S\u00e9n\u00e9gal et la Guin\u00e9e, sign\u00e9 le 19 juin 2021 \u00e0 Accra, au Ghana.<br><br>D\u2019apr\u00e8s le document consult\u00e9 par\u00a0<em>L\u2019Observateur<\/em>, cet accord vise \u00e0 structurer une coop\u00e9ration approfondie entre les deux pays \u00ab fr\u00e8res \u00bb dans des secteurs cl\u00e9s : formation du personnel militaire, lutte contre le terrorisme, s\u00e9curit\u00e9 conjointe des fronti\u00e8res, lutte contre la criminalit\u00e9 transfrontali\u00e8re, r\u00e8glement pacifique des diff\u00e9rends frontaliers, mais aussi \u00e9changes de d\u00e9l\u00e9gations, exercices militaires conjoints et r\u00e9alisation d\u2019infrastructures sp\u00e9cialis\u00e9es. Un dispositif qui s\u2019inscrit dans un contexte sous-r\u00e9gional marqu\u00e9 par des d\u00e9fis s\u00e9curitaires persistants.<br><br><strong>Extradition avec la Gambie : un nouveau cadre juridique plus contraignant<\/strong><\/p>\n\n\n\n<p>Le second projet de loi de ratification concerne la Convention relative \u00e0 l\u2019extradition entre le S\u00e9n\u00e9gal et la Gambie, sign\u00e9e \u00e0 Dakar le 12 mars 2020. Selon\u00a0<em>L\u2019Observateur<\/em>, ce nouvel instrument juridique abroge la convention judiciaire de 1973 et vise \u00e0 renforcer la coop\u00e9ration judiciaire entre les deux pays.<br><br>Le texte pr\u00e9voit l\u2019extradition pour toute infraction punie, dans les deux l\u00e9gislations, d\u2019une peine privative de libert\u00e9 d\u2019au moins deux ans. Lorsque la demande concerne l\u2019ex\u00e9cution d\u2019une peine, l\u2019extradition n\u2019est accord\u00e9e que si la peine prononc\u00e9e est d\u2019au moins deux ans ou si la peine restante \u00e0 purger est d\u2019au moins un an. Le document souligne \u00e9galement que, dans les affaires fiscales, douani\u00e8res ou de change, l\u2019extradition ne peut \u00eatre refus\u00e9e au motif d\u2019une diff\u00e9rence de l\u00e9gislation entre les deux \u00c9tats.<br><br>Ces deux projets de ratification seront soumis \u00e0 la pl\u00e9ni\u00e8re le lundi 9 f\u00e9vrier 2026, en pr\u00e9sence du ministre de l\u2019Int\u00e9gration africaine, des Affaires \u00e9trang\u00e8res et des S\u00e9n\u00e9galais de l\u2019ext\u00e9rieur.<br><br><strong>Statut des officiers sous contrat : un texte scrut\u00e9 par la D\u00e9fense<\/strong><\/p>\n\n\n\n<p>Toujours selon le calendrier d\u00e9voil\u00e9 par\u00a0<em>L\u2019Observateur<\/em>, la commission d\u00e9fense et s\u00e9curit\u00e9 se r\u00e9unira le jeudi 29 janvier 2026 \u00e0 15 heures pour examiner le projet de loi portant statut des officiers sous contrat. D\u00e9fendu par le ministre des Forces arm\u00e9es, ce texte sera pr\u00e9sent\u00e9 en s\u00e9ance pl\u00e9ni\u00e8re le lundi 9 f\u00e9vrier 2026 \u00e0 15 heures, dans un contexte o\u00f9 la professionnalisation et la gestion des carri\u00e8res militaires restent des enjeux majeurs.<br><br><strong>Cha\u00eene parlementaire : vers plus de transparence institutionnelle<\/strong><\/p>\n\n\n\n<p>Autre texte attendu : la proposition de loi sur la cha\u00eene parlementaire. Son examen en commission technique est programm\u00e9 pour le vendredi 6 f\u00e9vrier 2026 \u00e0 10 heures, avant son adoption en pl\u00e9ni\u00e8re le mardi 10 f\u00e9vrier 2026. Une initiative qui ambitionne de renforcer la visibilit\u00e9 des travaux parlementaires et de rapprocher davantage l\u2019institution des citoyens.<br><br><strong>Observatoire des lieux de privation de libert\u00e9 : un pas vers les droits humains<\/strong><\/p>\n\n\n\n<p>Enfin, le jeudi 12 f\u00e9vrier 2026 \u00e0 15 heures, la commission des Lois se penchera sur le projet de loi portant cr\u00e9ation de l\u2019Observatoire des lieux de privation de libert\u00e9. Ce texte, qui sera soumis \u00e0 la pl\u00e9ni\u00e8re le lundi 16 f\u00e9vrier 2026 \u00e0 10 heures, vise \u00e0 renforcer le contr\u00f4le et la surveillance des conditions de d\u00e9tention, un sujet sensible au croisement de la justice et des droits humains.<\/p>\n\n\n\n<p>SOURCE DAKARACTU<\/p>\n","protected":false},"excerpt":{"rendered":"<p>Entre la fin janvier et la mi-f\u00e9vrier 2026, l\u2019Assembl\u00e9e nationale s\u2019appr\u00eate \u00e0 vivre une s\u00e9quence parlementaire dense et strat\u00e9gique. \u00c0<\/p>\n","protected":false},"author":1,"featured_media":47662,"comment_status":"open","ping_status":"open","sticky":false,"template":"","format":"standard","meta":{"footnotes":""},"categories":[6],"tags":[],"class_list":["post-66936","post","type-post","status-publish","format-standard","has-post-thumbnail","hentry","category-politics"],"_links":{"self":[{"href":"https:\/\/dekkbi.com\/index.php?rest_route=\/wp\/v2\/posts\/66936","targetHints":{"allow":["GET"]}}],"collection":[{"href":"https:\/\/dekkbi.com\/index.php?rest_route=\/wp\/v2\/posts"}],"about":[{"href":"https:\/\/dekkbi.com\/index.php?rest_route=\/wp\/v2\/types\/post"}],"author":[{"embeddable":true,"href":"https:\/\/dekkbi.com\/index.php?rest_route=\/wp\/v2\/users\/1"}],"replies":[{"embeddable":true,"href":"https:\/\/dekkbi.com\/index.php?rest_route=%2Fwp%2Fv2%2Fcomments&post=66936"}],"version-history":[{"count":1,"href":"https:\/\/dekkbi.com\/index.php?rest_route=\/wp\/v2\/posts\/66936\/revisions"}],"predecessor-version":[{"id":66937,"href":"https:\/\/dekkbi.com\/index.php?rest_route=\/wp\/v2\/posts\/66936\/revisions\/66937"}],"wp:featuredmedia":[{"embeddable":true,"href":"https:\/\/dekkbi.com\/index.php?rest_route=\/wp\/v2\/media\/47662"}],"wp:attachment":[{"href":"https:\/\/dekkbi.com\/index.php?rest_route=%2Fwp%2Fv2%2Fmedia&parent=66936"}],"wp:term":[{"taxonomy":"category","embeddable":true,"href":"https:\/\/dekkbi.com\/index.php?rest_route=%2Fwp%2Fv2%2Fcategories&post=66936"},{"taxonomy":"post_tag","embeddable":true,"href":"https:\/\/dekkbi.com\/index.php?rest_route=%2Fwp%2Fv2%2Ftags&post=66936"}],"curies":[{"name":"wp","href":"https:\/\/api.w.org\/{rel}","templated":true}]}}