{"id":66930,"date":"2026-01-22T10:17:05","date_gmt":"2026-01-22T10:17:05","guid":{"rendered":"https:\/\/dekkbi.com\/?p=66930"},"modified":"2026-01-22T13:00:53","modified_gmt":"2026-01-22T13:00:53","slug":"incidents-de-la-finale-de-la-can-dakar-et-rabat-appellent-leurs-ressortissants-a-lapaisement","status":"publish","type":"post","link":"https:\/\/dekkbi.com\/?p=66930","title":{"rendered":"Incidents de la finale de la CAN: Dakar et Rabat appellent leurs ressortissants \u00e0 l\u2019apaisement"},"content":{"rendered":"\n<p>Dakar,  (APS) \u2013 Le Premier ministre du S\u00e9n\u00e9gal, Ousmane Sonko, et son homologue marocain, Aziz Akhannouch, appellent leurs ressortissants respectifs au calme et \u00e0 l\u2019apaisement, suite aux incidents controvers\u00e9s survenus lors de la finale de la Coupe d\u2019Afrique des nations (CAN) 2025.<\/p>\n\n\n\n<p>\u201cNous avons convenu, ensemble, sous les hautes instructions de Sa Majest\u00e9 le roi Mohammed VI et de son Excellence, le Pr\u00e9sident Bassirou Diomaye Diakhar Faye, de continuer \u00e0 \u0153uvrer, dans un esprit d\u2019apaisement, de s\u00e9r\u00e9nit\u00e9 et de d\u00e9tente, \u00e0 la consolidation des liens s\u00e9culaires et tr\u00e8s profonds qui unissent nos deux pays\u201d, a d\u00e9clar\u00e9 le chef du gouvernement s\u00e9n\u00e9galais dans un message publi\u00e9 mercredi sur Facebook.<\/p>\n\n\n\n<p>Apr\u00e8s s\u2019\u00eatre longuement entretenus, Ousmane Sonko, et son homologue marocain, Aziz Akhannouch, invitent leurs compatriotes respectifs et tous les amis, \u00e0 d\u00e9passionner cet \u00e9pisode qui, en aucun cas, ne peut aller au-del\u00e0 du simple cadre sportif, a insist\u00e9 Ousmane Sonko.&nbsp;<\/p>\n\n\n\n<p>\u201cNos d\u00e9fis communs sont autrement plus importants. C\u2019est pourquoi nous nous sommes r\u00e9ciproquement r\u00e9jouis de la tenue, du 26 au 28 janvier courant \u00e0 Rabat, de la 15e session de la Grande Commission mixte entre les deux pays, sous la pr\u00e9sidence effective des deux Premiers ministres\u201d, a-t-il annonc\u00e9.<\/p>\n\n\n\n<p>Le Premier ministre s\u00e9n\u00e9galais a pr\u00e9cis\u00e9 que la date de cet important rendez-vous bilat\u00e9ral, qui ne s\u2019\u00e9tait plus tenu depuis 2013 \u00e0 Dakar, avait \u00e9t\u00e9 programm\u00e9e d\u2019un commun accord \u00e0 la fin du mois de d\u00e9cembre 2025.<\/p>\n\n\n\n<p>\u201cLe S\u00e9n\u00e9gal tient enfin \u00e0 r\u00e9affirmer son attachement historique et son action inlassable pour l\u2019amiti\u00e9 et les relations de paix et de respect entre les \u00c9tats, les peuples et les nations\u201d, a poursuivi Ousmane Sonko.<\/p>\n\n\n\n<p>Il informe, par ailleurs, que le gouvernement du S\u00e9n\u00e9gal suit attentivement, avec les autorit\u00e9s consulaires et diplomatiques accr\u00e9dit\u00e9es, et les autorit\u00e9s marocaines, la situation des supporters interpell\u00e9s \u00e0 Rabat ainsi que celle des compatriotes vivant au Maroc.<\/p>\n\n\n\n<p>Le gouvernement s\u00e9n\u00e9galais appelle, par ailleurs, \u201c\u00e0 la prudence face aux flux de communications, singuli\u00e8rement [sur] les r\u00e9seaux sociaux et certains m\u00e9dias, qui rel\u00e8vent, pour la plupart, de la d\u00e9sinformation\u201d.<\/p>\n\n\n\n<p>Les Lions du football ont remport\u00e9 la CAN 2025, dimanche 18 janvier, \u00e0 Rabat, apr\u00e8s avoir battu (1-0) en finale, les Lions de l\u2019Atlas du Maroc, au bout d\u2019un match ponctu\u00e9 par des \u00e9pisodes de grande tension sur le terrain et des incidents entre stadiers marocains et supporters s\u00e9n\u00e9galais dans les gradins.<\/p>\n\n\n\n<p>Les joueurs s\u00e9n\u00e9galais, sous les ordres de leur s\u00e9lectionneur Pape Thiaw, avaient majoritairement quitt\u00e9 la pelouse pour protester contre la d\u00e9cision de l\u2019arbitre d\u2019accorder un penalty au Maroc, apr\u00e8s que celui-ci a refus\u00e9 deux minutes avant un but s\u00e9n\u00e9galais sur une faute jug\u00e9e discutable.<\/p>\n\n\n\n<p>L\u2019\u00e9quipe s\u00e9n\u00e9galaise s\u2019est finalement d\u00e9cid\u00e9e \u00e0 reprendre la partie. L\u2019attaquant des Lions de l\u2019Atlas Brahim Diaz a manqu\u00e9 son penalty, Pape Gu\u00e8ye marquant un peu plus tard le but du sacre s\u00e9n\u00e9galais.<\/p>\n\n\n\n<p>Entre d\u00e9ception et frustration, le sc\u00e9nario de cette finale a suscit\u00e9 des \u00e9changes tendus entre supporters marocains et s\u00e9n\u00e9galais, notamment sur les r\u00e9seaux sociaux.<\/p>\n\n\n\n<p>ABB\/AB\/BK<\/p>\n","protected":false},"excerpt":{"rendered":"<p>Dakar, (APS) \u2013 Le Premier ministre du S\u00e9n\u00e9gal, Ousmane Sonko, et son homologue marocain, Aziz Akhannouch, appellent leurs ressortissants respectifs<\/p>\n","protected":false},"author":1,"featured_media":66956,"comment_status":"open","ping_status":"open","sticky":false,"template":"","format":"standard","meta":{"footnotes":""},"categories":[6],"tags":[],"class_list":["post-66930","post","type-post","status-publish","format-standard","has-post-thumbnail","hentry","category-politics"],"_links":{"self":[{"href":"https:\/\/dekkbi.com\/index.php?rest_route=\/wp\/v2\/posts\/66930","targetHints":{"allow":["GET"]}}],"collection":[{"href":"https:\/\/dekkbi.com\/index.php?rest_route=\/wp\/v2\/posts"}],"about":[{"href":"https:\/\/dekkbi.com\/index.php?rest_route=\/wp\/v2\/types\/post"}],"author":[{"embeddable":true,"href":"https:\/\/dekkbi.com\/index.php?rest_route=\/wp\/v2\/users\/1"}],"replies":[{"embeddable":true,"href":"https:\/\/dekkbi.com\/index.php?rest_route=%2Fwp%2Fv2%2Fcomments&post=66930"}],"version-history":[{"count":1,"href":"https:\/\/dekkbi.com\/index.php?rest_route=\/wp\/v2\/posts\/66930\/revisions"}],"predecessor-version":[{"id":66932,"href":"https:\/\/dekkbi.com\/index.php?rest_route=\/wp\/v2\/posts\/66930\/revisions\/66932"}],"wp:featuredmedia":[{"embeddable":true,"href":"https:\/\/dekkbi.com\/index.php?rest_route=\/wp\/v2\/media\/66956"}],"wp:attachment":[{"href":"https:\/\/dekkbi.com\/index.php?rest_route=%2Fwp%2Fv2%2Fmedia&parent=66930"}],"wp:term":[{"taxonomy":"category","embeddable":true,"href":"https:\/\/dekkbi.com\/index.php?rest_route=%2Fwp%2Fv2%2Fcategories&post=66930"},{"taxonomy":"post_tag","embeddable":true,"href":"https:\/\/dekkbi.com\/index.php?rest_route=%2Fwp%2Fv2%2Ftags&post=66930"}],"curies":[{"name":"wp","href":"https:\/\/api.w.org\/{rel}","templated":true}]}}