{"id":6688,"date":"2023-01-23T16:06:18","date_gmt":"2023-01-23T16:06:18","guid":{"rendered":"https:\/\/dekkbi.com\/?p=6688"},"modified":"2023-01-23T16:06:19","modified_gmt":"2023-01-23T16:06:19","slug":"extension-a-lallemagne-du-projet-de-pipeline-franco-portugais-espagnol-dhydrogene-h2med","status":"publish","type":"post","link":"https:\/\/dekkbi.com\/?p=6688","title":{"rendered":"Extension \u00e0 l&rsquo;Allemagne du projet de pipeline franco-portugais-espagnol d&rsquo;hydrog\u00e8ne H2Med"},"content":{"rendered":"\n<p>Baptis\u00e9 \u00ab H2Med \u00bb, le projet de pipeline&nbsp;qui vise \u00e0 d\u00e9velopper l&#8217;emploi de l&rsquo;hydrog\u00e8ne en Europe va \u00eatre \u00e9tendu \u00e0 l&rsquo;Allemagne. C\u2019est ce qu\u2019a annonc\u00e9 dimanche 22 janvier&nbsp;le pr\u00e9sident fran\u00e7ais Emmanuel Macron lors d\u2019une conf\u00e9rence commune avec le chancelier allemand Olaf Scholz. Tous deux \u00e9taient r\u00e9unis \u00e0 Paris pour c\u00e9l\u00e9brer le soixanti\u00e8me anniversaire du trait\u00e9 de r\u00e9conciliation entre Paris et Berlin. Le gouvernement espagnol a confirm\u00e9 l&rsquo;accord conclu.<\/p>\n\n\n\n<p><\/p>\n\n\n\n<p>Ce corridor situ\u00e9 sous la mer M\u00e9diterran\u00e9e permettra de transporter de l&rsquo;hydrog\u00e8ne vert fabriqu\u00e9 \u00e0 partir de l&rsquo;eau par \u00e9lectrolyse selon un proc\u00e9d\u00e9 utilisant des \u00e9nergies renouvelables, depuis la p\u00e9ninsule ib\u00e9rique vers la France et le nord de l\u2019Europe. Cette infrastructure devrait acheminer, chaque ann\u00e9e, quelque deux millions, de tonnes d&rsquo;hydrog\u00e8ne, soit 10% des besoins estim\u00e9s en hydrog\u00e8ne&nbsp;de l\u2019Union europ\u00e9enne.<\/p>\n\n\n\n<p>Le projet qui doit \u00eatre op\u00e9rationnel en 2030, devrait co\u00fbter deux milliards et demi d&rsquo;euros. Mais c\u2019\u00e9tait sans compter l\u2019extension vers l\u2019Allemagne. \u00ab&nbsp;<em>Nous avons d\u00e9cid\u00e9 d&rsquo;\u00e9largir le projet H2Med qui, gr\u00e2ce \u00e0 des financements europ\u00e9ens, lie le Portugal, l&rsquo;Espagne et la France (&#8230;), \u00e0 l&rsquo;Allemagne qui sera partenaire de cette strat\u00e9gie d&rsquo;infrastructures en mati\u00e8re d&rsquo;hydrog\u00e8ne<\/em>&nbsp;\u00bb, a d\u00e9clar\u00e9 le pr\u00e9sident fran\u00e7ais lors d&rsquo;une conf\u00e9rence de presse commune avec le chancelier allemand Olaf Scholz.<\/p>\n\n\n\n<p>Cela devrait permettre, d&rsquo;acc\u00e9l\u00e9rer la d\u00e9carbonation de l&rsquo;industrie europ\u00e9enne, en lui donnant acc\u00e8s, \u00e0 une \u00e9nergie propre, produite \u00e0 grande \u00e9chelle.&nbsp;Mais&nbsp;ce projet suscite des inqui\u00e9tudes. Bon nombre d\u2019experts s\u2019interrogent sur sa viabilit\u00e9 \u00e9conomique, car l\u2019hydrog\u00e8ne vert est encore&nbsp;une technologie balbutiante. On ignore, en effet, quand ce march\u00e9 prendra son essor et quand on sera en mesure, d&rsquo;en produire suffisamment, pour l&rsquo;exporter.<\/p>\n","protected":false},"excerpt":{"rendered":"<p>Baptis\u00e9 \u00ab H2Med \u00bb, le projet de pipeline&nbsp;qui vise \u00e0 d\u00e9velopper l&#8217;emploi de l&rsquo;hydrog\u00e8ne en Europe va \u00eatre \u00e9tendu \u00e0<\/p>\n","protected":false},"author":1,"featured_media":6689,"comment_status":"open","ping_status":"open","sticky":false,"template":"","format":"standard","meta":{"footnotes":""},"categories":[3],"tags":[],"class_list":["post-6688","post","type-post","status-publish","format-standard","has-post-thumbnail","hentry","category-event-more-news"],"_links":{"self":[{"href":"https:\/\/dekkbi.com\/index.php?rest_route=\/wp\/v2\/posts\/6688","targetHints":{"allow":["GET"]}}],"collection":[{"href":"https:\/\/dekkbi.com\/index.php?rest_route=\/wp\/v2\/posts"}],"about":[{"href":"https:\/\/dekkbi.com\/index.php?rest_route=\/wp\/v2\/types\/post"}],"author":[{"embeddable":true,"href":"https:\/\/dekkbi.com\/index.php?rest_route=\/wp\/v2\/users\/1"}],"replies":[{"embeddable":true,"href":"https:\/\/dekkbi.com\/index.php?rest_route=%2Fwp%2Fv2%2Fcomments&post=6688"}],"version-history":[{"count":1,"href":"https:\/\/dekkbi.com\/index.php?rest_route=\/wp\/v2\/posts\/6688\/revisions"}],"predecessor-version":[{"id":6690,"href":"https:\/\/dekkbi.com\/index.php?rest_route=\/wp\/v2\/posts\/6688\/revisions\/6690"}],"wp:featuredmedia":[{"embeddable":true,"href":"https:\/\/dekkbi.com\/index.php?rest_route=\/wp\/v2\/media\/6689"}],"wp:attachment":[{"href":"https:\/\/dekkbi.com\/index.php?rest_route=%2Fwp%2Fv2%2Fmedia&parent=6688"}],"wp:term":[{"taxonomy":"category","embeddable":true,"href":"https:\/\/dekkbi.com\/index.php?rest_route=%2Fwp%2Fv2%2Fcategories&post=6688"},{"taxonomy":"post_tag","embeddable":true,"href":"https:\/\/dekkbi.com\/index.php?rest_route=%2Fwp%2Fv2%2Ftags&post=6688"}],"curies":[{"name":"wp","href":"https:\/\/api.w.org\/{rel}","templated":true}]}}