{"id":6683,"date":"2023-01-23T15:55:20","date_gmt":"2023-01-23T15:55:20","guid":{"rendered":"https:\/\/dekkbi.com\/?p=6683"},"modified":"2023-01-23T15:55:21","modified_gmt":"2023-01-23T15:55:21","slug":"troupes-francaises-au-burkina-faso-macron-demande-a-traore-des-clarifications","status":"publish","type":"post","link":"https:\/\/dekkbi.com\/?p=6683","title":{"rendered":"Troupes fran\u00e7aises au Burkina Faso: Macron demande \u00e0 Traor\u00e9 \u00abdes clarifications\u00bb"},"content":{"rendered":"\n<p><\/p>\n\n\n\n<p><strong>\u00ab\u00a0<\/strong><em>J&rsquo;attends que le pr\u00e9sident de transition Ibrahim Traor\u00e9 puisse s&rsquo;exprimer.<\/em><strong>\u00a0\u00bb R\u00e9action du pr\u00e9sident fran\u00e7ais, suite aux annonces de d\u00e9part pr\u00e9sum\u00e9\u00a0des troupes fran\u00e7aises du Burkina Faso \u00e0 la demande de ce dernier. Samedi soir, l&rsquo;Agence d&rsquo;information burkinab\u00e8 (AIB) affirmait que le gouvernement avait \u00ab\u00a0<\/strong><em>act\u00e9\u00a0<\/em><strong>\u00bb ce retrait militaire fran\u00e7ais\u00a0\u00ab\u00a0<\/strong><em>de son territoire<\/em><strong>\u00a0\u00bb, dans un d\u00e9lai d&rsquo;un mois. Cela alors que se multiplient les rassemblements populaires contre la pr\u00e9sence militaire fran\u00e7aise.<\/strong><\/p>\n\n\n\n<p><\/p>\n\n\n\n<p>C&rsquo;est depuis Paris, lors d&rsquo;une conf\u00e9rence de presse organis\u00e9e&nbsp;\u00e0 l&rsquo;occasion du 60e anniversaire du trait\u00e9 de r\u00e9conciliation entre la France et l&rsquo;Allemagne, que le pr\u00e9sident Emmanuel Macron a r\u00e9agi aux annonces de l&rsquo;Agence d&rsquo;information burkinab\u00e8.<\/p>\n\n\n\n<p>Selon l&rsquo;AIB, le Burkina Faso aurait \u00ab&nbsp;<em>act\u00e9 le d\u00e9part de l\u2019arm\u00e9e fran\u00e7aise de son territoire&nbsp;<\/em>\u00bb. L&rsquo;agence de presse soutient que le gouvernement aurait d\u00e9nonc\u00e9, la semaine derni\u00e8re, l\u2019accord qui r\u00e9git depuis 2018 la pr\u00e9sence des troupes fran\u00e7aises dans le pays.<\/p>\n\n\n\n<p>\u25ba&nbsp;<strong>Un dossier \u00e0 la Une de la revue de la presse africaine<\/strong>&nbsp;:&nbsp;<a href=\"https:\/\/www.rfi.fr\/fr\/podcasts\/revue-de-presse-afrique\/20230123-%C3%A0-la-une-les-soldats-fran%C3%A7ais-ind%C3%A9sirables-au-burkina-faso\">\u00ab&nbsp;Les&nbsp;soldats fran\u00e7ais ind\u00e9sirables au Burkina Faso&nbsp;\u00bb<\/a><\/p>\n\n\n\n<p>Les 400 membres des forces sp\u00e9ciales de l&rsquo;op\u00e9ration Sabre auraient donc un mois pour plier bagage. Mais pour Emmanuel Macron, cette annonce demande une clarification de la part du capitaine Ibrahim Traor\u00e9, pr\u00e9sident de la transition burkinab\u00e8.<\/p>\n\n\n\n<blockquote class=\"wp-block-quote is-layout-flow wp-block-quote-is-layout-flow\">\n<p>J&rsquo;attends que le pr\u00e9sident de transition Traor\u00e9 puisse s&rsquo;exprimer, parce que j&rsquo;ai compris que les messages qui \u00e9taient sortis \u00e0 ce stade relevaient d&rsquo;une grande confusion, celui-ci \u00e9tant en d\u00e9placement hors de la capitale. Donc, je pense qu&rsquo;il faut garder beaucoup de prudence, et veiller \u00e0 ce qui est une sp\u00e9cialit\u00e9 de certains dans la r\u00e9gion, qui peuvent avoir partie li\u00e9e au demeurant avec ce que nous vivons en Ukraine, \u00e0 savoir [que] nos amis russes ne fassent pas de manipulation. Nous attendons des clarifications de la part de M.&nbsp;Traor\u00e9 sur ce sujet.<\/p>\n<\/blockquote>\n\n\n\n<p>Demande de d\u00e9part des troupes fran\u00e7aises du Burkina Faso: Macron attend \u00abdes clarifications\u00bb<\/p>\n\n\n\n<p>RFI<\/p>\n\n\n\n<p>Depuis le putsch de septembre dernier, les manifestations contre la pr\u00e9sence militaire fran\u00e7aise se multiplient \u00e0 Ouagadougou. Au d\u00e9but du mois de janvier, les autorit\u00e9s de transition demandaient le d\u00e9part de l&rsquo;ambassadeur de France du territoire.<\/p>\n\n\n\n<p>Avant la prise de parole du chef de l&rsquo;\u00c9tat, le minist\u00e8re fran\u00e7ais des Affaires \u00e9trang\u00e8res s&rsquo;\u00e9tait&nbsp;refus\u00e9&nbsp;\u00e0 toute r\u00e9action, malgr\u00e9 les sollicitations de RFI.<\/p>\n\n\n\n<h2 class=\"wp-block-heading\">Une lettre d&rsquo;Ouagadougou mettant fin \u00e0 l&rsquo;accord avec Paris&nbsp;?<\/h2>\n\n\n\n<p>Selon l&rsquo;AFP, il existe toutefois une lettre dans laquelle le minist\u00e8re des Affaires \u00e9trang\u00e8res burkinab\u00e8 \u00ab&nbsp;<em>d\u00e9nonce et met fin dans son enti\u00e8ret\u00e9 \u00e0 l&rsquo;accord<\/em>&nbsp;\u00bb&nbsp;du 17 d\u00e9cembre 2018 \u00ab&nbsp;<em>relatif au statut des forces arm\u00e9es fran\u00e7aises<\/em>&nbsp;\u00bb. Mais la source diplomatique burkinab\u00e9 \u00e0 l&rsquo;origine de cette information n&rsquo;est pour l&rsquo;instant pas en mesure de confirmer \u00e0 l&rsquo;AFP que Paris a accus\u00e9 r\u00e9ception de cette lettre. Dimanche soir, contact\u00e9es&nbsp;par RFI apr\u00e8s la r\u00e9v\u00e9lation de l&rsquo;AFP, les autorit\u00e9s n&rsquo;ont pour l&rsquo;instant pas donn\u00e9 suite.<\/p>\n","protected":false},"excerpt":{"rendered":"<p>\u00ab\u00a0J&rsquo;attends que le pr\u00e9sident de transition Ibrahim Traor\u00e9 puisse s&rsquo;exprimer.\u00a0\u00bb R\u00e9action du pr\u00e9sident fran\u00e7ais, suite aux annonces de d\u00e9part pr\u00e9sum\u00e9\u00a0des<\/p>\n","protected":false},"author":1,"featured_media":5716,"comment_status":"open","ping_status":"open","sticky":false,"template":"","format":"standard","meta":{"footnotes":""},"categories":[51],"tags":[],"class_list":["post-6683","post","type-post","status-publish","format-standard","has-post-thumbnail","hentry","category-general"],"_links":{"self":[{"href":"https:\/\/dekkbi.com\/index.php?rest_route=\/wp\/v2\/posts\/6683","targetHints":{"allow":["GET"]}}],"collection":[{"href":"https:\/\/dekkbi.com\/index.php?rest_route=\/wp\/v2\/posts"}],"about":[{"href":"https:\/\/dekkbi.com\/index.php?rest_route=\/wp\/v2\/types\/post"}],"author":[{"embeddable":true,"href":"https:\/\/dekkbi.com\/index.php?rest_route=\/wp\/v2\/users\/1"}],"replies":[{"embeddable":true,"href":"https:\/\/dekkbi.com\/index.php?rest_route=%2Fwp%2Fv2%2Fcomments&post=6683"}],"version-history":[{"count":1,"href":"https:\/\/dekkbi.com\/index.php?rest_route=\/wp\/v2\/posts\/6683\/revisions"}],"predecessor-version":[{"id":6684,"href":"https:\/\/dekkbi.com\/index.php?rest_route=\/wp\/v2\/posts\/6683\/revisions\/6684"}],"wp:featuredmedia":[{"embeddable":true,"href":"https:\/\/dekkbi.com\/index.php?rest_route=\/wp\/v2\/media\/5716"}],"wp:attachment":[{"href":"https:\/\/dekkbi.com\/index.php?rest_route=%2Fwp%2Fv2%2Fmedia&parent=6683"}],"wp:term":[{"taxonomy":"category","embeddable":true,"href":"https:\/\/dekkbi.com\/index.php?rest_route=%2Fwp%2Fv2%2Fcategories&post=6683"},{"taxonomy":"post_tag","embeddable":true,"href":"https:\/\/dekkbi.com\/index.php?rest_route=%2Fwp%2Fv2%2Ftags&post=6683"}],"curies":[{"name":"wp","href":"https:\/\/api.w.org\/{rel}","templated":true}]}}