{"id":6650,"date":"2023-01-23T10:11:41","date_gmt":"2023-01-23T10:11:41","guid":{"rendered":"https:\/\/dekkbi.com\/?p=6650"},"modified":"2023-01-23T10:11:43","modified_gmt":"2023-01-23T10:11:43","slug":"rehabilitation-du-dakar-bamako-les-americains-sur-les-rails","status":"publish","type":"post","link":"https:\/\/dekkbi.com\/?p=6650","title":{"rendered":"R\u00e9habilitation du Dakar-Bamako : Les Am\u00e9ricains sur les rails"},"content":{"rendered":"\n<p><strong>Le s\u00e9jour de la secr\u00e9taire am\u00e9ricaine au Tr\u00e9sor a \u00e9t\u00e9 l\u2019occasion pour le S\u00e9n\u00e9gal de remettre sur les rails le projet de r\u00e9habilitation du chemin de fer Dakar-Bamako. Les Am\u00e9ricains ont montr\u00e9 un vif int\u00e9r\u00eat pour le projet dont Dakar pense qu\u2019il pourrait faire partie du Compact r\u00e9gional qui sera bient\u00f4t lanc\u00e9. Le ministre des Finances et du budget, Moustapha Ba, a indiqu\u00e9 que l\u2019int\u00e9r\u00eat des Am\u00e9ricains a \u00e9t\u00e9 accru du fait de la transparence qu\u2019ils ont not\u00e9e chez leurs partenaires s\u00e9n\u00e9galais.<\/strong><\/p>\n\n\n\n<p><strong>Par Mohamed GUEYE \u2013<\/strong>&nbsp;Le ministre de l\u2019Economie et des finances, Mamadou Moustapha Ba, qui venait de rencontrer la secr\u00e9taire au Tr\u00e9sor, Janet Yellen, a annonc\u00e9 \u00e0 la presse que la partie s\u00e9n\u00e9galaise a soumis \u00e0 ses partenaires am\u00e9ricains une requ\u00eate pour le financement du chemin de fer Dakar-Bamako. Le ministre des Finances et du budget a notamment d\u00e9clar\u00e9&nbsp;:&nbsp;\u00abUne requ\u00eate importante qui a retenu leur attention (de la secr\u00e9taire au Tr\u00e9sor et sa d\u00e9l\u00e9gation&nbsp;: Ndlr), pour pouvoir \u00eatre financ\u00e9e dans le cadre du Compact r\u00e9gional, c\u2019est la ligne du chemin de fer du corridor Dakar-Bamako-Niamey, et surtout le tron\u00e7on Dakar-Tambacounda, qui fait \u00e0 peu pr\u00e8s 500 km. Le chemin de fer est l\u2019une des priorit\u00e9s qui ont \u00e9t\u00e9 abord\u00e9es dans le cadre de nos relations avec les Etats-Unis en termes&nbsp;de&nbsp;financement.\u00bb<\/p>\n\n\n\n<p>Mamadou Moustapha Ba est optimiste parce que les Am\u00e9ricains ont \u00e9t\u00e9 enthousiasm\u00e9s par les r\u00e9alisations du S\u00e9n\u00e9gal dans ce domaine. Il a expliqu\u00e9 que \u00ables Am\u00e9ricains ont lou\u00e9 les efforts qui ont \u00e9t\u00e9 faits par le S\u00e9n\u00e9gal dans l\u2019am\u00e9nagement des corridors, surtout quand ils les observent dans le cadre de l\u2019int\u00e9gration r\u00e9gionale. Et dans l\u2019am\u00e9nagement des corridors, les Am\u00e9ricains ont vu que le pont de Rosso est \u00e0 un niveau d\u2019ex\u00e9cution tr\u00e8s satisfaisant, avec un financement de l\u2019ordre de 96 millions de dollars. Ils ont vu \u00e9galement que l\u2019autoroute Mbour-Fatick-Kaolack est en cours. C\u2019est tr\u00e8s important\u00bb. Car tout cela d\u00e9montre la volont\u00e9 du chef de l\u2019Etat s\u00e9n\u00e9galais de d\u00e9senclaver le territoire national, et surtout de faciliter les \u00e9changes internationaux entre les pays de la sous-r\u00e9gion, ce qui est tr\u00e8s encourageant.<\/p>\n\n\n\n<p><strong>3 milliards d\u2019euros pour r\u00e9habiliter le rail Dakar-Tamba<\/strong><br>Des appuis de partenaires aussi puissants \u00e9conomiquement ne sont pas n\u00e9gligeables. Des \u00e9tudes r\u00e9centes, faites dans le cadre de la remise en \u00e9tat de ce chemin de fer, ont indiqu\u00e9 qu\u2019il faudrait aujourd\u2019hui environ 2 milliards d\u2019euros pour r\u00e9habiliter une voie \u00e0 une ligne m\u00e9trique entre Dakar et Tambacounda. Une voie \u00e0 deux lignes m\u00e9triques n\u00e9cessiterait, selon les m\u00eames \u00e9tudes men\u00e9es avec la collaboration de Dakar-Bamako Ferroviaire, au moins 3 milliards d\u2019euros. Il est \u00e9vident que le S\u00e9n\u00e9gal n\u2019est pas encore financi\u00e8rement capable de consacrer autant de ressources propres \u00e0 une seule infrastructure, aussi vitale puisse-t-elle \u00eatre. D\u2019o\u00f9 l\u2019id\u00e9e de l\u2019int\u00e9grer dans un financement international qui comprendrait le d\u00e9senclavement des pays de l\u2019hinterland sous-r\u00e9gional, comme le Mali et le Niger, en passant par le Burkina sans doute.Toutefois, si cette question \u00e9tait importante, elle n\u2019a pas \u00e9t\u00e9 la seule qui ait \u00e9t\u00e9 soulev\u00e9e par les diff\u00e9rentes parties en termes de financement. L\u2019Argentier de l\u2019Etat a indiqu\u00e9 que le S\u00e9n\u00e9gal a dress\u00e9 devant Janet Yellen et sa d\u00e9l\u00e9gation, les autres priorit\u00e9s \u00e9conomiques du S\u00e9n\u00e9gal. Ainsi, d\u00e9clare-t-il, les h\u00f4tes am\u00e9ricains \u00abont pu voir quand m\u00eame qu\u2019au niveau des priorit\u00e9s de l\u2019investissement au S\u00e9n\u00e9gal, le premier poste prioritaire, c\u2019\u00e9taient les infrastructures et services de transport, le deuxi\u00e8me poste prioritaire, ce sont les infrastructures et services \u00e9nerg\u00e9tiques, et le troisi\u00e8me poste prioritaire, c\u2019est l\u2019agriculture. Voil\u00e0 les secteurs sur lesquels la secr\u00e9taire au Tr\u00e9sor a insist\u00e9\u00bb.<\/p>\n\n\n\n<p><strong>Gestion de la dette<\/strong><br>Tout cela pourrait \u00eatre facilit\u00e9 par la qualit\u00e9 de la signature du S\u00e9n\u00e9gal, et la bonne tenue de ses finances. Moustapha Ba a d\u00e9clar\u00e9 notamment que la gestion de la dette du S\u00e9n\u00e9gal a \u00e9t\u00e9 un point important des discussions.&nbsp;\u00abLa secr\u00e9taire au Tr\u00e9sor s\u2019est r\u00e9jouie du fait que le S\u00e9n\u00e9gal \u00e9tait le seul pays au niveau de la sous-r\u00e9gion \u00e0 comptabiliser sa dette de fa\u00e7on exhaustive et que cette dette comprenait aussi bien la dette de l\u2019administration centrale que celle du secteur parapublic. Ce que d\u2019autres pays ne font pas. Les Am\u00e9ricains ont \u00e9galement vu que le S\u00e9n\u00e9gal publiait \u00e0 chaque fois les rapports d\u2019audit de sa dette. Le premier rapport d\u2019audit a \u00e9t\u00e9 fait par un cabinet international qui a \u00e9t\u00e9 choisi en rapport \u00e0 des engagements que le S\u00e9n\u00e9gal avait pris dans le cadre de son programme \u00e9conomique et financier en 2021 et qui a conclu effectivement que la dette du S\u00e9n\u00e9gal \u00e9tait exhaustive. Et que le syst\u00e8me de comptabilisation \u00e9tait performant. L\u2019autre audit qui a \u00e9t\u00e9 fait, c\u2019\u00e9tait avec la Banque mondiale. C\u2019est le cadre de gestion de la dette. Nous avons une Direction de la dette qui est rattach\u00e9e au Tr\u00e9sor et qui g\u00e8re cette dette. Et maintenant, il y a aussi la Cour des comptes qui r\u00e9alise, chaque ann\u00e9e dans le cadre des lois et r\u00e8glements, l\u2019audit de la dette du S\u00e9n\u00e9gal. Donc, aussi bien du point de vue de la gestion de la dette que du point de vue du ratio d\u2019endettement, ils ont \u00e9t\u00e9 rassur\u00e9s par la transparence du S\u00e9n\u00e9gal dans la gestion de la dette.\u00bb<br><strong>mgueye@lequotidien.sn<\/strong><\/p>\n","protected":false},"excerpt":{"rendered":"<p>Le s\u00e9jour de la secr\u00e9taire am\u00e9ricaine au Tr\u00e9sor a \u00e9t\u00e9 l\u2019occasion pour le S\u00e9n\u00e9gal de remettre sur les rails le<\/p>\n","protected":false},"author":1,"featured_media":6651,"comment_status":"open","ping_status":"open","sticky":false,"template":"","format":"standard","meta":{"footnotes":""},"categories":[3],"tags":[],"class_list":["post-6650","post","type-post","status-publish","format-standard","has-post-thumbnail","hentry","category-event-more-news"],"_links":{"self":[{"href":"https:\/\/dekkbi.com\/index.php?rest_route=\/wp\/v2\/posts\/6650","targetHints":{"allow":["GET"]}}],"collection":[{"href":"https:\/\/dekkbi.com\/index.php?rest_route=\/wp\/v2\/posts"}],"about":[{"href":"https:\/\/dekkbi.com\/index.php?rest_route=\/wp\/v2\/types\/post"}],"author":[{"embeddable":true,"href":"https:\/\/dekkbi.com\/index.php?rest_route=\/wp\/v2\/users\/1"}],"replies":[{"embeddable":true,"href":"https:\/\/dekkbi.com\/index.php?rest_route=%2Fwp%2Fv2%2Fcomments&post=6650"}],"version-history":[{"count":1,"href":"https:\/\/dekkbi.com\/index.php?rest_route=\/wp\/v2\/posts\/6650\/revisions"}],"predecessor-version":[{"id":6652,"href":"https:\/\/dekkbi.com\/index.php?rest_route=\/wp\/v2\/posts\/6650\/revisions\/6652"}],"wp:featuredmedia":[{"embeddable":true,"href":"https:\/\/dekkbi.com\/index.php?rest_route=\/wp\/v2\/media\/6651"}],"wp:attachment":[{"href":"https:\/\/dekkbi.com\/index.php?rest_route=%2Fwp%2Fv2%2Fmedia&parent=6650"}],"wp:term":[{"taxonomy":"category","embeddable":true,"href":"https:\/\/dekkbi.com\/index.php?rest_route=%2Fwp%2Fv2%2Fcategories&post=6650"},{"taxonomy":"post_tag","embeddable":true,"href":"https:\/\/dekkbi.com\/index.php?rest_route=%2Fwp%2Fv2%2Ftags&post=6650"}],"curies":[{"name":"wp","href":"https:\/\/api.w.org\/{rel}","templated":true}]}}