{"id":6639,"date":"2023-01-20T13:56:38","date_gmt":"2023-01-20T13:56:38","guid":{"rendered":"https:\/\/dekkbi.com\/?p=6639"},"modified":"2023-01-20T13:56:40","modified_gmt":"2023-01-20T13:56:40","slug":"le-figaro-heurte-le-milieu-litteraire-en-qualifiant-levy-et-musso-de-nuls","status":"publish","type":"post","link":"https:\/\/dekkbi.com\/?p=6639","title":{"rendered":"Le Figaro heurte le milieu litt\u00e9raire en qualifiant Levy et Musso de \u00ab\u00a0nuls\u00a0\u00bb"},"content":{"rendered":"\n<h1 class=\"wp-block-heading\"><a href=\"https:\/\/www.addthis.com\/bookmark.php?v=300\"><\/a><a href=\"https:\/\/www.addthis.com\/bookmark.php?v=300\"><\/a><a rel=\"noreferrer noopener\" href=\"https:\/\/www.addthis.com\/bookmark.php?v=300\" target=\"_blank\"><\/a><a rel=\"noreferrer noopener\" href=\"https:\/\/www.addthis.com\/bookmark.php?v=300\" target=\"_blank\"><\/a><\/h1>\n\n\n\n<p>Le quotidien Le Figaro a heurt\u00e9 certains auteurs et \u00e9diteurs en publiant un article qui se demandait qui d&rsquo;entre les \u00e9crivains Guillaume Musso et Marc Levy \u00e9tait \u00ab\u00a0le plus nul\u00a0\u00bb.<\/p>\n\n\n\n<p>L&rsquo;article \u00ab\u00a0Marc Levy contre Guillaume Musso: qui est le plus nul?\u00a0\u00bb, publi\u00e9 sur le site internet du journal mercredi, est sign\u00e9 d&rsquo;un critique musical connu pour son ton caustique et ses jugements parfois s\u00e9v\u00e8res, Nicolas Ungemuth.<\/p>\n\n\n\n<p>Mais l&rsquo;attaque est mal pass\u00e9e contre ces deux romanciers tr\u00e8s appr\u00e9ci\u00e9s des lecteurs, puisqu&rsquo;en 2022 Guillaume Musso a \u00e9t\u00e9 le plus vendu en France (1,383 million d&rsquo;exemplaires au total) et Marc Levy le neuvi\u00e8me (630.000 exemplaires).<\/p>\n\n\n\n<p>\u00ab\u00a0Fiers d&rsquo;accompagner et honor\u00e9s d&rsquo;accompagner Marc Levy. Extr\u00eamement fiers\u00a0\u00bb, a \u00e9crit jeudi sur Twitter Mich\u00e8le Benbunan, la patronne d&rsquo;Editis, maison m\u00e8re des \u00e9ditions Robert Laffont.<\/p>\n\n\n\n<p>\u00ab\u00a0Nous sommes quant \u00e0 nous heureux et fiers d&rsquo;abriter au sein d&rsquo;Hachette Livre un auteur de la trempe de Guillaume Musso, capable de parler aux Fran\u00e7aises et aux Fran\u00e7ais de tous \u00e2ges et de toutes origines\u00a0\u00bb, a indiqu\u00e9 sur Linkedin le directeur g\u00e9n\u00e9ral d\u00e9l\u00e9gu\u00e9 d&rsquo;Hachette Livre, Fabrice Bakhouche.<\/p>\n\n\n\n<p>\u00ab\u00a0+Le plus nul+, c&rsquo;est bien votre article et sa condescendance. Soutien \u00e0 @Marc_Levy et @Guillaume_Musso\u00a0\u00bb, a affirm\u00e9 sur Twitter la romanci\u00e8re franco-britannique Tatiana de Rosnay.<\/p>\n\n\n\n<p>\u00ab\u00a0Sans cette litt\u00e9rature populaire les maisons d&rsquo;\u00e9dition ne pourraient pas publier des auteurs plus confidentiels. Le snobisme de ce milieu me d\u00e9go\u00fbte\u00a0\u00bb, a r\u00e9agi l&rsquo;\u00e9crivain et m\u00e9decin Baptiste Beaulieu.<\/p>\n\n\n\n<p>Juan Asensio, critique litt\u00e9raire tr\u00e8s peu adepte des auteurs de best-sellers, s&rsquo;est dit sceptique face \u00e0 cet article.<\/p>\n\n\n\n<p>\u00ab\u00a0Franchement, le @FigaroCulture pense-t-il vraiment qu&rsquo;en comparant Marc Levy \u00e0 Guillaume Musso, il s&rsquo;acquitte honn\u00eatement de son travail de critique litt\u00e9raire? (&#8230;) Que Nicolas Ungemuth compare plut\u00f4t Michel Houellebecq \u00e0 Yann Moix, qu&rsquo;on rigole!\u00a0\u00bb, a-t-il conseill\u00e9.<\/p>\n\n\n\n<p>Guillaume Musso lui-m\u00eame, qui sur les r\u00e9seaux sociaux se cantonne d&rsquo;habitude \u00e0 des annonces promotionnelles, avait r\u00e9agi d\u00e8s mercredi. \u00ab\u00a0En tout cas, nos livres sont moins path\u00e9tiques que vos articles\u00a0\u00bb, estimait-il.<\/p>\n\n\n\n<p>Le Figaro est le quotidien partenaire de l&rsquo;institut GfK pour le classement annuel des \u00e9crivains en nombre d&rsquo;exemplaires vendus.<\/p>\n\n\n\n<p>Paru mardi, l&rsquo;article qui annon\u00e7ait la premi\u00e8re place de Guillaume Musso pour la 12e ann\u00e9e cons\u00e9cutive relevait sobrement que \u00ab\u00a0Guillaume Musso caracole toujours en t\u00eate\u00a0\u00bb.<\/p>\n\n\n\n<p>\u00ab\u00a0Une vraie fiert\u00e9 pour Antibes\u00a0\u00bb, avait affirm\u00e9 sur Twitter le d\u00e9put\u00e9 des Alpes-Maritimes \u00c9ric Pauget, natif de la m\u00eame ville que l&rsquo;\u00e9crivain.<\/p>\n\n\n\n<p>CULTURE<a><\/a><\/p>\n\n\n\n<h1 class=\"wp-block-heading\">Le Figaro heurte le milieu litt\u00e9raire en qualifiant Levy et Musso de \u00ab\u00a0nuls\u00a0\u00bb<\/h1>\n\n\n\n<figure class=\"wp-block-image\"><img decoding=\"async\" src=\"https:\/\/information.tv5monde.com\/sites\/info.tv5monde.com\/files\/styles\/large\/public\/6a13e391b18eb36eae611d8adb9575374dc168cf.jpg?itok=59d8Womq\" alt=\"En ao\u00fbt 2009 dans une librairie de Caen, deux best-sellers de l&#039;\u00e9t\u00e9 sign\u00e9s Marc Levy et Guillaume Musso\" title=\"afp.com - MYCHELE DANIAU\"\/><\/figure>\n\n\n\n<p>En ao\u00fbt 2009 dans une librairie de Caen, deux best-sellers de l&rsquo;\u00e9t\u00e9 sign\u00e9s Marc Levy et Guillaume Musso<\/p>\n\n\n\n<p>afp.com &#8211; MYCHELE DANIAU<\/p>\n\n\n\n<p>19 JAN 2023<\/p>\n\n\n\n<p>Mise \u00e0 jour 19.01.2023 \u00e0 23:00<\/p>\n\n\n\n<p>&nbsp;<a href=\"https:\/\/information.tv5monde.com\/auteur\/afp\">AFP<\/a>&nbsp;<\/p>\n\n\n\n<p>\u00a9 2023 AFP<\/p>\n\n\n\n<p><a href=\"https:\/\/www.addthis.com\/bookmark.php?v=300\"><\/a><a href=\"https:\/\/www.addthis.com\/bookmark.php?v=300\"><\/a><a href=\"https:\/\/www.addthis.com\/bookmark.php?v=300\" rel=\"noreferrer noopener\" target=\"_blank\"><\/a><a href=\"https:\/\/www.addthis.com\/bookmark.php?v=300\" rel=\"noreferrer noopener\" target=\"_blank\"><\/a><\/p>\n\n\n\n<p>Le quotidien Le Figaro a heurt\u00e9 certains auteurs et \u00e9diteurs en publiant un article qui se demandait qui d&rsquo;entre les \u00e9crivains Guillaume Musso et Marc Levy \u00e9tait \u00ab\u00a0le plus nul\u00a0\u00bb.<\/p>\n\n\n\n<p>L&rsquo;article \u00ab\u00a0Marc Levy contre Guillaume Musso: qui est le plus nul?\u00a0\u00bb, publi\u00e9 sur le site internet du journal mercredi, est sign\u00e9 d&rsquo;un critique musical connu pour son ton caustique et ses jugements parfois s\u00e9v\u00e8res, Nicolas Ungemuth.<\/p>\n\n\n\n<p>Mais l&rsquo;attaque est mal pass\u00e9e contre ces deux romanciers tr\u00e8s appr\u00e9ci\u00e9s des lecteurs, puisqu&rsquo;en 2022 Guillaume Musso a \u00e9t\u00e9 le plus vendu en France (1,383 million d&rsquo;exemplaires au total) et Marc Levy le neuvi\u00e8me (630.000 exemplaires).<\/p>\n\n\n\n<p>\u00ab\u00a0Fiers d&rsquo;accompagner et honor\u00e9s d&rsquo;accompagner Marc Levy. Extr\u00eamement fiers\u00a0\u00bb, a \u00e9crit jeudi sur Twitter Mich\u00e8le Benbunan, la patronne d&rsquo;Editis, maison m\u00e8re des \u00e9ditions Robert Laffont.<\/p>\n\n\n\n<p>\u00ab\u00a0Nous sommes quant \u00e0 nous heureux et fiers d&rsquo;abriter au sein d&rsquo;Hachette Livre un auteur de la trempe de Guillaume Musso, capable de parler aux Fran\u00e7aises et aux Fran\u00e7ais de tous \u00e2ges et de toutes origines\u00a0\u00bb, a indiqu\u00e9 sur Linkedin le directeur g\u00e9n\u00e9ral d\u00e9l\u00e9gu\u00e9 d&rsquo;Hachette Livre, Fabrice Bakhouche.<\/p>\n\n\n\n<p>\u00ab\u00a0+Le plus nul+, c&rsquo;est bien votre article et sa condescendance. Soutien \u00e0 @Marc_Levy et @Guillaume_Musso\u00a0\u00bb, a affirm\u00e9 sur Twitter la romanci\u00e8re franco-britannique Tatiana de Rosnay.<\/p>\n\n\n\n<p>\u00ab\u00a0Sans cette litt\u00e9rature populaire les maisons d&rsquo;\u00e9dition ne pourraient pas publier des auteurs plus confidentiels. Le snobisme de ce milieu me d\u00e9go\u00fbte\u00a0\u00bb, a r\u00e9agi l&rsquo;\u00e9crivain et m\u00e9decin Baptiste Beaulieu.<\/p>\n\n\n\n<p>Juan Asensio, critique litt\u00e9raire tr\u00e8s peu adepte des auteurs de best-sellers, s&rsquo;est dit sceptique face \u00e0 cet article.<\/p>\n\n\n\n<p>\u00ab\u00a0Franchement, le @FigaroCulture pense-t-il vraiment qu&rsquo;en comparant Marc Levy \u00e0 Guillaume Musso, il s&rsquo;acquitte honn\u00eatement de son travail de critique litt\u00e9raire? (&#8230;) Que Nicolas Ungemuth compare plut\u00f4t Michel Houellebecq \u00e0 Yann Moix, qu&rsquo;on rigole!\u00a0\u00bb, a-t-il conseill\u00e9.<\/p>\n\n\n\n<p>Guillaume Musso lui-m\u00eame, qui sur les r\u00e9seaux sociaux se cantonne d&rsquo;habitude \u00e0 des annonces promotionnelles, avait r\u00e9agi d\u00e8s mercredi. \u00ab\u00a0En tout cas, nos livres sont moins path\u00e9tiques que vos articles\u00a0\u00bb, estimait-il.<\/p>\n\n\n\n<p>Le Figaro est le quotidien partenaire de l&rsquo;institut GfK pour le classement annuel des \u00e9crivains en nombre d&rsquo;exemplaires vendus.<\/p>\n\n\n\n<p>Paru mardi, l&rsquo;article qui annon\u00e7ait la premi\u00e8re place de Guillaume Musso pour la 12e ann\u00e9e cons\u00e9cutive relevait sobrement que \u00ab\u00a0Guillaume Musso caracole toujours en t\u00eate\u00a0\u00bb.<\/p>\n\n\n\n<p>\u00ab\u00a0Une vraie fiert\u00e9 pour Antibes\u00a0\u00bb, avait affirm\u00e9 sur Twitter le d\u00e9put\u00e9 des Alpes-Maritimes \u00c9ric Pauget, natif de la m\u00eame ville que l&rsquo;\u00e9crivain.<\/p>\n\n\n\n<h1 class=\"wp-block-heading\">Le Figaro heurte le milieu litt\u00e9raire en qualifiant Levy et Musso de \u00ab\u00a0nuls\u00a0\u00bb<\/h1>\n\n\n\n<figure class=\"wp-block-image\"><img decoding=\"async\" src=\"https:\/\/information.tv5monde.com\/sites\/info.tv5monde.com\/files\/styles\/large\/public\/6a13e391b18eb36eae611d8adb9575374dc168cf.jpg?itok=59d8Womq\" alt=\"En ao\u00fbt 2009 dans une librairie de Caen, deux best-sellers de l&#039;\u00e9t\u00e9 sign\u00e9s Marc Levy et Guillaume Musso\" title=\"afp.com - MYCHELE DANIAU\"\/><\/figure>\n\n\n\n<p>En ao\u00fbt 2009 dans une librairie de Caen, deux best-sellers de l&rsquo;\u00e9t\u00e9 sign\u00e9s Marc Levy et Guillaume Musso<\/p>\n\n\n\n<p>afp.com &#8211; MYCHELE DANIAU<\/p>\n\n\n\n<p>19 JAN 2023<\/p>\n\n\n\n<p>Mise \u00e0 jour 19.01.2023 \u00e0 23:00<\/p>\n\n\n\n<p>&nbsp;<a href=\"https:\/\/information.tv5monde.com\/auteur\/afp\">AFP<\/a>&nbsp;<\/p>\n\n\n\n<p>\u00a9 2023 AFP<\/p>\n\n\n\n<p><a href=\"https:\/\/www.addthis.com\/bookmark.php?v=300\"><\/a><a href=\"https:\/\/www.addthis.com\/bookmark.php?v=300\"><\/a><a href=\"https:\/\/www.addthis.com\/bookmark.php?v=300\" rel=\"noreferrer noopener\" target=\"_blank\"><\/a><a href=\"https:\/\/www.addthis.com\/bookmark.php?v=300\" rel=\"noreferrer noopener\" target=\"_blank\"><\/a><\/p>\n\n\n\n<p>Le quotidien Le Figaro a heurt\u00e9 certains auteurs et \u00e9diteurs en publiant un article qui se demandait qui d&rsquo;entre les \u00e9crivains Guillaume Musso et Marc Levy \u00e9tait \u00ab\u00a0le plus nul\u00a0\u00bb.<\/p>\n\n\n\n<p>L&rsquo;article \u00ab\u00a0Marc Levy contre Guillaume Musso: qui est le plus nul?\u00a0\u00bb, publi\u00e9 sur le site internet du journal mercredi, est sign\u00e9 d&rsquo;un critique musical connu pour son ton caustique et ses jugements parfois s\u00e9v\u00e8res, Nicolas Ungemuth.<\/p>\n\n\n\n<p>Mais l&rsquo;attaque est mal pass\u00e9e contre ces deux romanciers tr\u00e8s appr\u00e9ci\u00e9s des lecteurs, puisqu&rsquo;en 2022 Guillaume Musso a \u00e9t\u00e9 le plus vendu en France (1,383 million d&rsquo;exemplaires au total) et Marc Levy le neuvi\u00e8me (630.000 exemplaires).<\/p>\n\n\n\n<p>\u00ab\u00a0Fiers d&rsquo;accompagner et honor\u00e9s d&rsquo;accompagner Marc Levy. Extr\u00eamement fiers\u00a0\u00bb, a \u00e9crit jeudi sur Twitter Mich\u00e8le Benbunan, la patronne d&rsquo;Editis, maison m\u00e8re des \u00e9ditions Robert Laffont.<\/p>\n\n\n\n<p>\u00ab\u00a0Nous sommes quant \u00e0 nous heureux et fiers d&rsquo;abriter au sein d&rsquo;Hachette Livre un auteur de la trempe de Guillaume Musso, capable de parler aux Fran\u00e7aises et aux Fran\u00e7ais de tous \u00e2ges et de toutes origines\u00a0\u00bb, a indiqu\u00e9 sur Linkedin le directeur g\u00e9n\u00e9ral d\u00e9l\u00e9gu\u00e9 d&rsquo;Hachette Livre, Fabrice Bakhouche.<\/p>\n\n\n\n<p>\u00ab\u00a0+Le plus nul+, c&rsquo;est bien votre article et sa condescendance. Soutien \u00e0 @Marc_Levy et @Guillaume_Musso\u00a0\u00bb, a affirm\u00e9 sur Twitter la romanci\u00e8re franco-britannique Tatiana de Rosnay.<\/p>\n\n\n\n<p>\u00ab\u00a0Sans cette litt\u00e9rature populaire les maisons d&rsquo;\u00e9dition ne pourraient pas publier des auteurs plus confidentiels. Le snobisme de ce milieu me d\u00e9go\u00fbte\u00a0\u00bb, a r\u00e9agi l&rsquo;\u00e9crivain et m\u00e9decin Baptiste Beaulieu.<\/p>\n\n\n\n<p>Juan Asensio, critique litt\u00e9raire tr\u00e8s peu adepte des auteurs de best-sellers, s&rsquo;est dit sceptique face \u00e0 cet article.<\/p>\n\n\n\n<p>\u00ab\u00a0Franchement, le @FigaroCulture pense-t-il vraiment qu&rsquo;en comparant Marc Levy \u00e0 Guillaume Musso, il s&rsquo;acquitte honn\u00eatement de son travail de critique litt\u00e9raire? (&#8230;) Que Nicolas Ungemuth compare plut\u00f4t Michel Houellebecq \u00e0 Yann Moix, qu&rsquo;on rigole!\u00a0\u00bb, a-t-il conseill\u00e9.<\/p>\n\n\n\n<p>Guillaume Musso lui-m\u00eame, qui sur les r\u00e9seaux sociaux se cantonne d&rsquo;habitude \u00e0 des annonces promotionnelles, avait r\u00e9agi d\u00e8s mercredi. \u00ab\u00a0En tout cas, nos livres sont moins path\u00e9tiques que vos articles\u00a0\u00bb, estimait-il.<\/p>\n\n\n\n<p>Le Figaro est le quotidien partenaire de l&rsquo;institut GfK pour le classement annuel des \u00e9crivains en nombre d&rsquo;exemplaires vendus.<\/p>\n\n\n\n<p>Paru mardi, l&rsquo;article qui annon\u00e7ait la premi\u00e8re place de Guillaume Musso pour la 12e ann\u00e9e cons\u00e9cutive relevait sobrement que \u00ab\u00a0Guillaume Musso caracole toujours en t\u00eate\u00a0\u00bb.<\/p>\n\n\n\n<p>\u00ab\u00a0Une vraie fiert\u00e9 pour Antibes\u00a0\u00bb, avait affirm\u00e9 sur Twitter le d\u00e9put\u00e9 des Alpes-Maritimes \u00c9ric Pauget, natif de la m\u00eame ville que l&rsquo;\u00e9crivain.<\/p>\n","protected":false},"excerpt":{"rendered":"<p>Le quotidien Le Figaro a heurt\u00e9 certains auteurs et \u00e9diteurs en publiant un article qui se demandait qui d&rsquo;entre les<\/p>\n","protected":false},"author":1,"featured_media":6640,"comment_status":"open","ping_status":"open","sticky":false,"template":"","format":"standard","meta":{"footnotes":""},"categories":[46],"tags":[],"class_list":["post-6639","post","type-post","status-publish","format-standard","has-post-thumbnail","hentry","category-technology"],"_links":{"self":[{"href":"https:\/\/dekkbi.com\/index.php?rest_route=\/wp\/v2\/posts\/6639","targetHints":{"allow":["GET"]}}],"collection":[{"href":"https:\/\/dekkbi.com\/index.php?rest_route=\/wp\/v2\/posts"}],"about":[{"href":"https:\/\/dekkbi.com\/index.php?rest_route=\/wp\/v2\/types\/post"}],"author":[{"embeddable":true,"href":"https:\/\/dekkbi.com\/index.php?rest_route=\/wp\/v2\/users\/1"}],"replies":[{"embeddable":true,"href":"https:\/\/dekkbi.com\/index.php?rest_route=%2Fwp%2Fv2%2Fcomments&post=6639"}],"version-history":[{"count":1,"href":"https:\/\/dekkbi.com\/index.php?rest_route=\/wp\/v2\/posts\/6639\/revisions"}],"predecessor-version":[{"id":6641,"href":"https:\/\/dekkbi.com\/index.php?rest_route=\/wp\/v2\/posts\/6639\/revisions\/6641"}],"wp:featuredmedia":[{"embeddable":true,"href":"https:\/\/dekkbi.com\/index.php?rest_route=\/wp\/v2\/media\/6640"}],"wp:attachment":[{"href":"https:\/\/dekkbi.com\/index.php?rest_route=%2Fwp%2Fv2%2Fmedia&parent=6639"}],"wp:term":[{"taxonomy":"category","embeddable":true,"href":"https:\/\/dekkbi.com\/index.php?rest_route=%2Fwp%2Fv2%2Fcategories&post=6639"},{"taxonomy":"post_tag","embeddable":true,"href":"https:\/\/dekkbi.com\/index.php?rest_route=%2Fwp%2Fv2%2Ftags&post=6639"}],"curies":[{"name":"wp","href":"https:\/\/api.w.org\/{rel}","templated":true}]}}