{"id":6594,"date":"2023-01-20T11:01:01","date_gmt":"2023-01-20T11:01:01","guid":{"rendered":"https:\/\/dekkbi.com\/?p=6594"},"modified":"2023-01-20T11:01:02","modified_gmt":"2023-01-20T11:01:02","slug":"la-secretaire-americaine-au-tresor-va-prononcer-un-discours-majeur-sur-les-relations-economiques-entre-les-etats-unis-et-lafrique","status":"publish","type":"post","link":"https:\/\/dekkbi.com\/?p=6594","title":{"rendered":"La Secr\u00e9taire am\u00e9ricaine au Tr\u00e9sor va prononcer \u00a0\u00bbun discours majeur\u2019\u2019 sur les relations \u00e9conomiques entre les \u00c9tats-Unis et l\u2019Afrique"},"content":{"rendered":"\n<p>(APS) \u2013 La Secr\u00e9taire am\u00e9ricaine au Tr\u00e9sor, Janet L. Yellen, en visite au S\u00e9n\u00e9gal, prononcera ce vendredi \u2018\u2019un discours majeur\u2019\u2019 sur les relations \u00e9conomiques entre les \u00c9tats-Unis et l\u2019Afrique lors d\u2019une visite \u00e0 la D\u00e9l\u00e9gation g\u00e9n\u00e9rale \u00e0 l\u2019entrepreneuriat rapide des femmes et des jeunes (DER\/FJ), a appris l\u2019APS.<\/p>\n\n\n\n<p>La DER\/FJ soutenue par le gouvernement am\u00e9ricain est une structure ayant comme missions \u2018\u2019la d\u00e9finition et la mise en \u0153uvre de strat\u00e9gies de promotion de l\u2019auto-emploi des jeunes et des femmes, \u00a0la mobilisation des ressources et le financement de projets de cr\u00e9ation d\u2019entreprise et d\u2019activit\u00e9s g\u00e9n\u00e9ratrices de revenus, le renforcement des capacit\u00e9s techniques et manag\u00e9riales des b\u00e9n\u00e9ficiaires ; l\u2019encadrement et le suivi-\u00e9valuation des projets et activit\u00e9s financ\u00e9s\u2019\u2019.<\/p>\n\n\n\n<p>Dans un communiqu\u00e9, l\u2019ambassade am\u00e9ricaine \u00e0 Dakar souligne que \u2018\u2019le discours de la Secr\u00e9taire Yellen mettra en exergue le travail de l\u2019administration Biden-Harris pour approfondir les partenariats avec les pays africains et renforcer les liens \u00e9conomiques entre les \u00c9tats-Unis et l\u2019Afrique en \u00e9largissant les flux commerciaux et d\u2019investissement\u2019\u2019.<\/p>\n\n\n\n<p>L\u2019officielle am\u00e9ricaine \u2018\u2019\u00e9voquera les modalit\u00e9s du travail des \u00c9tats-Unis avec les dirigeants africains pour construire une \u00e9conomie plus r\u00e9siliente sur le continent qui profite \u00e0 leurs citoyens, aux \u00c9tats-Unis et au monde entier\u2019\u2019.<\/p>\n\n\n\n<p>La Secr\u00e9taire Yellen participera \u00e9galement \u00e0 un d\u00e9jeuner avec des chefs d\u2019entreprise de la Chambre de commerce am\u00e9ricaine au S\u00e9n\u00e9gal.<\/p>\n\n\n\n<p>Janet L. Yellen rencontre dans la journ\u00e9e le pr\u00e9sident Macky Sall, Mamadou Moustapha Ba, ministre des Finances et du Budget, Oulimata Sarr, ministre de l\u2019Economie, du Plan et de la Coop\u00e9ration.<\/p>\n\n\n\n<p>Samedi, Yellen visitera l\u2019\u00eele de Gor\u00e9e, un site du patrimoine mondial de l\u2019UNESCO et prononcera \u2018\u2019un bref discours dans lequel elle soulignera les liens historiques entre les \u00c9tats-Unis et l\u2019Afrique\u2019\u2019.<\/p>\n\n\n\n<p>Plus tard dans la journ\u00e9e, elle participera \u00e0 l\u2019inauguration d\u2019un projet d\u2019\u00e9lectrification rurale dirig\u00e9 par une soci\u00e9t\u00e9 d\u2019ing\u00e9nierie am\u00e9ricaine, Weldy Lamont, et prononcera une br\u00e8ve allocution soulignant les investissements am\u00e9ricains dans les infrastructures et le d\u00e9veloppement \u00e9conomique en Afrique.<\/p>\n\n\n\n<p>Selon l\u2019ambassade am\u00e9ricaine, \u2018\u2019ce projet est soutenu par Prosper Africa et b\u00e9n\u00e9ficie d\u2019un financement de 100 millions de dollars de la U.S. Export-Import Bank (EXIM) et devrait permettre l\u2019acc\u00e8s \u00e0 l\u2019\u00e9lectricit\u00e9 d\u2019environ 350 000 personnes, et faciliter la cr\u00e9ation d\u2019environ 500 emplois dans 14 Etats am\u00e9ricains\u2019\u2019.<\/p>\n\n\n\n<p>La Secr\u00e9taire au Tr\u00e9sor, Janet L. Yellen, effectue une visite au S\u00e9n\u00e9gal, en Zambie et en Afrique du Sud du 17 au 28 janvier.<\/p>\n\n\n\n<p>Durant ce s\u00e9jour sur le continent, elle \u2018\u2019soulignera le travail de l\u2019administration Biden-Harris pour approfondir les liens \u00e9conomiques entre les \u00c9tats-Unis et l\u2019Afrique, notamment au moyen du d\u00e9veloppement des flux commerciaux et d\u2019investissement et de la promotion d\u2019une croissance \u00e9conomique durable et inclusive\u2019\u2019.<\/p>\n\n\n\n<p>L\u2019ambassade am\u00e9ricaine rappelle que \u2018\u2019cette visite fait suite au Sommet des dirigeants Etats-Unis-Afrique qui s\u2019est tenu le mois dernier \u00e0 Washington, et au cours de laquelle le pr\u00e9sident Biden a annonc\u00e9 plus de 15 milliards de dollars d\u2019engagements, d\u2019accords et de partenariats bilat\u00e9raux en mati\u00e8re de commerce et d\u2019investissement\u2019\u2019.<\/p>\n","protected":false},"excerpt":{"rendered":"<p>(APS) \u2013 La Secr\u00e9taire am\u00e9ricaine au Tr\u00e9sor, Janet L. Yellen, en visite au S\u00e9n\u00e9gal, prononcera ce vendredi \u2018\u2019un discours majeur\u2019\u2019<\/p>\n","protected":false},"author":1,"featured_media":6595,"comment_status":"open","ping_status":"open","sticky":false,"template":"","format":"standard","meta":{"footnotes":""},"categories":[6],"tags":[],"class_list":["post-6594","post","type-post","status-publish","format-standard","has-post-thumbnail","hentry","category-politics"],"_links":{"self":[{"href":"https:\/\/dekkbi.com\/index.php?rest_route=\/wp\/v2\/posts\/6594","targetHints":{"allow":["GET"]}}],"collection":[{"href":"https:\/\/dekkbi.com\/index.php?rest_route=\/wp\/v2\/posts"}],"about":[{"href":"https:\/\/dekkbi.com\/index.php?rest_route=\/wp\/v2\/types\/post"}],"author":[{"embeddable":true,"href":"https:\/\/dekkbi.com\/index.php?rest_route=\/wp\/v2\/users\/1"}],"replies":[{"embeddable":true,"href":"https:\/\/dekkbi.com\/index.php?rest_route=%2Fwp%2Fv2%2Fcomments&post=6594"}],"version-history":[{"count":1,"href":"https:\/\/dekkbi.com\/index.php?rest_route=\/wp\/v2\/posts\/6594\/revisions"}],"predecessor-version":[{"id":6596,"href":"https:\/\/dekkbi.com\/index.php?rest_route=\/wp\/v2\/posts\/6594\/revisions\/6596"}],"wp:featuredmedia":[{"embeddable":true,"href":"https:\/\/dekkbi.com\/index.php?rest_route=\/wp\/v2\/media\/6595"}],"wp:attachment":[{"href":"https:\/\/dekkbi.com\/index.php?rest_route=%2Fwp%2Fv2%2Fmedia&parent=6594"}],"wp:term":[{"taxonomy":"category","embeddable":true,"href":"https:\/\/dekkbi.com\/index.php?rest_route=%2Fwp%2Fv2%2Fcategories&post=6594"},{"taxonomy":"post_tag","embeddable":true,"href":"https:\/\/dekkbi.com\/index.php?rest_route=%2Fwp%2Fv2%2Ftags&post=6594"}],"curies":[{"name":"wp","href":"https:\/\/api.w.org\/{rel}","templated":true}]}}