{"id":6562,"date":"2023-01-18T13:31:03","date_gmt":"2023-01-18T13:31:03","guid":{"rendered":"https:\/\/dekkbi.com\/?p=6562"},"modified":"2023-01-18T13:31:04","modified_gmt":"2023-01-18T13:31:04","slug":"50-ans-apres-sa-mort-amilcar-cabral-celebre-a-luniversite-de-ziguinchor","status":"publish","type":"post","link":"https:\/\/dekkbi.com\/?p=6562","title":{"rendered":"50 ans apr\u00e8s sa mort : Amilcar Cabral c\u00e9l\u00e9br\u00e9 \u00e0 l\u2019Universit\u00e9 de Ziguinchor"},"content":{"rendered":"\n<p>50<strong>\u00a0ans apr\u00e8s sa disparition, des universitaires ont d\u00e9cid\u00e9 de rendre hommage \u00e0 Amilcar Cabral \u00e0 travers un symposium qui aura lieu du 19 au 21 janvier \u00e0 l\u2019Universit\u00e9 Assane Seck de Ziguinchor. Lors de cet \u00e9v\u00e8nement, qui d\u00e9bute demain, le focus sera mis sur les multiples facettes de cette figure historique de la d\u00e9colonisation de l\u2019Afrique, qui continue d\u2019inspirer de nombreux Africains.<\/strong><\/p>\n\n\n\n<p><strong>Par Khady SONKO \u2013<\/strong>&nbsp;Il y a 50 ans disparaissait Amilcar Cabral, h\u00e9ros de la guerre d\u2019ind\u00e9pendance du Cap-Vert et de la Guin\u00e9e-Bissau. A Ziguinchor, l\u2019Universit\u00e9 Assane Seck a d\u00e9cid\u00e9 de lui rendre hommage \u00e0 travers un symposium international, pr\u00e9vu du 19 au 21 janvier. Le symposium est co-organis\u00e9 par le Laboratoire de recherche sur les institutions et la croissance (Linc) de l\u2019Universit\u00e9 Cheikh Anta Diop de Dakar (Ucad), le Laboratoire de recherche en sciences \u00e9conomiques et sociales (Larses) de l\u2019Uasz, le Laboratoire d\u2019\u00e9conomie appliqu\u00e9e et mod\u00e9lisation (Leam) de l\u2019Universit\u00e9 Amadou Matar Mbow (Uam) et l\u2019Association s\u00e9n\u00e9galaise de philosophie (Asephi).<\/p>\n\n\n\n<p>Ainsi, 46 communications sont pr\u00e9vues pour faire ressortir les multiples facettes de cette figure historique de l\u2019Afrique et m\u00eame du monde. \u00abC\u2019est loin d\u2019\u00eatre \u00e9tonnant, car Amilcar Cabral continue d\u2019inspirer de nombreux africains, et pas seulement, qui voient en lui un mod\u00e8le d\u2019homme d\u2019Etat qui a su concilier la th\u00e9orie et la pratique. Un grand nombre de travaux a \u00e9t\u00e9 consacr\u00e9 \u00e0 sa m\u00e9moire et sa contribution dans presque tous les domaines du savoir\u00bb, a d\u00e9clar\u00e9 Pr Fran\u00e7ois Joseph Cabral. L\u2019enseignant-chercheur \u00e0 l\u2019Ucad s\u2019exprimait hier \u00e0 l\u2019Uasz en conf\u00e9rence de presse en pr\u00e9lude \u00e0 cette comm\u00e9moration.<\/p>\n\n\n\n<p><strong>Son histoire avec la ville de Ziguinchor<\/strong><br>Il s\u2019agira de revisiter 50 ans apr\u00e8s sa mort, l\u2019h\u00e9ritage de cette figure historique africaine d\u2019origine guin\u00e9enne et des \u00eeles du Cap-Vert, qui fut un homme politique, fondateur du Parti africain pour l\u2019ind\u00e9pendance de la Guin\u00e9e-Bissau et du Cap-Vert (Paigc). Amilcar Cabral avait une vision d\u2019une Afrique lib\u00e9r\u00e9e qui reposait sur quelques postulats essentiels comme le respect de la dignit\u00e9 de l\u2019homme noir, le r\u00f4le incontournable de la jeunesse dans le d\u00e9veloppement du continent, la place d\u00e9terminante de la femme dans la strat\u00e9gie de d\u00e9veloppement des pays lib\u00e9r\u00e9s du joug colonial et la culture comme pilier de l\u2019\u0153uvre de reconstruction nationale.<\/p>\n\n\n\n<p>Des d\u00e9bats riches et int\u00e9ressants seront au menu de ce Colloque international dont les actes front l\u2019objet la production d\u2019un ouvrage collectif. Le choix de Ziguinchor pour abriter cet \u00e9v\u00e9nement s\u2019explique par les liens symboliques et historiques du personnage avec la ville. \u00abAmilcar Cabral appartient au patrimoine historique de Ziguinchor qui fut par ailleurs une base importante pour le Paigc\u00bb, rappelle Pr Fran\u00e7ois Joseph Cabral.<br><strong>ksonko@lequotidien.sn<\/strong><\/p>\n","protected":false},"excerpt":{"rendered":"<p>50\u00a0ans apr\u00e8s sa disparition, des universitaires ont d\u00e9cid\u00e9 de rendre hommage \u00e0 Amilcar Cabral \u00e0 travers un symposium qui aura<\/p>\n","protected":false},"author":1,"featured_media":6563,"comment_status":"open","ping_status":"open","sticky":false,"template":"","format":"standard","meta":{"footnotes":""},"categories":[21],"tags":[],"class_list":["post-6562","post","type-post","status-publish","format-standard","has-post-thumbnail","hentry","category-societe"],"_links":{"self":[{"href":"https:\/\/dekkbi.com\/index.php?rest_route=\/wp\/v2\/posts\/6562","targetHints":{"allow":["GET"]}}],"collection":[{"href":"https:\/\/dekkbi.com\/index.php?rest_route=\/wp\/v2\/posts"}],"about":[{"href":"https:\/\/dekkbi.com\/index.php?rest_route=\/wp\/v2\/types\/post"}],"author":[{"embeddable":true,"href":"https:\/\/dekkbi.com\/index.php?rest_route=\/wp\/v2\/users\/1"}],"replies":[{"embeddable":true,"href":"https:\/\/dekkbi.com\/index.php?rest_route=%2Fwp%2Fv2%2Fcomments&post=6562"}],"version-history":[{"count":1,"href":"https:\/\/dekkbi.com\/index.php?rest_route=\/wp\/v2\/posts\/6562\/revisions"}],"predecessor-version":[{"id":6564,"href":"https:\/\/dekkbi.com\/index.php?rest_route=\/wp\/v2\/posts\/6562\/revisions\/6564"}],"wp:featuredmedia":[{"embeddable":true,"href":"https:\/\/dekkbi.com\/index.php?rest_route=\/wp\/v2\/media\/6563"}],"wp:attachment":[{"href":"https:\/\/dekkbi.com\/index.php?rest_route=%2Fwp%2Fv2%2Fmedia&parent=6562"}],"wp:term":[{"taxonomy":"category","embeddable":true,"href":"https:\/\/dekkbi.com\/index.php?rest_route=%2Fwp%2Fv2%2Fcategories&post=6562"},{"taxonomy":"post_tag","embeddable":true,"href":"https:\/\/dekkbi.com\/index.php?rest_route=%2Fwp%2Fv2%2Ftags&post=6562"}],"curies":[{"name":"wp","href":"https:\/\/api.w.org\/{rel}","templated":true}]}}