{"id":6560,"date":"2023-01-18T12:46:14","date_gmt":"2023-01-18T12:46:14","guid":{"rendered":"https:\/\/dekkbi.com\/?p=6560"},"modified":"2023-01-18T12:46:15","modified_gmt":"2023-01-18T12:46:15","slug":"concession-du-ter-pour-3-ans-letat-et-la-sncf-proches-dun-accord","status":"publish","type":"post","link":"https:\/\/dekkbi.com\/?p=6560","title":{"rendered":"Concession du Ter pour 3 ans: L&rsquo;Etat et la Sncf proches d&rsquo;un accord !"},"content":{"rendered":"\n<p>L\u2019Etat du S\u00e9n\u00e9gal veut redonner l\u2019exploitation du Train Express r\u00e9gional \u00e0 la Soci\u00e9t\u00e9 nationale des Chemins de Fer de la France (Sncf). Hier mardi, le Dg de la soci\u00e9t\u00e9 fran\u00e7aise et Macky Sall en ont discut\u00e9.<\/p>\n\n\n\n<p>Le Directeur g\u00e9n\u00e9ral de la Sncf est \u00e0 Dakar. \u00a0Jean Pierre Farandou a rencontr\u00e9 hier Macky Sall. Durant leurs discussions, ils ont d\u00e9battu de la convention d\u2019exploitation du Train Express r\u00e9gional qui devrait lier l\u2019Etat \u00e0 la Sncf pour les trois prochaines ann\u00e9es.<br><br>\u00abC\u2019est un contrat d\u2019exploitation important qui liera l\u2019Etat s\u00e9n\u00e9galais \u00e0 la Sncf pour les trois ans qui viennent. En tout cas nous sommes tout \u00e0 fait proches d\u2019une signature\u00bb, a d\u00e9clar\u00e9 Jean-Pierre Farandou. Au Micro de la Rts, il a d\u00e9clar\u00e9 qu&rsquo;il reste \u00e0 travailler pour finaliser l\u2019accord.<br><br>Quel est le contenu de cet accord? Pour l&rsquo;instant rien n&rsquo;a \u00e9t\u00e9 dit dessus.<\/p>\n","protected":false},"excerpt":{"rendered":"<p>L\u2019Etat du S\u00e9n\u00e9gal veut redonner l\u2019exploitation du Train Express r\u00e9gional \u00e0 la Soci\u00e9t\u00e9 nationale des Chemins de Fer de la<\/p>\n","protected":false},"author":1,"featured_media":5430,"comment_status":"open","ping_status":"open","sticky":false,"template":"","format":"standard","meta":{"footnotes":""},"categories":[3],"tags":[],"class_list":["post-6560","post","type-post","status-publish","format-standard","has-post-thumbnail","hentry","category-event-more-news"],"_links":{"self":[{"href":"https:\/\/dekkbi.com\/index.php?rest_route=\/wp\/v2\/posts\/6560","targetHints":{"allow":["GET"]}}],"collection":[{"href":"https:\/\/dekkbi.com\/index.php?rest_route=\/wp\/v2\/posts"}],"about":[{"href":"https:\/\/dekkbi.com\/index.php?rest_route=\/wp\/v2\/types\/post"}],"author":[{"embeddable":true,"href":"https:\/\/dekkbi.com\/index.php?rest_route=\/wp\/v2\/users\/1"}],"replies":[{"embeddable":true,"href":"https:\/\/dekkbi.com\/index.php?rest_route=%2Fwp%2Fv2%2Fcomments&post=6560"}],"version-history":[{"count":1,"href":"https:\/\/dekkbi.com\/index.php?rest_route=\/wp\/v2\/posts\/6560\/revisions"}],"predecessor-version":[{"id":6561,"href":"https:\/\/dekkbi.com\/index.php?rest_route=\/wp\/v2\/posts\/6560\/revisions\/6561"}],"wp:featuredmedia":[{"embeddable":true,"href":"https:\/\/dekkbi.com\/index.php?rest_route=\/wp\/v2\/media\/5430"}],"wp:attachment":[{"href":"https:\/\/dekkbi.com\/index.php?rest_route=%2Fwp%2Fv2%2Fmedia&parent=6560"}],"wp:term":[{"taxonomy":"category","embeddable":true,"href":"https:\/\/dekkbi.com\/index.php?rest_route=%2Fwp%2Fv2%2Fcategories&post=6560"},{"taxonomy":"post_tag","embeddable":true,"href":"https:\/\/dekkbi.com\/index.php?rest_route=%2Fwp%2Fv2%2Ftags&post=6560"}],"curies":[{"name":"wp","href":"https:\/\/api.w.org\/{rel}","templated":true}]}}