{"id":65252,"date":"2025-12-16T12:36:57","date_gmt":"2025-12-16T12:36:57","guid":{"rendered":"https:\/\/dekkbi.com\/?p=65252"},"modified":"2025-12-16T12:36:58","modified_gmt":"2025-12-16T12:36:58","slug":"a-buenos-aires-le-premier-sommet-international-sur-les-abus-dans-lorganisation-catholique-opus-dei","status":"publish","type":"post","link":"https:\/\/dekkbi.com\/?p=65252","title":{"rendered":"\u00c0 Buenos Aires, le premier sommet international sur les abus dans l\u2019organisation catholique Opus Dei"},"content":{"rendered":"\n<p>La capitale argentine accueille ce mardi 16 d\u00e9cembre le premier sommet international consacr\u00e9 aux abus aussi bien sexuels que psychologiques perp\u00e9tr\u00e9s au sein de la puissante organisation catholique Opus Dei.<\/p>\n\n\n\n<p><strong><i>Avec Th\u00e9o Conscience<\/i>, <em>correspondant  RFI \u00e0 Buenos Aires,<\/em>\u00a0<\/strong><\/p>\n\n\n\n<p>Toute la journ\u00e9e, victimes, avocats et anciens membres de l\u2019Opus Dei vont partager leurs t\u00e9moignages et \u00e9changer sur les violences subies ou observ\u00e9es au sein de cette institution conservatrice, pr\u00e9sente dans une soixantaine de pays \u00e0 travers le monde.<\/p>\n\n\n\n<p>Le sommet abordera non seulement les abus sexuels et psychologiques, mais aussi des cas de traite d\u2019\u00eatres humains. Buenos Aires a \u00e9t\u00e9 choisie comme lieu symbolique : c\u2019est en\u00a0<strong>Argentine<\/strong>\u00a0que les accusations les plus graves p\u00e8sent contre l\u2019Opus Dei.<\/p>\n\n\n\n<h2 class=\"wp-block-heading\">Cinq pr\u00eatres mis en examen<\/h2>\n\n\n\n<p>Depuis 2021, 43 femmes accusent l\u2019organisation de les avoir \u00e9loign\u00e9es de leurs familles alors qu\u2019elles \u00e9taient adolescentes, pour les faire travailler comme domestiques pendant des d\u00e9cennies, sans salaire et dans des conditions indignes. La justice argentine a mis en examen cinq pr\u00eatres dans ce dossier, dont le num\u00e9ro 2 de l\u2019Opus Dei, qui nie cat\u00e9goriquement ces accusations.<\/p>\n\n\n\n<p>Les organisateurs du sommet esp\u00e8rent des mesures fortes de la part du pape\u00a0<strong>L\u00e9on XIV<\/strong>, qui les a re\u00e7us au Vatican en octobre, une premi\u00e8re, et qui a d\u00e9j\u00e0 exig\u00e9 de l\u2019Opus Dei de r\u00e9former ses statuts.<\/p>\n","protected":false},"excerpt":{"rendered":"<p>La capitale argentine accueille ce mardi 16 d\u00e9cembre le premier sommet international consacr\u00e9 aux abus aussi bien sexuels que psychologiques<\/p>\n","protected":false},"author":1,"featured_media":65253,"comment_status":"open","ping_status":"open","sticky":false,"template":"","format":"standard","meta":{"footnotes":""},"categories":[51],"tags":[],"class_list":["post-65252","post","type-post","status-publish","format-standard","has-post-thumbnail","hentry","category-general"],"_links":{"self":[{"href":"https:\/\/dekkbi.com\/index.php?rest_route=\/wp\/v2\/posts\/65252","targetHints":{"allow":["GET"]}}],"collection":[{"href":"https:\/\/dekkbi.com\/index.php?rest_route=\/wp\/v2\/posts"}],"about":[{"href":"https:\/\/dekkbi.com\/index.php?rest_route=\/wp\/v2\/types\/post"}],"author":[{"embeddable":true,"href":"https:\/\/dekkbi.com\/index.php?rest_route=\/wp\/v2\/users\/1"}],"replies":[{"embeddable":true,"href":"https:\/\/dekkbi.com\/index.php?rest_route=%2Fwp%2Fv2%2Fcomments&post=65252"}],"version-history":[{"count":1,"href":"https:\/\/dekkbi.com\/index.php?rest_route=\/wp\/v2\/posts\/65252\/revisions"}],"predecessor-version":[{"id":65254,"href":"https:\/\/dekkbi.com\/index.php?rest_route=\/wp\/v2\/posts\/65252\/revisions\/65254"}],"wp:featuredmedia":[{"embeddable":true,"href":"https:\/\/dekkbi.com\/index.php?rest_route=\/wp\/v2\/media\/65253"}],"wp:attachment":[{"href":"https:\/\/dekkbi.com\/index.php?rest_route=%2Fwp%2Fv2%2Fmedia&parent=65252"}],"wp:term":[{"taxonomy":"category","embeddable":true,"href":"https:\/\/dekkbi.com\/index.php?rest_route=%2Fwp%2Fv2%2Fcategories&post=65252"},{"taxonomy":"post_tag","embeddable":true,"href":"https:\/\/dekkbi.com\/index.php?rest_route=%2Fwp%2Fv2%2Ftags&post=65252"}],"curies":[{"name":"wp","href":"https:\/\/api.w.org\/{rel}","templated":true}]}}