{"id":65249,"date":"2025-12-16T12:30:25","date_gmt":"2025-12-16T12:30:25","guid":{"rendered":"https:\/\/dekkbi.com\/?p=65249"},"modified":"2025-12-16T12:30:26","modified_gmt":"2025-12-16T12:30:26","slug":"guerre-en-ukraine-des-progres-accomplis-lors-des-negociations-notamment-sur-les-garanties-de-securite","status":"publish","type":"post","link":"https:\/\/dekkbi.com\/?p=65249","title":{"rendered":"Guerre en Ukraine: des progr\u00e8s accomplis lors des n\u00e9gociations, notamment sur les garanties de s\u00e9curit\u00e9"},"content":{"rendered":"\n<p>Des n\u00e9gociateurs am\u00e9ricains ont assur\u00e9, lundi 15 d\u00e9cembre, que les \u00c9tats-Unis avaient offert \u00e0 Kiev des garanties de s\u00e9curit\u00e9 \u00ab<em>&nbsp;tr\u00e8s fortes<\/em>&nbsp;\u00bb mais n\u00e9anmoins acceptables selon eux pour la Russie. Des divergences persistent n\u00e9anmoins sur la question des concessions territoriales.&nbsp;<\/p>\n\n\n\n<p>Par :RFI<\/p>\n\n\n\n<p>Apr\u00e8s deux journ\u00e9es de discussions \u00e0 Berlin,\u00a0<strong>Friedrich Merz<\/strong>\u00a0comme\u00a0<strong>Volodymyr Zelensky<\/strong>\u00a0se sont f\u00e9licit\u00e9s des avanc\u00e9es sur une question centrale pour l\u2019<strong>Ukraine<\/strong>\u00a0: \u00e0 savoir des garanties de s\u00e9curit\u00e9 solides apr\u00e8s un cessez-le-feu, pour que\u00a0<strong>la Russie<\/strong>\u00a0soit \u00e0 l\u2019avenir dissuad\u00e9e d\u2019attaquer \u00e0 nouveau l\u2019Ukraine.<\/p>\n\n\n\n<p>Le chancelier allemand a parl\u00e9 de garanties de s\u00e9curit\u00e9 \u00ab&nbsp;<em>remarquables<\/em>&nbsp;\u00bb qui seraient offertes conjointement par les Am\u00e9ricains et les Europ\u00e9ens, rapporte notre correspondant \u00e0 Berlin,&nbsp;<strong>Pascal Thibaut<\/strong>. Pour le chancelier, il faut \u00e9viter les erreurs des accords de Minsk apr\u00e8s l\u2019annexion de la Crim\u00e9e par la Russie. Ces accords n\u2019avaient pas suffi \u00e0 prot\u00e9ger efficacement l\u2019Ukraine.<\/p>\n\n\n\n<p>\u00ab<em>&nbsp;Il y a un progr\u00e8s sur un certain nombre de questions ; nous avons \u00e9t\u00e9 entendus<\/em>&nbsp;\u00bb, a pr\u00e9cis\u00e9 Volodymyr Zelensky. Les n\u00e9gociations que le pr\u00e9sident ukrainien a eues dimanche et ce lundi avec les \u00e9missaires am\u00e9ricains Steve Witkoff et Jared Kushner semblent avoir permis d\u2019avancer.<\/p>\n\n\n\n<h2 class=\"wp-block-heading\">Diriger une \u00ab<em>&nbsp;force multinationale&nbsp;<\/em>\u00bb en Ukraine<\/h2>\n\n\n\n<p>Les dirigeants des principaux pays europ\u00e9ens et de l&rsquo;UE ont propos\u00e9 de diriger en Ukraine une \u00ab&nbsp;<em>force multinationale<\/em>&nbsp;\u00bb et de soutenir de mani\u00e8re \u00ab&nbsp;<em>durable&nbsp;<\/em>\u00bb l&rsquo;arm\u00e9e ukrainienne, limit\u00e9e \u00e0 800 000 soldats, selon une d\u00e9claration transmise par le gouvernement allemand. Cette force serait \u00ab&nbsp;<em>compos\u00e9e de contributions de nations volontaires, et soutenue par les \u00c9tats-Unis&nbsp;<\/em>\u00bb. Cette force&nbsp;permettrait aux militaires ukrainiens d\u2019\u00eatre d\u00e9lest\u00e9s de certaines missions pour se r\u00e9g\u00e9n\u00e9rer. Cette force serait \u00e9galement charg\u00e9e de s\u00e9curiser les espaces a\u00e9rien et maritime ukrainien.<\/p>\n\n\n\n<p>Selon ce document sign\u00e9 par les dirigeants allemand, fran\u00e7ais, britannique, danois, n\u00e9erlandais, finlandais, norv\u00e9gien, italien, polonais, su\u00e9dois et de l&rsquo;UE, ces responsables se sont entendus avec les \u00c9tats-Unis pour \u00ab<em>&nbsp;travailler ensemble pour fournir \u00e0 l&rsquo;Ukraine des garanties de s\u00e9curit\u00e9 solides et des mesures de soutien \u00e0 la reprise \u00e9conomique dans le cadre d&rsquo;un accord visant \u00e0 mettre fin \u00e0 la guerre<\/em>&nbsp;\u00bb. Cela inclurait de \u00ab&nbsp;<em>soutenir l&rsquo;Ukraine dans la constitution de ses forces arm\u00e9es, qui devraient rester \u00e0 un niveau de 800 000 soldats en temps de paix<\/em>&nbsp;\u00bb.<\/p>\n\n\n\n<p>Ils \u00e9voquent aussi \u00ab&nbsp;<em>un m\u00e9canisme de surveillance et de v\u00e9rification du cessez-le-feu dirig\u00e9 par les \u00c9tats-Unis&nbsp;<\/em>\u00bb. Le document souligne qu&rsquo;il appartient \u00ab&nbsp;<em>d\u00e9sormais \u00e0 la Russie de montrer sa volont\u00e9 d&rsquo;\u0153uvrer en faveur d&rsquo;une paix durable en acceptant le plan de paix du pr\u00e9sident Trump&nbsp;<\/em>\u00bb. Selon le m\u00eame texte, Moscou doit \u00ab&nbsp;<em>d\u00e9montrer son engagement \u00e0 mettre fin aux combats en acceptant un cessez-le-feu<\/em>&nbsp;\u00bb.<\/p>\n\n\n\n<h2 class=\"wp-block-heading\">Des garanties de s\u00e9curit\u00e9 \u00ab&nbsp;<em>tr\u00e8s fortes<\/em>&nbsp;\u00bb assurent les n\u00e9gociateurs am\u00e9ricains<\/h2>\n\n\n\n<p>Les \u00c9tats-Unis ont offert des \u00ab&nbsp;<em>garanties de s\u00e9curit\u00e9 tr\u00e8s fortes<\/em>&nbsp;\u00bb pour l&rsquo;Ukraine, semblables \u00e0 celles de l&rsquo;article 5 du trait\u00e9 de l&rsquo;Otan, a dit un haut responsable am\u00e9ricain.&nbsp;Cet article, pierre angulaire de l&rsquo;Organisation du trait\u00e9 de l&rsquo;Atlantique nord n\u00e9e pendant la guerre froide, pose un principe d&rsquo;assistance mutuelle dans le cas o\u00f9 l&rsquo;un des membres de l&rsquo;alliance de d\u00e9fense est attaqu\u00e9. Dans les faits, il place les \u00c9tats concern\u00e9s sous la protection militaire am\u00e9ricaine, notamment nucl\u00e9aire.<\/p>\n\n\n\n<p>\u00ab&nbsp;<em>Tout ce dont les Ukrainiens ont besoin selon nous pour se sentir en s\u00e9curit\u00e9 est inclus<\/em>&nbsp;\u00bb dans le volet s\u00e9curit\u00e9 du projet d&rsquo;accord, a insist\u00e9 ce haut responsable am\u00e9ricain pendant un entretien avec la presse.<\/p>\n\n\n\n<p>Un n\u00e9gociateur am\u00e9ricain qui participait lui aussi \u00e0 l&rsquo;\u00e9change t\u00e9l\u00e9phonique a toutefois averti que ces garanties de s\u00e9curit\u00e9 pour l&rsquo;Ukraine, dont il n&rsquo;a pas donn\u00e9 de d\u00e9tails concrets, \u00ab&nbsp;<em>ne seraient pas sur la table ind\u00e9finiment&nbsp;<\/em>\u00bb. Il a pr\u00e9cis\u00e9 que ces garanties de s\u00e9curit\u00e9&nbsp;demanderaient un vote du S\u00e9nat am\u00e9ricain et a ajout\u00e9 que \u00ab<em>&nbsp;le pr\u00e9sident Trump \u00e9tait pr\u00eat \u00e0 \u00e7a. Je crois que cela a particuli\u00e8rement surpris les Ukrainiens et les Europ\u00e9ens<\/em>&nbsp;\u00bb.&nbsp;<\/p>\n\n\n\n<p>Ce haut responsable am\u00e9ricain a \u00e9galement jug\u00e9 que la Russie \u00ab&nbsp;<em>allait accepter&nbsp;<\/em>\u00bb ces garanties de s\u00e9curit\u00e9.&nbsp;La question de garanties de s\u00e9curit\u00e9 est un point \u00e9minemment sensible pour Moscou, qui a toujours cat\u00e9goriquement rejet\u00e9 une adh\u00e9sion de l&rsquo;Ukraine \u00e0 l&rsquo;Otan.<\/p>\n\n\n\n<p>Ce lundi soir, Donald Trump a assur\u00e9 qu&rsquo;un accord sur l&rsquo;Ukraine n&rsquo;avait \u00ab<em>&nbsp;jamais&nbsp;<\/em>\u00bb \u00e9t\u00e9 aussi \u00ab&nbsp;<em>proche<\/em>&nbsp;\u00bb, apr\u00e8s s&rsquo;\u00eatre entretenu avec le pr\u00e9sident ukrainien Volodymyr Zelensky et plusieurs dirigeants europ\u00e9ens. \u00ab&nbsp;<em>Nous sommes plus proches aujourd&rsquo;hui que nous n&rsquo;avons jamais \u00e9t\u00e9<\/em>&nbsp;\u00bb d&rsquo;un accord mettant fin \u00e0 la guerre avec la Russie, a d\u00e9clar\u00e9 le pr\u00e9sident am\u00e9ricain dans le Bureau ovale.<\/p>\n\n\n\n<h2 class=\"wp-block-heading\">L&rsquo;\u00e9pineux sujet des concessions territoriales&nbsp;<\/h2>\n\n\n\n<p>Selon ces deux sources am\u00e9ricaines, les discussions avec les Ukrainiens auraient aussi permis de rapprocher les positions sur la\u00a0<strong>centrale nucl\u00e9aire de Zaporijjia<\/strong>, occup\u00e9e par Moscou dans le sud de l&rsquo;Ukraine.<\/p>\n\n\n\n<p>En revanche, Volodymyr Zelensky a reconnu que des divergences demeuraient avec les \u00c9tats-Unis sur l\u2019autre dossier d\u00e9licat&nbsp;: celui des concessions territoriales que pourrait faire l\u2019Ukraine. Kiev refuse, comme le pr\u00e9voit le plan am\u00e9ricain initial, de c\u00e9der l\u2019int\u00e9gralit\u00e9 du Donbass, y compris des zones non conquises par la Russie.&nbsp;Une proposition qui constitue une ligne rouge pour l\u2019Ukraine.<\/p>\n\n\n\n<p>Friedrich Merz a invit\u00e9 de nombreux chefs d\u2019\u00c9tat et de gouvernement fran\u00e7ais, britannique, polonais, italien ainsi que les dirigeants de l\u2019Union europ\u00e9enne et de l\u2019Otan. L&rsquo;objectif : afficher l\u2019unit\u00e9 de l\u2019Europe et sa solidarit\u00e9 avec l\u2019Ukraine m\u00eame si le dossier des avoirs gel\u00e9s russes suscite toujours des discussions.<\/p>\n","protected":false},"excerpt":{"rendered":"<p>Des n\u00e9gociateurs am\u00e9ricains ont assur\u00e9, lundi 15 d\u00e9cembre, que les \u00c9tats-Unis avaient offert \u00e0 Kiev des garanties de s\u00e9curit\u00e9 \u00ab&nbsp;tr\u00e8s<\/p>\n","protected":false},"author":1,"featured_media":65250,"comment_status":"open","ping_status":"open","sticky":false,"template":"","format":"standard","meta":{"footnotes":""},"categories":[51],"tags":[],"class_list":["post-65249","post","type-post","status-publish","format-standard","has-post-thumbnail","hentry","category-general"],"_links":{"self":[{"href":"https:\/\/dekkbi.com\/index.php?rest_route=\/wp\/v2\/posts\/65249","targetHints":{"allow":["GET"]}}],"collection":[{"href":"https:\/\/dekkbi.com\/index.php?rest_route=\/wp\/v2\/posts"}],"about":[{"href":"https:\/\/dekkbi.com\/index.php?rest_route=\/wp\/v2\/types\/post"}],"author":[{"embeddable":true,"href":"https:\/\/dekkbi.com\/index.php?rest_route=\/wp\/v2\/users\/1"}],"replies":[{"embeddable":true,"href":"https:\/\/dekkbi.com\/index.php?rest_route=%2Fwp%2Fv2%2Fcomments&post=65249"}],"version-history":[{"count":1,"href":"https:\/\/dekkbi.com\/index.php?rest_route=\/wp\/v2\/posts\/65249\/revisions"}],"predecessor-version":[{"id":65251,"href":"https:\/\/dekkbi.com\/index.php?rest_route=\/wp\/v2\/posts\/65249\/revisions\/65251"}],"wp:featuredmedia":[{"embeddable":true,"href":"https:\/\/dekkbi.com\/index.php?rest_route=\/wp\/v2\/media\/65250"}],"wp:attachment":[{"href":"https:\/\/dekkbi.com\/index.php?rest_route=%2Fwp%2Fv2%2Fmedia&parent=65249"}],"wp:term":[{"taxonomy":"category","embeddable":true,"href":"https:\/\/dekkbi.com\/index.php?rest_route=%2Fwp%2Fv2%2Fcategories&post=65249"},{"taxonomy":"post_tag","embeddable":true,"href":"https:\/\/dekkbi.com\/index.php?rest_route=%2Fwp%2Fv2%2Ftags&post=65249"}],"curies":[{"name":"wp","href":"https:\/\/api.w.org\/{rel}","templated":true}]}}