{"id":65247,"date":"2025-12-16T12:26:40","date_gmt":"2025-12-16T12:26:40","guid":{"rendered":"https:\/\/dekkbi.com\/?p=65247"},"modified":"2025-12-16T12:26:41","modified_gmt":"2025-12-16T12:26:41","slug":"attentat-de-sydney-les-assaillants-motives-par-lideologie-de-letat-islamique","status":"publish","type":"post","link":"https:\/\/dekkbi.com\/?p=65247","title":{"rendered":"Attentat de Sydney: les assaillants \u00abmotiv\u00e9s par l\u2019id\u00e9ologie\u00bb de l\u2019\u00c9tat islamique"},"content":{"rendered":"\n<p>Le Premier ministre australien Anthony Albanese a indiqu\u00e9, mardi 16 d\u00e9cembre, que les auteurs de l\u2019attentat sur une plage de Sydney, qui a fait au moins 15 morts et 42 bless\u00e9s, \u00e9taient probablement \u00ab<em>&nbsp;motiv\u00e9s par l\u2019id\u00e9ologie&nbsp;<\/em>\u00bb du groupe \u00ab&nbsp;<em>\u00c9tat islamique<\/em>&nbsp;\u00bb.<\/p>\n\n\n\n<p><strong>Par : RFI<\/strong><\/p>\n\n\n\n<p>Dimanche soir, Sajid et Naveed Akram, un p\u00e8re et son fils,\u00a0<strong>ont ouvert le feu<\/strong>\u00a0\u00e0 au moins 40 reprises, pendant une dizaine de minutes, sur la foule rassembl\u00e9e sur la plage de Bondi pour la f\u00eate juive de Hanouka.\u00a0<\/p>\n\n\n\n<p>Si les autorit\u00e9s avaient rapidement qualifi\u00e9 l\u2019attentat d\u2019antis\u00e9mite, elles n&rsquo;avaient toutefois pas encore pr\u00e9cis\u00e9 les motivations des assaillants.<\/p>\n\n\n\n<p>Ce mardi,\u00a0<strong>Anthony Albanese<\/strong>\u00a0a livr\u00e9 de premi\u00e8res indications laissant penser que les deux hommes s\u2019\u00e9taient radicalis\u00e9s avant l\u2019attaque. \u00ab\u00a0<em>Il semblerait que cela ait \u00e9t\u00e9 motiv\u00e9 par l\u2019id\u00e9ologie de l\u2019\u00c9tat islamique<\/em>\u00a0\u00bb, a d\u00e9clar\u00e9 le chef du gouvernement \u00e0 la cha\u00eene nationale ABC. Le fils, sorti du coma ce mardi matin, est actuellement interrog\u00e9 par la police. Son p\u00e8re a \u00e9t\u00e9, quant \u00e0 lui, abattu par la police lors de l&rsquo;attaque.<\/p>\n\n\n\n<h2 class=\"wp-block-heading\">Enqu\u00eate sur un voyage aux Philippines<\/h2>\n\n\n\n<p>Le v\u00e9hicule retrouv\u00e9 pr\u00e8s de la plage de Bondi, immatricul\u00e9 au nom du fils, contenait \u00ab<em>&nbsp;deux drapeaux de l\u2019\u00c9tat islamique confectionn\u00e9s \u00e0 la main<\/em>&nbsp;\u00bb et des engins explosifs improvis\u00e9s, a indiqu\u00e9 mardi Mal Lanyon, responsable de la police de Nouvelle-Galles du Sud.<\/p>\n\n\n\n<p>Les enqu\u00eateurs s\u2019int\u00e9ressent \u00e9galement \u00e0 un voyage \u00e0 Mindanao, aux Philippines, effectu\u00e9 par le p\u00e8re et le fils un mois avant les faits. \u00ab&nbsp;<em>Les raisons pour lesquelles ils sont all\u00e9s aux Philippines, l\u2019objectif de ce d\u00e9placement et les lieux qu\u2019ils ont visit\u00e9s font actuellement l\u2019objet d\u2019une enqu\u00eate&nbsp;<\/em>\u00bb, a pr\u00e9cis\u00e9 Mal Lanyon.<\/p>\n\n\n\n<p>Le sud de l\u2019archipel abrite des foyers extr\u00e9mistes li\u00e9s \u00e0 des attentats jihadistes. Le p\u00e8re s&rsquo;y serait rendu&nbsp;avec un passeport indien et son fils, avec un document australien, avant de suivre un entra\u00eenement de type militaire, a indiqu\u00e9 une source antiterroriste \u00e0 la cha\u00eene ABC.&nbsp;<\/p>\n\n\n\n<h2 class=\"wp-block-heading\">Dans le viseur des services de renseignement en 2019<\/h2>\n\n\n\n<p>Les autorit\u00e9s\u00a0<strong>australiennes<\/strong>\u00a0sont \u00e9galement de plus en plus interrog\u00e9es sur leur capacit\u00e9 \u00e0 pr\u00e9venir l\u2019attaque. Selon Anthony Albanese, Naveed Akram avait fait l\u2019objet de\u00a0<strong>v\u00e9rifications par les services de renseignement<\/strong>\u00a0en 2019, sans \u00eatre consid\u00e9r\u00e9 \u00e0 l\u2019\u00e9poque comme une menace imm\u00e9diate.<\/p>\n\n\n\n<p>\u00ab&nbsp;<em>Il a attir\u00e9 leur attention en raison de ses relations avec d\u2019autres<\/em>&nbsp;\u00bb, a expliqu\u00e9 le Premier ministre, pr\u00e9cisant que deux de ses contacts avaient \u00e9t\u00e9 inculp\u00e9s et emprisonn\u00e9s. Il aurait longtemps fr\u00e9quent\u00e9 un pr\u00e9dicateur jihadiste, ainsi qu\u2019un homme, depuis incarc\u00e9r\u00e9, qui recrutait des jeunes en Australie pour rejoindre l\u2019\u00c9tat islamique, rapporte notre correspondant \u00e0 Sydney,&nbsp;<strong>Gr\u00e9gory Plesse<\/strong>.<\/p>\n\n\n\n<p>Le jour de l\u2019attaque, le jeune homme avait indiqu\u00e9 \u00e0 sa m\u00e8re qu\u2019il partait p\u00eacher. Les autorit\u00e9s estiment qu\u2019il s\u2019est en r\u00e9alit\u00e9 retranch\u00e9 avec son p\u00e8re dans un appartement lou\u00e9 pour pr\u00e9parer l\u2019attaque.<\/p>\n","protected":false},"excerpt":{"rendered":"<p>Le Premier ministre australien Anthony Albanese a indiqu\u00e9, mardi 16 d\u00e9cembre, que les auteurs de l\u2019attentat sur une plage de<\/p>\n","protected":false},"author":1,"featured_media":65174,"comment_status":"open","ping_status":"open","sticky":false,"template":"","format":"standard","meta":{"footnotes":""},"categories":[51],"tags":[],"class_list":["post-65247","post","type-post","status-publish","format-standard","has-post-thumbnail","hentry","category-general"],"_links":{"self":[{"href":"https:\/\/dekkbi.com\/index.php?rest_route=\/wp\/v2\/posts\/65247","targetHints":{"allow":["GET"]}}],"collection":[{"href":"https:\/\/dekkbi.com\/index.php?rest_route=\/wp\/v2\/posts"}],"about":[{"href":"https:\/\/dekkbi.com\/index.php?rest_route=\/wp\/v2\/types\/post"}],"author":[{"embeddable":true,"href":"https:\/\/dekkbi.com\/index.php?rest_route=\/wp\/v2\/users\/1"}],"replies":[{"embeddable":true,"href":"https:\/\/dekkbi.com\/index.php?rest_route=%2Fwp%2Fv2%2Fcomments&post=65247"}],"version-history":[{"count":1,"href":"https:\/\/dekkbi.com\/index.php?rest_route=\/wp\/v2\/posts\/65247\/revisions"}],"predecessor-version":[{"id":65248,"href":"https:\/\/dekkbi.com\/index.php?rest_route=\/wp\/v2\/posts\/65247\/revisions\/65248"}],"wp:featuredmedia":[{"embeddable":true,"href":"https:\/\/dekkbi.com\/index.php?rest_route=\/wp\/v2\/media\/65174"}],"wp:attachment":[{"href":"https:\/\/dekkbi.com\/index.php?rest_route=%2Fwp%2Fv2%2Fmedia&parent=65247"}],"wp:term":[{"taxonomy":"category","embeddable":true,"href":"https:\/\/dekkbi.com\/index.php?rest_route=%2Fwp%2Fv2%2Fcategories&post=65247"},{"taxonomy":"post_tag","embeddable":true,"href":"https:\/\/dekkbi.com\/index.php?rest_route=%2Fwp%2Fv2%2Ftags&post=65247"}],"curies":[{"name":"wp","href":"https:\/\/api.w.org\/{rel}","templated":true}]}}