{"id":65239,"date":"2025-12-16T12:04:38","date_gmt":"2025-12-16T12:04:38","guid":{"rendered":"https:\/\/dekkbi.com\/?p=65239"},"modified":"2025-12-16T12:18:56","modified_gmt":"2025-12-16T12:18:56","slug":"violences-basees-sur-le-genre-vbg-plaidoyer-pour-une-reponse-nationale-harmonisee-et-multisectorielle","status":"publish","type":"post","link":"https:\/\/dekkbi.com\/?p=65239","title":{"rendered":"VGB: plaidoyer pour une r\u00e9ponse nationale harmonis\u00e9e et multisectorielle"},"content":{"rendered":"\n<p><strong>Un atelier de partage du protocole de collaboration multisectorielle et des outils de prise en charge harmonis\u00e9s pour les victimes survivantes de violences bas\u00e9es sur le genre (VBG) s\u2019est tenu le lundi 15 d\u00e9cembre 2025, r\u00e9unissant les principaux acteurs institutionnels, techniques et de la soci\u00e9t\u00e9 civile engag\u00e9s dans la lutte contre ce fl\u00e9au qui gangr\u00e8ne la soci\u00e9t\u00e9 s\u00e9n\u00e9galaise<\/strong><\/p>\n\n\n\n<p>La rencontre a enregistr\u00e9 les interventions successives des repr\u00e9sentants de la soci\u00e9t\u00e9 civile, de l\u2019Agence belge de coop\u00e9ration internationale Enabel, du Fonds des Nations unies pour la population (UNFPA) ainsi que du minist\u00e8re de la Famille, de l\u2019Action sociale et des Solidarit\u00e9s, repr\u00e9sent\u00e9 au nom de la ministre Maimouna Di\u00e8ye. Tous ont soulign\u00e9 l\u2019urgence d\u2019une r\u00e9ponse coordonn\u00e9e, coh\u00e9rente et efficace face \u00e0 l\u2019ampleur croissante des violences faites aux femmes et aux filles.<\/p>\n\n\n\n<p>Prenant la parole au nom d\u2019Enabel, son repr\u00e9sentant a rappel\u00e9 l\u2019engagement de l\u2019agence belge aux c\u00f4t\u00e9s de l\u2019\u00c9tat du S\u00e9n\u00e9gal, notamment \u00e0 travers la construction et l\u2019\u00e9quipement de centres de prise en charge holistique dans plusieurs r\u00e9gions du pays. Toutefois, il a point\u00e9 l\u2019un des d\u00e9fis majeurs : la non-effectivit\u00e9 de certains centres, li\u00e9e principalement \u00e0 l\u2019insuffisance ou \u00e0 l\u2019absence d\u2019affectation de personnel qualifi\u00e9. \u00c0 cet \u00e9gard, l\u2019exemple du centre de Kaffrine, rendu fonctionnel gr\u00e2ce \u00e0 un arr\u00eat\u00e9 du gouverneur, a \u00e9t\u00e9 cit\u00e9 comme une avanc\u00e9e encourageante, appelant \u00e0 des mesures similaires dans les autres r\u00e9gions.<\/p>\n\n\n\n<p>De son c\u00f4t\u00e9, la repr\u00e9sentante de l\u2019UNFPA s\u2019est appuy\u00e9e sur les donn\u00e9es alarmantes de l\u2019Agence nationale de la statistique et de la d\u00e9mographie (ANSD), qui r\u00e9v\u00e8lent une progression des cas de violences bas\u00e9es sur le genre, pass\u00e9s de 27 % \u00e0 31,9 % au cours des cinq derni\u00e8res ann\u00e9es. Elle a \u00e9galement \u00e9voqu\u00e9 la persistance de pratiques n\u00e9fastes telles que le mariage d\u2019enfants, dont le taux est estim\u00e9 \u00e0 12 %, ainsi que l\u2019augmentation pr\u00e9occupante des f\u00e9minicides. Autant d\u2019indicateurs qui, selon elle, imposent une mobilisation nationale renforc\u00e9e et durable.<\/p>\n\n\n\n<p>L\u2019UNFPA a salu\u00e9 les efforts de l\u2019\u00c9tat du S\u00e9n\u00e9gal, notamment la ratification des instruments juridiques internationaux et l\u2019adoption de lois majeures, dont celle criminalisant le viol. Toutefois, malgr\u00e9 ces avanc\u00e9es, le d\u00e9ficit de centres sp\u00e9cialis\u00e9s et surtout l\u2019absence d\u2019harmonisation des outils de prise en charge demeurent des obstacles majeurs \u00e0 une r\u00e9ponse efficace et \u00e9quitable sur l\u2019ensemble du territoire<\/p>\n\n\n\n<p>Au nom du minist\u00e8re de la Famille, de l\u2019Action sociale et des Solidarit\u00e9s, le repr\u00e9sentant de la ministre Maimouna Di\u00e8ye a insist\u00e9 sur la port\u00e9e strat\u00e9gique de cet atelier, organis\u00e9 dans le prolongement des 18 jours d\u2019activisme contre les violences faites aux femmes et aux filles. Il a rappel\u00e9 que la lutte contre les VBG est l\u2019affaire de tous : \u00c9tat, collectivit\u00e9s, soci\u00e9t\u00e9 civile, partenaires techniques et financiers, leaders religieux et coutumiers, m\u00e9dias et citoyens.<\/p>\n\n\n\n<p>Les \u00e9changes ont \u00e9galement mis en lumi\u00e8re l\u2019apport des \u00e9tudes socio-anthropologiques et psychologiques men\u00e9es en collaboration avec des institutions universitaires nationales et internationales, notamment l\u2019Universit\u00e9 catholique de Louvain, ainsi qu\u2019avec l\u2019ANSD. Ces travaux ont permis d\u2019identifier les insuffisances du dispositif existant et de justifier la n\u00e9cessit\u00e9 de standardiser les outils de r\u00e9f\u00e9rence, afin de garantir une prise en charge globale, int\u00e9gr\u00e9e et respectueuse des droits et de la dignit\u00e9 des survivantes<\/p>\n\n\n\n<p>Les participants ont convenu que les principaux d\u00e9fis r\u00e9sident dans la pr\u00e9vention, la disponibilit\u00e9 effective des centres d\u2019accueil, la coordination intersectorielle et l\u2019appropriation des nouveaux protocoles par tous les acteurs concern\u00e9s. Les solutions pr\u00e9conis\u00e9es reposent sur le renforcement de la collaboration multisectorielle, la formation continue des intervenants, la mobilisation de ressources humaines et financi\u00e8res suffisantes et l\u2019adh\u00e9sion de tous aux standards nationaux harmonis\u00e9s.<\/p>\n\n\n\n<p>LAMINE DIEDHIOU<\/p>\n","protected":false},"excerpt":{"rendered":"<p>Un atelier de partage du protocole de collaboration multisectorielle et des outils de prise en charge harmonis\u00e9s pour les victimes<\/p>\n","protected":false},"author":1,"featured_media":65240,"comment_status":"open","ping_status":"open","sticky":false,"template":"","format":"standard","meta":{"footnotes":""},"categories":[26],"tags":[],"class_list":["post-65239","post","type-post","status-publish","format-standard","has-post-thumbnail","hentry","category-fait-divers"],"_links":{"self":[{"href":"https:\/\/dekkbi.com\/index.php?rest_route=\/wp\/v2\/posts\/65239","targetHints":{"allow":["GET"]}}],"collection":[{"href":"https:\/\/dekkbi.com\/index.php?rest_route=\/wp\/v2\/posts"}],"about":[{"href":"https:\/\/dekkbi.com\/index.php?rest_route=\/wp\/v2\/types\/post"}],"author":[{"embeddable":true,"href":"https:\/\/dekkbi.com\/index.php?rest_route=\/wp\/v2\/users\/1"}],"replies":[{"embeddable":true,"href":"https:\/\/dekkbi.com\/index.php?rest_route=%2Fwp%2Fv2%2Fcomments&post=65239"}],"version-history":[{"count":2,"href":"https:\/\/dekkbi.com\/index.php?rest_route=\/wp\/v2\/posts\/65239\/revisions"}],"predecessor-version":[{"id":65246,"href":"https:\/\/dekkbi.com\/index.php?rest_route=\/wp\/v2\/posts\/65239\/revisions\/65246"}],"wp:featuredmedia":[{"embeddable":true,"href":"https:\/\/dekkbi.com\/index.php?rest_route=\/wp\/v2\/media\/65240"}],"wp:attachment":[{"href":"https:\/\/dekkbi.com\/index.php?rest_route=%2Fwp%2Fv2%2Fmedia&parent=65239"}],"wp:term":[{"taxonomy":"category","embeddable":true,"href":"https:\/\/dekkbi.com\/index.php?rest_route=%2Fwp%2Fv2%2Fcategories&post=65239"},{"taxonomy":"post_tag","embeddable":true,"href":"https:\/\/dekkbi.com\/index.php?rest_route=%2Fwp%2Fv2%2Ftags&post=65239"}],"curies":[{"name":"wp","href":"https:\/\/api.w.org\/{rel}","templated":true}]}}