{"id":65226,"date":"2025-12-16T11:06:21","date_gmt":"2025-12-16T11:06:21","guid":{"rendered":"https:\/\/dekkbi.com\/?p=65226"},"modified":"2025-12-16T11:06:22","modified_gmt":"2025-12-16T11:06:22","slug":"saly-portudal-reussite-des-joj-dakar-2026-les-autorites-territoriales-simpliquent","status":"publish","type":"post","link":"https:\/\/dekkbi.com\/?p=65226","title":{"rendered":"Saly-Portudal \u2013 r\u00e9ussite des JOJ Dakar-2026 : les autorit\u00e9s territoriales s\u2019impliquent"},"content":{"rendered":"\n<p><strong>Une r\u00e9union de coordination s\u2019est tenue hier \u00e0 Saly-Portudal entre la Direction G\u00e9n\u00e9rale de l\u2019Administration Territoriale (DGAT) et le Comit\u00e9 d\u2019Organisation des Jeux Olympiques de la Jeunesse (COJOJ). L\u2019objectif : Structurer et affirmer le r\u00f4le central des gouverneurs, pr\u00e9fets et sous-pr\u00e9fets dans la r\u00e9ussite des Jeux de 2026, un \u00e9v\u00e9nement pr\u00e9sent\u00e9 comme une c\u00e9l\u00e9bration nationale et panafricaine.<\/strong><\/p>\n\n\n\n<p>William Manel, le Directeur G\u00e9n\u00e9ral de l\u2019Administration Territoriale (DGAT), a&nbsp; rappel\u00e9 la dimension historique de l\u2019\u00e9v\u00e9nement.&nbsp;<em>\u00abLes JOJ sont un \u00e9v\u00e9nement sportif de niveau mondial qui doivent se tenir dans notre pays l\u2019ann\u00e9e prochaine<\/em>\u00bb, a-t-il d\u00e9clar\u00e9, soulignant l\u2019engagement total de l\u2019\u00c9tat.<\/p>\n\n\n\n<p>M. Manel a insist\u00e9 sur le fait que les autorit\u00e9s administratives territoriales, en tant que&nbsp;<em>\u00abd\u00e9l\u00e9gu\u00e9s du chef de l\u2019\u00c9tat\u00bb<\/em>&nbsp;et&nbsp;<em>\u00abrepr\u00e9sentants du gouvernement\u00bb,<\/em>&nbsp;sont les incarnations naturelles de cette mobilisation.&nbsp;<em>\u00abQui mieux qu\u2019elles peuvent incarner cette pr\u00e9paration, la porter, mais \u00e9galement faire participer toutes les forces vives dans les r\u00e9gions et les d\u00e9partements ?\u00bb,&nbsp;<\/em>a-t-il lanc\u00e9.<\/p>\n\n\n\n<p><strong>UNE DEMANDE CLAIRE SIED POUR PLUS D\u2019IMPLICATION ET DE RESPONSABILISATION<\/strong><\/p>\n\n\n\n<p>Le c\u0153ur des \u00e9changes a port\u00e9 sur l\u2019op\u00e9rationnalisation de cette implication. Les responsables territoriaux pr\u00e9sents ont exprim\u00e9 un besoin fort d\u2019\u00eatre&nbsp;<em>\u00abdavantage impliqu\u00e9s\u00bb&nbsp;<\/em>et&nbsp;<em>\u00abresponsabilis\u00e9s\u00bb<\/em>. Ils se consid\u00e8rent comme des&nbsp;<em>\u00abacteurs cl\u00e9s\u00bb<\/em>&nbsp;aussi bien pour la logistique, la mobilisation populaire que la participation citoyenne.&nbsp;<em>\u00abIl est tout \u00e0 fait normal que le gouverneur, le pr\u00e9fet, le sous-pr\u00e9fet et m\u00eame les autorit\u00e9s territoriales, les maires, soient davantage impliqu\u00e9s\u00bb<\/em>, a plaid\u00e9 William Manel. Il a transmis un message ferme aux \u00e9chelons locaux : faire des JOJ&nbsp;<em>\u00abun \u00e9v\u00e9nement national, populaire, qui va interpeller toutes les forces vives de la nation s\u00e9n\u00e9galaise\u00bb.<\/em><\/p>\n\n\n\n<p>Selon lui, il faut corriger les rat\u00e9s et restaurer l\u2019autorit\u00e9 de terrain. Le ton s\u2019est fait plus direct lorsque le DGAT a \u00e9voqu\u00e9 les ajustements n\u00e9cessaires. M. Manel a \u00e9mis le v\u0153u que&nbsp;<em>\u00abtous les rat\u00e9s qui ont eu peut-\u00eatre \u00e0 \u00eatre relev\u00e9e, que ces retours-l\u00e0 puissent \u00eatre corrig\u00e9s tr\u00e8s rapidement\u00bb.<\/em>&nbsp;Il a associ\u00e9 cette correction \u00e0 la n\u00e9cessit\u00e9 de&nbsp;<em>\u00abremettre en place l\u2019autorit\u00e9 administrative\u00bb<\/em>&nbsp;sur le terrain. Cet appel semble viser \u00e0 clarifier les cha\u00eenes de d\u00e9cision et \u00e0 garantir que les repr\u00e9sentants de l\u2019\u00c9tat dans les territoires aient toute la latitude n\u00e9cessaire pour agir, en tant que&nbsp;<em>\u00abd\u00e9l\u00e9gataires des pouvoirs de l\u2019\u00c9tat\u00bb&nbsp;<\/em>sur des jeux qui&nbsp;<em>\u00abse d\u00e9roulent dans les territoires\u00bb<\/em>.<\/p>\n\n\n\n<p><strong>LE SENEGAL ET L\u2019AFRIQUE A L\u2019HONNEUR<\/strong><\/p>\n\n\n\n<p>Au-del\u00e0 des consid\u00e9rations organisationnelles, les discours ont soulign\u00e9 la port\u00e9e symbolique de l\u2019\u00e9v\u00e9nement. William Manel l\u2019a pr\u00e9sent\u00e9 comme un moment o\u00f9&nbsp;<em>\u00abc\u2019est le S\u00e9n\u00e9gal qui est \u00e0 l\u2019honneur, et \u00e0 travers le S\u00e9n\u00e9gal, c\u2019est l\u2019Afrique qui sera en f\u00eate, \u00e0 travers nos jeunes\u00bb<\/em>.<\/p>\n\n\n\n<p>Un repr\u00e9sentant du COJOJ, pr\u00e9sent \u00e0 la r\u00e9union, a confirm\u00e9 la dynamique de pr\u00e9paration, soulignant la rapidit\u00e9 de la mise en place et l\u2019engagement de l\u2019\u00e9quipe sur le terrain.<\/p>\n\n\n\n<p>Un optimisme&nbsp; est affich\u00e9 malgr\u00e9 les d\u00e9fis. Les participants sont&nbsp;<em>\u00abressortis tr\u00e8s, tr\u00e8s rassur\u00e9s\u00bb<\/em>&nbsp;des \u00e9changes, selon les termes du DGAT. La r\u00e9union a permis un partage d\u2019informations et une clarification des attentes r\u00e9ciproques. Reste d\u00e9sormais \u00e0 traduire cette volont\u00e9 affich\u00e9e d\u2019implication territoriale en actions concr\u00e8tes et coordonn\u00e9es, pour relever le d\u00e9fi d\u2019organiser les premiers Jeux Olympiques sur le sol africain.<\/p>\n\n\n\n<p>La balle est maintenant dans le camp de l\u2019administration territoriale pour d\u00e9cliner localement ce projet national, tandis que le comit\u00e9 d\u2019organisation devra int\u00e9grer pleinement ces maillons essentiels \u00e0 son dispositif. La r\u00e9ussite des JOJ 2026 se jouera aussi dans les pr\u00e9fectures et les r\u00e9gions du S\u00e9n\u00e9gal.<\/p>\n\n\n\n<p><strong>Samba Ni\u00e9b\u00e9 BA\u00a0<\/strong><br>SUDQUOTIDIEN<\/p>\n","protected":false},"excerpt":{"rendered":"<p>Une r\u00e9union de coordination s\u2019est tenue hier \u00e0 Saly-Portudal entre la Direction G\u00e9n\u00e9rale de l\u2019Administration Territoriale (DGAT) et le Comit\u00e9<\/p>\n","protected":false},"author":1,"featured_media":65227,"comment_status":"open","ping_status":"open","sticky":false,"template":"","format":"standard","meta":{"footnotes":""},"categories":[9],"tags":[],"class_list":["post-65226","post","type-post","status-publish","format-standard","has-post-thumbnail","hentry","category-sports"],"_links":{"self":[{"href":"https:\/\/dekkbi.com\/index.php?rest_route=\/wp\/v2\/posts\/65226","targetHints":{"allow":["GET"]}}],"collection":[{"href":"https:\/\/dekkbi.com\/index.php?rest_route=\/wp\/v2\/posts"}],"about":[{"href":"https:\/\/dekkbi.com\/index.php?rest_route=\/wp\/v2\/types\/post"}],"author":[{"embeddable":true,"href":"https:\/\/dekkbi.com\/index.php?rest_route=\/wp\/v2\/users\/1"}],"replies":[{"embeddable":true,"href":"https:\/\/dekkbi.com\/index.php?rest_route=%2Fwp%2Fv2%2Fcomments&post=65226"}],"version-history":[{"count":1,"href":"https:\/\/dekkbi.com\/index.php?rest_route=\/wp\/v2\/posts\/65226\/revisions"}],"predecessor-version":[{"id":65228,"href":"https:\/\/dekkbi.com\/index.php?rest_route=\/wp\/v2\/posts\/65226\/revisions\/65228"}],"wp:featuredmedia":[{"embeddable":true,"href":"https:\/\/dekkbi.com\/index.php?rest_route=\/wp\/v2\/media\/65227"}],"wp:attachment":[{"href":"https:\/\/dekkbi.com\/index.php?rest_route=%2Fwp%2Fv2%2Fmedia&parent=65226"}],"wp:term":[{"taxonomy":"category","embeddable":true,"href":"https:\/\/dekkbi.com\/index.php?rest_route=%2Fwp%2Fv2%2Fcategories&post=65226"},{"taxonomy":"post_tag","embeddable":true,"href":"https:\/\/dekkbi.com\/index.php?rest_route=%2Fwp%2Fv2%2Ftags&post=65226"}],"curies":[{"name":"wp","href":"https:\/\/api.w.org\/{rel}","templated":true}]}}