{"id":65217,"date":"2025-12-16T10:43:27","date_gmt":"2025-12-16T10:43:27","guid":{"rendered":"https:\/\/dekkbi.com\/?p=65217"},"modified":"2025-12-16T10:43:27","modified_gmt":"2025-12-16T10:43:27","slug":"investissement-productif-et-mobilisation-des-ressources-letat-renforce-le-pari-de-la-diaspora","status":"publish","type":"post","link":"https:\/\/dekkbi.com\/?p=65217","title":{"rendered":"Investissement productif et mobilisation des ressources: l\u2019Etat renforce le pari de la diaspora"},"content":{"rendered":"\n<p>Pr\u00e9sidant la c\u00e9r\u00e9monie solennelle de remise des financements du Fonds d\u2019appui \u00e0 l\u2019investissement des S\u00e9n\u00e9galais de l\u2019ext\u00e9rieur (Faise), le secr\u00e9taire d\u2019\u00c9tat aupr\u00e8s du ministre de l\u2019Int\u00e9gration africaine, des Affaires \u00e9trang\u00e8res et des S\u00e9n\u00e9galais de l\u2019ext\u00e9rieur, Amadou Ch\u00e9rif Diouf, a mis en exergue la place centrale de la diaspora dans la dynamique de transformation \u00e9conomique du pays. Revenant sur l\u2019ampleur des transferts de fonds et sur le renforcement des m\u00e9canismes publics d\u2019accompagnement, il a appel\u00e9 \u00e0 un usage rigoureux et responsable des ressources allou\u00e9es, condition essentielle de la p\u00e9rennit\u00e9 du dispositif et de la confiance entre l\u2019\u00c9tat et les S\u00e9n\u00e9galais \u00e9tablis \u00e0 l\u2019\u00e9tranger.<\/p>\n\n\n\n<p>Le secr\u00e9taire d\u2019\u00c9tat aupr\u00e8s du ministre de l\u2019Int\u00e9gration africaine, des Affaires \u00e9trang\u00e8res et des S\u00e9n\u00e9galais de l\u2019ext\u00e9rieur, Amadou Ch\u00e9rif Diouf, a pr\u00e9sid\u00e9 la c\u00e9r\u00e9monie solennelle de remise des financements du Fonds d\u2019appui \u00e0 l\u2019investissement des S\u00e9n\u00e9galais de l\u2019ext\u00e9rieur (Faise). Il a ouvert son allocution en \u00e9voquant la satisfaction profonde qui accompagne l\u2019exercice de la fonction publique lorsque des id\u00e9es se transforment en r\u00e9alit\u00e9s tangibles. Il a ainsi situ\u00e9 l\u2019\u00e9v\u00e9nement du jour bien au-del\u00e0 d\u2019une simple formalit\u00e9 administrative, voyant l\u2019aboutissement d\u2019une volont\u00e9 politique et la mat\u00e9rialisation d\u2019une confiance accord\u00e9e. Le c\u0153ur de son propos a r\u00e9sid\u00e9 dans l\u2019affirmation du r\u00f4le fondamental des S\u00e9n\u00e9galais \u00e9tablis \u00e0 l\u2019\u00e9tranger dans la construction \u00e9conomique du pays. La vision port\u00e9e par le gouvernement, a-t-il expliqu\u00e9, consiste pr\u00e9cis\u00e9ment \u00e0 les mobiliser de mani\u00e8re pleine et enti\u00e8re et \u00e0 les associer de fa\u00e7on structurelle au processus de transformation et de d\u00e9veloppement en cours. Pour \u00e9tayer cette conviction par des donn\u00e9es incontestables, il a rappel\u00e9 une r\u00e9alit\u00e9 \u00e9conomique majeure, souvent sous-estim\u00e9e : les transferts de fonds officiels envoy\u00e9s annuellement par la diaspora surpassent les investissements directs \u00e9trangers. Il a cit\u00e9 le chiffre de 2.211 milliards de Fcfa transf\u00e9r\u00e9s via les canaux officiels en 2024, un montant d\u00e9j\u00e0 colossal. Toutefois, connaissant la propension de nos compatriotes \u00e0 utiliser \u00e9galement des circuits informels, il a laiss\u00e9 entendre que le volume total des ressources inject\u00e9es dans l\u2019\u00e9conomie nationale par ce biais \u00e9tait tr\u00e8s probablement bien sup\u00e9rieur, repr\u00e9sentant une manne financi\u00e8re vitale.<\/p>\n\n\n\n<p>Ces flux, a poursuivi le secr\u00e9taire d\u2019\u00c9tat, constituent bien plus qu\u2019une aide aux familles ; ils repr\u00e9sentent une opportunit\u00e9 unique et puissante pour am\u00e9liorer durablement les conditions de vie \u00e0 l\u2019\u00e9chelle nationale et impulser une dynamique de croissance endog\u00e8ne. Il a alors introduit une r\u00e9flexion sur la solidarit\u00e9 internationale, reconnaissant la noblesse de l\u2019aide publique au d\u00e9veloppement, tout en affirmant avec force que la premi\u00e8re des solidarit\u00e9s devait commencer par les nationaux eux-m\u00eames. Dans cette logique, il est devenu imp\u00e9ratif que les comp\u00e9tences, l\u2019\u00e9nergie et les ressources de la diaspora soient int\u00e9gr\u00e9es comme une partie prenante active et reconnue des efforts nationaux. L\u2019engouement croissant pour des instruments tels que le Faise en est, \u00e0 ses yeux, la preuve la plus tangible et le signe d\u2019une volont\u00e9 collective d\u2019inventer un avenir partag\u00e9. Deux axes compl\u00e9mentaires Cette politique, a-t-il tenu \u00e0 pr\u00e9ciser, s\u2019inscrit en parfaite coh\u00e9rence avec la ligne directrice trac\u00e9e par le Pr\u00e9sident de la R\u00e9publique, Son Excellence Bassirou Diomaye Faye, et le Premier ministre, M. Ousmane Sonko, qui accordent une importance primordiale aux questions touchant \u00e0 la vie et \u00e0 la participation des compatriotes \u00e9tablis \u00e0 l\u2019ext\u00e9rieur.<\/p>\n\n\n\n<p>Pleinement instruits de cette ambition pr\u00e9sidentielle, lui et son d\u00e9partement minist\u00e9riel sont mobilis\u00e9s pour cr\u00e9er toutes les conditions propices \u00e0 une implication accrue et fructueuse de la diaspora dans la marche du pays. Une traduction concr\u00e8te de cet engagement r\u00e9side dans le renforcement significatif de l\u2019enveloppe budg\u00e9taire d\u00e9di\u00e9e au financement de leurs projets. Le dispositif du Faise, a-t-il rappel\u00e9, se structure autour de deux axes compl\u00e9mentaires : le premier vise \u00e0 accompagner les projets d\u2019investissement port\u00e9s au S\u00e9n\u00e9gal m\u00eame par les expatri\u00e9s, tandis que le second est sp\u00e9cifiquement con\u00e7u pour soutenir l\u2019entrepreneuriat de ces m\u00eames S\u00e9n\u00e9galais dans leur pays de r\u00e9sidence, permettant ainsi de valoriser leurs initiatives \u00e0 l\u2019\u00e9chelle mondiale. Par ailleurs, M. Diouf a insist\u00e9 sur un point qu\u2019il juge essentiel : la n\u00e9cessit\u00e9 absolue d\u2019un usage rigoureux, transparent et responsable des financements octroy\u00e9s.<\/p>\n\n\n\n<p>L\u2019avenir m\u00eame du fonds, mais aussi la qualit\u00e9 de la relation de confiance entre l\u2019\u00c9tat et la diaspora, d\u00e9pendent de cette exigence. Il a ensuite adress\u00e9 des f\u00e9licitations officielles, saluant le travail accompli par l\u2019administrateur du Faise et l\u2019ensemble des directeurs techniques pour la qualit\u00e9 et l\u2019int\u00e9grit\u00e9 du processus de s\u00e9lection des dossiers. S\u2019adressant aux b\u00e9n\u00e9ficiaires, il les a f\u00e9licit\u00e9s pour leur succ\u00e8s, tout en les invitant, avec une franchise constructive, \u00e0 s\u2019engager pleinement dans la mise en \u0153uvre de leurs projets, dans le respect scrupuleux de l\u2019argent public qui leur est confi\u00e9. Le minist\u00e8re, a-t-il assur\u00e9, ne se d\u00e9sint\u00e9ressera pas du devenir de ces initiatives ; une attention particuli\u00e8re sera accord\u00e9e au suivi et \u00e0 l\u2019accompagnement technique sur le terrain, en coh\u00e9rence avec les principes d\u2019une politique migratoire \u00e9quilibr\u00e9e, ax\u00e9e sur la promotion, la protection et une gestion rationnelle des flux.<\/p>\n\n\n\n<p><strong>Path\u00e9 NIANG<\/strong><\/p>\n","protected":false},"excerpt":{"rendered":"<p>Pr\u00e9sidant la c\u00e9r\u00e9monie solennelle de remise des financements du Fonds d\u2019appui \u00e0 l\u2019investissement des S\u00e9n\u00e9galais de l\u2019ext\u00e9rieur (Faise), le secr\u00e9taire<\/p>\n","protected":false},"author":1,"featured_media":65218,"comment_status":"open","ping_status":"open","sticky":false,"template":"","format":"standard","meta":{"footnotes":""},"categories":[21],"tags":[],"class_list":["post-65217","post","type-post","status-publish","format-standard","has-post-thumbnail","hentry","category-societe"],"_links":{"self":[{"href":"https:\/\/dekkbi.com\/index.php?rest_route=\/wp\/v2\/posts\/65217","targetHints":{"allow":["GET"]}}],"collection":[{"href":"https:\/\/dekkbi.com\/index.php?rest_route=\/wp\/v2\/posts"}],"about":[{"href":"https:\/\/dekkbi.com\/index.php?rest_route=\/wp\/v2\/types\/post"}],"author":[{"embeddable":true,"href":"https:\/\/dekkbi.com\/index.php?rest_route=\/wp\/v2\/users\/1"}],"replies":[{"embeddable":true,"href":"https:\/\/dekkbi.com\/index.php?rest_route=%2Fwp%2Fv2%2Fcomments&post=65217"}],"version-history":[{"count":1,"href":"https:\/\/dekkbi.com\/index.php?rest_route=\/wp\/v2\/posts\/65217\/revisions"}],"predecessor-version":[{"id":65219,"href":"https:\/\/dekkbi.com\/index.php?rest_route=\/wp\/v2\/posts\/65217\/revisions\/65219"}],"wp:featuredmedia":[{"embeddable":true,"href":"https:\/\/dekkbi.com\/index.php?rest_route=\/wp\/v2\/media\/65218"}],"wp:attachment":[{"href":"https:\/\/dekkbi.com\/index.php?rest_route=%2Fwp%2Fv2%2Fmedia&parent=65217"}],"wp:term":[{"taxonomy":"category","embeddable":true,"href":"https:\/\/dekkbi.com\/index.php?rest_route=%2Fwp%2Fv2%2Fcategories&post=65217"},{"taxonomy":"post_tag","embeddable":true,"href":"https:\/\/dekkbi.com\/index.php?rest_route=%2Fwp%2Fv2%2Ftags&post=65217"}],"curies":[{"name":"wp","href":"https:\/\/api.w.org\/{rel}","templated":true}]}}