{"id":65214,"date":"2025-12-16T10:33:37","date_gmt":"2025-12-16T10:33:37","guid":{"rendered":"https:\/\/dekkbi.com\/?p=65214"},"modified":"2025-12-16T10:33:38","modified_gmt":"2025-12-16T10:33:38","slug":"officiel-ilay-camara-declare-forfait-pour-la-can-2025","status":"publish","type":"post","link":"https:\/\/dekkbi.com\/?p=65214","title":{"rendered":"OFFICIEL : Ilay Camara d\u00e9clare forfait pour la CAN 2025"},"content":{"rendered":"\n<p>Coup dur pour les Lions du S\u00e9n\u00e9gal et Pape Thiaw. La F\u00e9d\u00e9ration S\u00e9n\u00e9galaise de Football (FSF) a officialis\u00e9 ce mardi le forfait de son jeune lat\u00e9ral droit, Ilay Camara, \u00e0 moins d\u2019une semaine du d\u00e9but de la prochaine Coupe d\u2019Afrique des Nations (CAN) au Maroc. Le joueur s\u2019est bless\u00e9 ce week-end en club.<\/p>\n\n\n\n<p>Le communiqu\u00e9 de la FSF, rendu public aujourd\u2019hui, a apport\u00e9 la confirmation d\u2019une blessure musculaire s\u00e9rieuse. Suite \u00e0 une IRM r\u00e9alis\u00e9e \u00e0 Dakar, le diagnostic r\u00e9v\u00e8le que Ilay Camara souffre d\u2019une l\u00e9sion musculaire de grade II \u00e0 l\u2019ischio-jambier droit. \u00ab&nbsp;Une IRM faite \u00e0 Dakar ce jour a r\u00e9v\u00e9l\u00e9 une l\u00e9sion musculaire de grade II au niveau de son Ishio-jambier droit. Par cons\u00e9quent, il est d\u00e9clar\u00e9 forfait pour la CAN Maroc 2025,&nbsp;\u00bb indique le communiqu\u00e9 f\u00e9d\u00e9ral.<\/p>\n\n\n\n<p>La blessure est survenue le dimanche 14 d\u00e9cembre 2025, lors du match opposant son club, Anderlecht, \u00e0 Saint-Trond en championnat belge (Jupiler Pro League), une rencontre remport\u00e9e par les Mauves sur le score de 2-1.<\/p>\n\n\n\n<p>Devenu un pilier de l\u2019\u00e9quipe bruxelloise depuis la mi-octobre, le jeune homme de 22 ans alignait, ce soir-l\u00e0, une huiti\u00e8me titularisation cons\u00e9cutive.<\/p>\n\n\n\n<p>Malheureusement, le match s\u2019est arr\u00eat\u00e9 brusquement pour le s\u00e9n\u00e9galais. Align\u00e9 par Besnik Hasi, Camara a d\u00fb c\u00e9der sa place d\u00e8s la 16e minute de jeu, se plaignant de l\u2019arri\u00e8re de la cuisse droite.<\/p>\n\n\n\n<p>Auteur de deux passes d\u00e9cisives cette saison, ce forfait est d\u2019autant plus regrettable qu\u2019il intervient alors que le joueur \u00e9tait en pleine ascension en club. La F\u00e9d\u00e9ration S\u00e9n\u00e9galaise de Football a conclu son annonce en souhaitant \u00e0 Ilay Camara \u00ab&nbsp;un prompt r\u00e9tablissement&nbsp;\u00bb.<\/p>\n\n\n\n<p><strong>Djibril DIAO<\/strong><br>LESOLEIL<\/p>\n","protected":false},"excerpt":{"rendered":"<p>Coup dur pour les Lions du S\u00e9n\u00e9gal et Pape Thiaw. La F\u00e9d\u00e9ration S\u00e9n\u00e9galaise de Football (FSF) a officialis\u00e9 ce mardi<\/p>\n","protected":false},"author":1,"featured_media":65215,"comment_status":"open","ping_status":"open","sticky":false,"template":"","format":"standard","meta":{"footnotes":""},"categories":[9],"tags":[],"class_list":["post-65214","post","type-post","status-publish","format-standard","has-post-thumbnail","hentry","category-sports"],"_links":{"self":[{"href":"https:\/\/dekkbi.com\/index.php?rest_route=\/wp\/v2\/posts\/65214","targetHints":{"allow":["GET"]}}],"collection":[{"href":"https:\/\/dekkbi.com\/index.php?rest_route=\/wp\/v2\/posts"}],"about":[{"href":"https:\/\/dekkbi.com\/index.php?rest_route=\/wp\/v2\/types\/post"}],"author":[{"embeddable":true,"href":"https:\/\/dekkbi.com\/index.php?rest_route=\/wp\/v2\/users\/1"}],"replies":[{"embeddable":true,"href":"https:\/\/dekkbi.com\/index.php?rest_route=%2Fwp%2Fv2%2Fcomments&post=65214"}],"version-history":[{"count":1,"href":"https:\/\/dekkbi.com\/index.php?rest_route=\/wp\/v2\/posts\/65214\/revisions"}],"predecessor-version":[{"id":65216,"href":"https:\/\/dekkbi.com\/index.php?rest_route=\/wp\/v2\/posts\/65214\/revisions\/65216"}],"wp:featuredmedia":[{"embeddable":true,"href":"https:\/\/dekkbi.com\/index.php?rest_route=\/wp\/v2\/media\/65215"}],"wp:attachment":[{"href":"https:\/\/dekkbi.com\/index.php?rest_route=%2Fwp%2Fv2%2Fmedia&parent=65214"}],"wp:term":[{"taxonomy":"category","embeddable":true,"href":"https:\/\/dekkbi.com\/index.php?rest_route=%2Fwp%2Fv2%2Fcategories&post=65214"},{"taxonomy":"post_tag","embeddable":true,"href":"https:\/\/dekkbi.com\/index.php?rest_route=%2Fwp%2Fv2%2Ftags&post=65214"}],"curies":[{"name":"wp","href":"https:\/\/api.w.org\/{rel}","templated":true}]}}