{"id":65212,"date":"2025-12-16T10:28:04","date_gmt":"2025-12-16T10:28:04","guid":{"rendered":"https:\/\/dekkbi.com\/?p=65212"},"modified":"2025-12-16T10:28:05","modified_gmt":"2025-12-16T10:28:05","slug":"train-express-regional-ter-la-ligne-dakar-aibd-connectee","status":"publish","type":"post","link":"https:\/\/dekkbi.com\/?p=65212","title":{"rendered":"Train express r\u00e9gional (TER): la ligne Dakar-Aibd connect\u00e9e"},"content":{"rendered":"\n<p><strong>Bient\u00f4t les usagers pourront rallier l\u2019A\u00e9roport international Blaise Diagne de Diass (Aibd) par le Train express regional (Ter). La ligne avec Dakar a d\u00e9j\u00e0 \u00e9t\u00e9 connect\u00e9e, une \u00e9tape d\u00e9cisive. L\u2019objectif est de d\u00e9marrer l\u2019exploitation commerciale de la Phase 2 avant la fin du premier semestre 2026.<\/strong><\/p>\n\n\n\n<p>Le Train express r\u00e9gional vient de franchir un cap strat\u00e9gique. Selon un communiqu\u00e9 re\u00e7u, le lundi 15 d\u00e9cembre, la ligne Dakar-Aibd a \u00e9t\u00e9 connect\u00e9e. \u00ab L\u2019Apix a l\u2019honneur d\u2019informer les populations s\u00e9n\u00e9galaises de la r\u00e9ussite des essais d\u2019integration de l\u2019\u00e9nergie, du syst\u00e8me de signalisation, du mat\u00e9riel roulant. \u00ab Ces essais, conduits avec succ\u00e8s, constituent une \u00e9tape d\u00e9terminante dans l\u2019ach\u00e8vement technique du projet et confirment la parfaite interop\u00e9rabitit\u00e9 de l\u2019ensemble des sous-syst\u00e8mes ferroviaires sur le tron\u00e7on Dakar-Aibd \u00bb, indique la source. Elle ajoute que plus d\u2019une centaine de personnes ont \u00e9t\u00e9 mobilis\u00e9es pour assurer la r\u00e9ussite de ces tests, comprenant des experts internationaux venus d\u2019Espagne, de Turquie, du Portugal, de France et du Canada, ainsi que de nombreux experts s\u00e9n\u00e9galais, dont l\u2019implication active a permis un transfert de comp\u00e9tences significatif et un renforcement durable de l\u2019expertise nationale dans les metiers ferroviaires.<\/p>\n\n\n\n<p>Avant l\u2019ouverture a la circulation, quelques \u00e9tapes restent encore \u00e0 franchir. \u00ab Il ne reste plus \u00e0 r\u00e9aliser que les essais de performance et les essais de mont\u00e9e en vitesse, lesquels seront conduits conformement aux exigences r\u00e9glementaires et aux standards internationaux. Cela, en amont de la mise en exploitation commerciale de la Phase 2 \u00bb, indique le communiqu\u00e9. Par ailleurs, l\u2019Apix s\u2019engage \u00e0 mettre tout en \u0153uvre, en \u00e9troite collaboration avec la Soci\u00e9t\u00e9 Nationale du Ter (Senter), en sa qualit\u00e9 d\u2019autorit\u00e9 de s\u00e9curit\u00e9 ferroviaire, ainsi qu\u2019avec l\u2019ensemble des parties prenantes, pour l\u2019obtention de la certification de s\u00e9curit\u00e9 (Safety Certification). Cette d\u00e9marche vise \u00e0 permettre une mise en exploitation commerciale de la Phase 2 avant la fin du premier semestre 2026, dans le strict respect des normes internationales de s\u00e9curit\u00e9 ferroviaire, informe la source.<\/p>\n\n\n\n<p><strong>Oumar FEDIOR<\/strong><br>LESOLEIL<\/p>\n","protected":false},"excerpt":{"rendered":"<p>Bient\u00f4t les usagers pourront rallier l\u2019A\u00e9roport international Blaise Diagne de Diass (Aibd) par le Train express regional (Ter). La ligne<\/p>\n","protected":false},"author":1,"featured_media":57516,"comment_status":"open","ping_status":"open","sticky":false,"template":"","format":"standard","meta":{"footnotes":""},"categories":[21],"tags":[],"class_list":["post-65212","post","type-post","status-publish","format-standard","has-post-thumbnail","hentry","category-societe"],"_links":{"self":[{"href":"https:\/\/dekkbi.com\/index.php?rest_route=\/wp\/v2\/posts\/65212","targetHints":{"allow":["GET"]}}],"collection":[{"href":"https:\/\/dekkbi.com\/index.php?rest_route=\/wp\/v2\/posts"}],"about":[{"href":"https:\/\/dekkbi.com\/index.php?rest_route=\/wp\/v2\/types\/post"}],"author":[{"embeddable":true,"href":"https:\/\/dekkbi.com\/index.php?rest_route=\/wp\/v2\/users\/1"}],"replies":[{"embeddable":true,"href":"https:\/\/dekkbi.com\/index.php?rest_route=%2Fwp%2Fv2%2Fcomments&post=65212"}],"version-history":[{"count":1,"href":"https:\/\/dekkbi.com\/index.php?rest_route=\/wp\/v2\/posts\/65212\/revisions"}],"predecessor-version":[{"id":65213,"href":"https:\/\/dekkbi.com\/index.php?rest_route=\/wp\/v2\/posts\/65212\/revisions\/65213"}],"wp:featuredmedia":[{"embeddable":true,"href":"https:\/\/dekkbi.com\/index.php?rest_route=\/wp\/v2\/media\/57516"}],"wp:attachment":[{"href":"https:\/\/dekkbi.com\/index.php?rest_route=%2Fwp%2Fv2%2Fmedia&parent=65212"}],"wp:term":[{"taxonomy":"category","embeddable":true,"href":"https:\/\/dekkbi.com\/index.php?rest_route=%2Fwp%2Fv2%2Fcategories&post=65212"},{"taxonomy":"post_tag","embeddable":true,"href":"https:\/\/dekkbi.com\/index.php?rest_route=%2Fwp%2Fv2%2Ftags&post=65212"}],"curies":[{"name":"wp","href":"https:\/\/api.w.org\/{rel}","templated":true}]}}