{"id":65200,"date":"2025-12-16T10:09:30","date_gmt":"2025-12-16T10:09:30","guid":{"rendered":"https:\/\/dekkbi.com\/?p=65200"},"modified":"2025-12-16T10:09:51","modified_gmt":"2025-12-16T10:09:51","slug":"presidence-de-la-commission-de-la-cedeao-pourquoi-la-presidence-du-senegal-est-a-la-fois-une-victoire-et-un-test-majeur","status":"publish","type":"post","link":"https:\/\/dekkbi.com\/?p=65200","title":{"rendered":"PR\u00c9SIDENCE DE LA COMMISSION DE LA CEDEAO &#8211; pourquoi la pr\u00e9sidence du S\u00e9n\u00e9gal est \u00e0 la fois une victoire et un test majeur"},"content":{"rendered":"\n<p><strong>L\u2019attribution de la pr\u00e9sidence de la Commission de la Cedeao au S\u00e9n\u00e9gal est une victoire diplomatique pour l\u2019\u00c9tat, d\u2019apr\u00e8s des observateurs. Cependant, cette premi\u00e8re pour le S\u00e9n\u00e9gal implique des d\u00e9fis \u00e0 relever, d\u2019autant plus que l\u2019organisation fait face \u00e0 beaucoup de difficult\u00e9s.&nbsp;<\/strong><\/p>\n\n\n\n<p>Le poste de pr\u00e9sident de la Commission de la Cedeao a \u00e9t\u00e9 attribu\u00e9 au S\u00e9n\u00e9gal, le 14 d\u00e9cembre 2025, en marge de la 68e session ordinaire de la Conf\u00e9rence des chefs d\u2019\u00c9tat et de gouvernement tenue \u00e0 Abuja, au Nigeria. Une premi\u00e8re depuis la cr\u00e9ation de l\u2019organisation sous-r\u00e9gionale en 1975. D\u00e8s lors, le Dr Bakary Sambe, pr\u00e9sident de Timbuktu Institute-African center for peace studies, enseignant-chercheur \u00e0 l\u2019Universit\u00e9 Gaston Berger de Saint-Louis (Ugb) et sp\u00e9cialiste des questions diplomatiques, de m\u00e9diation et de r\u00e9solution de conflits, estime qu\u2019il est clair \u00ab que la d\u00e9signation du S\u00e9n\u00e9gal \u00e0 la t\u00eate de la Commission repr\u00e9sente ind\u00e9niablement une victoire diplomatique majeure pour Dakar \u00bb.<\/p>\n\n\n\n<p>Pour lui, cela t\u00e9moigne de la confiance renouvel\u00e9e que les \u00c9tats membres accordent au S\u00e9n\u00e9gal comme pilier de stabilit\u00e9 et de mod\u00e9ration au sein de l\u2019organisation, dans un contexte ouest africain marqu\u00e9 par des turbulences politiques et s\u00e9curitaires. \u00ab Cette \u00e9lection, obtenue par consensus lors d\u2019une session extraordinaire d\u00e9di\u00e9e \u00e0 la r\u00e9forme institutionnelle, consacre le leadership du pr\u00e9sident Bassirou Diomaye Faye \u2013 \u00e9lu en 2024 et repr\u00e9sentant une nouvelle g\u00e9n\u00e9ration de dirigeants africains \u2013 ax\u00e9 sur l\u2019innovation, la jeunesse et l\u2019inclusion \u00bb, a r\u00e9pondu Bakary Sambe interrog\u00e9 par \u00ab Le Soleil \u00bb. Abondant dans le m\u00eame sens, Aldiouma Sow, ministre conseiller du pr\u00e9sident de la R\u00e9publique, charg\u00e9 de coordonner le P\u00f4le \u00ab politique, soci\u00e9t\u00e9 civile et syndicats \u00bb dans le cabinet du chef de l\u2019\u00c9tat, pense que \u00ab l\u2019accession du S\u00e9n\u00e9gal \u00e0 la t\u00eate de la Commission de la Cedeao pour un mandat de quatre ans, apr\u00e8s 50 ans de pr\u00e9sence, est un succ\u00e8s diplomatique et politique majeur, soulignant ainsi le retour du pays au c\u0153ur du pouvoir d\u00e9cisionnel r\u00e9gional, sous l\u2019impulsion du pr\u00e9sident de la R\u00e9publique, Bassirou Diomaye Diakhar Faye \u00bb.<\/p>\n\n\n\n<p>Le membre du Bureau politique (Bp) de Pastef ajoute aussi que \u00ab ce succ\u00e8s n\u2019est pas fortuit, mais la r\u00e9sultante d\u2019efforts diplomatiques intenses d\u00e9ploy\u00e9s par le chef de l\u2019\u00c9tat d\u00e8s son arriv\u00e9e \u00e0 la magistrature supr\u00eame pour la stabilit\u00e9 et la prosp\u00e9rit\u00e9 sous-r\u00e9gionale \u00bb. Cependant, Bakary Sambe fait remarquer que cette pr\u00e9sidence arrive \u00e0 point nomm\u00e9 pour repositionner la Cedeao comme un espace de dialogue inclusif, plut\u00f4t que de confrontation, et sera le moment de relever beaucoup de d\u00e9fis. \u00ab Pour r\u00e9ussir cette pr\u00e9sidence dans un contexte de fragmentation r\u00e9gionale exacerb\u00e9 par le retrait effectif des pays de l\u2019Aes (Mali, Burkina Faso et Niger), en janvier 2025, le S\u00e9n\u00e9gal doit s\u2019appuyer sur les orientations cardinales de sa diplomatie : la mod\u00e9ration, la recherche de solutions pacifiques et le dialogue inclusif \u00bb, pr\u00e9conise le sp\u00e9cialiste des questions r\u00e9gionales.<\/p>\n\n\n\n<p>Pour ce dernier, ces principes, ancr\u00e9s dans la tradition s\u00e9n\u00e9galaise depuis l\u2019\u00e8re Senghor et qui pourraient \u00eatre renforc\u00e9s par le leadership jeune et dynamique du pr\u00e9sident Faye, positionnent Dakar comme un m\u00e9diateur l\u00e9gitime capable de transcender les clivages. M. Sambe poursuit que \u00ab le S\u00e9n\u00e9gal devrait prioriser une approche pragmatique et d\u00e9politis\u00e9e des enjeux s\u00e9curitaires en d\u00e9couplant les questions militaires des diff\u00e9rends diplomatiques \u00bb. Le pr\u00e9sident de Timbuktu Institute reste convaincu \u00ab que la seule passerelle imm\u00e9diatement op\u00e9rationnelle consiste \u00e0 d\u00e9coupler totalement les questions s\u00e9curitaires des d\u00e9bats politiques et des vell\u00e9it\u00e9s diplomatiques qui polarisent la r\u00e9gion \u00bb. Concr\u00e8tement, dit-il, \u00ab cela impliquerait, peut-\u00eatre, d\u2019initier, d\u00e8s le premier semestre 2026, des canaux techniques exclusifs entre les \u00e9tats-majors de la r\u00e9gion pour le partage de renseignements et les op\u00e9rations transfrontali\u00e8res, inspir\u00e9s des mod\u00e8les r\u00e9ussis \u00bb.<\/p>\n\n\n\n<p><strong>Oumar KAND\u00c9<\/strong><br>LESOLEIL<\/p>\n\n\n\n<p><\/p>\n","protected":false},"excerpt":{"rendered":"<p>L\u2019attribution de la pr\u00e9sidence de la Commission de la Cedeao au S\u00e9n\u00e9gal est une victoire diplomatique pour l\u2019\u00c9tat, d\u2019apr\u00e8s des<\/p>\n","protected":false},"author":1,"featured_media":65201,"comment_status":"open","ping_status":"open","sticky":false,"template":"","format":"standard","meta":{"footnotes":""},"categories":[6],"tags":[],"class_list":["post-65200","post","type-post","status-publish","format-standard","has-post-thumbnail","hentry","category-politics"],"_links":{"self":[{"href":"https:\/\/dekkbi.com\/index.php?rest_route=\/wp\/v2\/posts\/65200","targetHints":{"allow":["GET"]}}],"collection":[{"href":"https:\/\/dekkbi.com\/index.php?rest_route=\/wp\/v2\/posts"}],"about":[{"href":"https:\/\/dekkbi.com\/index.php?rest_route=\/wp\/v2\/types\/post"}],"author":[{"embeddable":true,"href":"https:\/\/dekkbi.com\/index.php?rest_route=\/wp\/v2\/users\/1"}],"replies":[{"embeddable":true,"href":"https:\/\/dekkbi.com\/index.php?rest_route=%2Fwp%2Fv2%2Fcomments&post=65200"}],"version-history":[{"count":1,"href":"https:\/\/dekkbi.com\/index.php?rest_route=\/wp\/v2\/posts\/65200\/revisions"}],"predecessor-version":[{"id":65202,"href":"https:\/\/dekkbi.com\/index.php?rest_route=\/wp\/v2\/posts\/65200\/revisions\/65202"}],"wp:featuredmedia":[{"embeddable":true,"href":"https:\/\/dekkbi.com\/index.php?rest_route=\/wp\/v2\/media\/65201"}],"wp:attachment":[{"href":"https:\/\/dekkbi.com\/index.php?rest_route=%2Fwp%2Fv2%2Fmedia&parent=65200"}],"wp:term":[{"taxonomy":"category","embeddable":true,"href":"https:\/\/dekkbi.com\/index.php?rest_route=%2Fwp%2Fv2%2Fcategories&post=65200"},{"taxonomy":"post_tag","embeddable":true,"href":"https:\/\/dekkbi.com\/index.php?rest_route=%2Fwp%2Fv2%2Ftags&post=65200"}],"curies":[{"name":"wp","href":"https:\/\/api.w.org\/{rel}","templated":true}]}}