{"id":65193,"date":"2025-12-16T09:08:50","date_gmt":"2025-12-16T09:08:50","guid":{"rendered":"https:\/\/dekkbi.com\/?p=65193"},"modified":"2025-12-16T10:03:14","modified_gmt":"2025-12-16T10:03:14","slug":"environ-1000-senegalais-de-lexterieur-attendus-a-la-journee-de-la-diaspora-officiel","status":"publish","type":"post","link":"https:\/\/dekkbi.com\/?p=65193","title":{"rendered":"Environ 1000 S\u00e9n\u00e9galais de l\u2019ext\u00e9rieur attendus \u00e0 la Journ\u00e9e de la diaspora (officiel)\u00a0\u00a0\u00a0\u00a0"},"content":{"rendered":"\n<p>Dakar, (APS) \u2013 Au moins un millier de S\u00e9n\u00e9galais de l\u2019ext\u00e9rieur sont attendus \u00e0 la premi\u00e8re \u00e9dition de la Journ\u00e9e nationale qui leur est d\u00e9di\u00e9e, selon le secr\u00e9taire d\u2019Etat charg\u00e9 des S\u00e9n\u00e9galais de l\u2019ext\u00e9rieur, Amadou Ch\u00e9rif Diouf.<\/p>\n\n\n\n<p><strong>&nbsp;\u201d<\/strong>A la date du 27 novembre, 217 \u00e9migr\u00e9s ont confirm\u00e9 leur participation et ils payeront eux-m\u00eames leurs billets. Je pense que nous aurons au moins 1000 S\u00e9n\u00e9galais de l\u2019ext\u00e9rieur qui seront \u00e0 Diamniadio ce jour-l\u00e0\u201d, a dit M. Diouf.<\/p>\n\n\n\n<p>Il s\u2019entretenait avec l\u2019APS dans le cadre de la Journ\u00e9e nationale de la diaspora.<\/p>\n\n\n\n<p>Diff\u00e9rents profils, diverses cat\u00e9gories socio-professionnelles (\u00e9tudiant, universitaire, association, etc.) s\u2019exprimeront devant le pr\u00e9sident de la R\u00e9publique, a-t-il indiqu\u00e9.<\/p>\n\n\n\n<p>Il a assur\u00e9 que l\u2019\u00c9tat est en train de s\u2019activer pour convoyer certains \u00e9migr\u00e9s r\u00e9sidant dans la sous-r\u00e9gion, notamment la Mauritanie, le Mali, la Guin\u00e9e et la Gambie.<\/p>\n\n\n\n<p>Amadou Ch\u00e9rif Diouf souligne qu\u2019\u00e0 travers la Journ\u00e9e nationale de la diaspora, c\u00e9l\u00e9br\u00e9e ce 17 d\u00e9cembre, le gouvernement du S\u00e9n\u00e9gal veut d\u2019abord \u2018\u2019rendre fiers\u2019\u2019 ces S\u00e9n\u00e9galais de l\u2019ext\u00e9rieur<\/p>\n\n\n\n<p><strong>Quatre cat\u00e9gories dont le Prix sp\u00e9cial du Pr\u00e9sident de la R\u00e9publique<\/strong><\/p>\n\n\n\n<p>Un programme riche sera au menu de cette journ\u00e9e qui sera pr\u00e9sid\u00e9e par le chef de l\u2019\u00c9tat, Bassirou Diomaye Faye, a-t-il promis.<\/p>\n\n\n\n<p>La Journ\u00e9e nationale de la diaspora sera aussi l\u2019occasion d\u2019honorer des S\u00e9n\u00e9galais de l\u2019ext\u00e9rieur qui se sont distingu\u00e9s dans leur domaine d\u2019expertise. Quatre prix sont pr\u00e9vus, selon Amadou Ch\u00e9rif Diouf.<\/p>\n\n\n\n<p>\u201dLa cat\u00e9gorie +Retour et r\u00e9int\u00e9gration+ pour ceux qui ont pris le risque de laisser leur vie \u00e0 l\u2019\u00e9tranger et ont r\u00e9ussi leur retour. La cat\u00e9gorie +Leadership communautaire+ va r\u00e9compenser des associations ou des S\u00e9n\u00e9galais de l\u2019ext\u00e9rieur pour leurs initiatives communautaires dans leurs localit\u00e9s et qui ont un impact dans leurs communaut\u00e9s, l\u2019objectif \u00e9tant de susciter un effet d\u2019\u00e9mulation\u201d, a dit le Secr\u00e9taire d\u2019Etat charg\u00e9 des S\u00e9n\u00e9galais de l\u2019ext\u00e9rieur.<\/p>\n\n\n\n<p>Il a indiqu\u00e9 qu\u2019il y a aussi la cat\u00e9gorie \u201dDiaspora-Femme-Impact\u201d pour primer une femme \u201dqui fait la diff\u00e9rence\u201d, quel que soit son domaine d\u2019activit\u00e9.<\/p>\n\n\n\n<p>Enfin, le \u2018\u2019Prix sp\u00e9cial du Pr\u00e9sident de la R\u00e9publique\u2019\u2019 va honorer une personne ayant marqu\u00e9 son terroir, son pays et dont le rayonnement est international, a conclu M. Diouf.<\/p>\n\n\n\n<p>HK\/ADC\/MTN<\/p>\n","protected":false},"excerpt":{"rendered":"<p>Dakar, (APS) \u2013 Au moins un millier de S\u00e9n\u00e9galais de l\u2019ext\u00e9rieur sont attendus \u00e0 la premi\u00e8re \u00e9dition de la Journ\u00e9e<\/p>\n","protected":false},"author":1,"featured_media":65195,"comment_status":"open","ping_status":"open","sticky":false,"template":"","format":"standard","meta":{"footnotes":""},"categories":[6],"tags":[],"class_list":["post-65193","post","type-post","status-publish","format-standard","has-post-thumbnail","hentry","category-politics"],"_links":{"self":[{"href":"https:\/\/dekkbi.com\/index.php?rest_route=\/wp\/v2\/posts\/65193","targetHints":{"allow":["GET"]}}],"collection":[{"href":"https:\/\/dekkbi.com\/index.php?rest_route=\/wp\/v2\/posts"}],"about":[{"href":"https:\/\/dekkbi.com\/index.php?rest_route=\/wp\/v2\/types\/post"}],"author":[{"embeddable":true,"href":"https:\/\/dekkbi.com\/index.php?rest_route=\/wp\/v2\/users\/1"}],"replies":[{"embeddable":true,"href":"https:\/\/dekkbi.com\/index.php?rest_route=%2Fwp%2Fv2%2Fcomments&post=65193"}],"version-history":[{"count":1,"href":"https:\/\/dekkbi.com\/index.php?rest_route=\/wp\/v2\/posts\/65193\/revisions"}],"predecessor-version":[{"id":65194,"href":"https:\/\/dekkbi.com\/index.php?rest_route=\/wp\/v2\/posts\/65193\/revisions\/65194"}],"wp:featuredmedia":[{"embeddable":true,"href":"https:\/\/dekkbi.com\/index.php?rest_route=\/wp\/v2\/media\/65195"}],"wp:attachment":[{"href":"https:\/\/dekkbi.com\/index.php?rest_route=%2Fwp%2Fv2%2Fmedia&parent=65193"}],"wp:term":[{"taxonomy":"category","embeddable":true,"href":"https:\/\/dekkbi.com\/index.php?rest_route=%2Fwp%2Fv2%2Fcategories&post=65193"},{"taxonomy":"post_tag","embeddable":true,"href":"https:\/\/dekkbi.com\/index.php?rest_route=%2Fwp%2Fv2%2Ftags&post=65193"}],"curies":[{"name":"wp","href":"https:\/\/api.w.org\/{rel}","templated":true}]}}