{"id":65188,"date":"2025-12-15T16:50:15","date_gmt":"2025-12-15T16:50:15","guid":{"rendered":"https:\/\/dekkbi.com\/?p=65188"},"modified":"2025-12-15T16:50:16","modified_gmt":"2025-12-15T16:50:16","slug":"justice-rebondissement-dans-laffaire-aliou-sall","status":"publish","type":"post","link":"https:\/\/dekkbi.com\/?p=65188","title":{"rendered":"Justice: Rebondissement dans l\u2019affaire Aliou Sall"},"content":{"rendered":"\n<p>Aliou Sall et son \u00e9pouse A\u00efssata Sall demeurent libres. La Chambre d\u2019accusation du Pool judiciaire financier (PJF) a confirm\u00e9 leur placement sous contr\u00f4le judiciaire, rejetant ainsi la demande du parquet financier qui r\u00e9clamait leur incarc\u00e9ration, rapporte Les \u00c9chos dans son \u00e9dition de ce lundi.<\/p>\n\n\n\n<p>Cette d\u00e9cision marque un nouveau coup d\u2019arr\u00eat pour le minist\u00e8re public, qui avait interjet\u00e9 appel apr\u00e8s que le juge d\u2019instruction a refus\u00e9 de suivre sa r\u00e9quisition de placement sous mandat de d\u00e9p\u00f4t. Le magistrat instructeur avait opt\u00e9 pour un contr\u00f4le judiciaire, assorti d\u2019une consignation de 240 millions de francs CFA, une option d\u00e9sormais valid\u00e9e par la juridiction d\u2019appel.<\/p>\n\n\n\n<p>Pour rappel, le couple avait \u00e9t\u00e9 plac\u00e9 en garde \u00e0 vue le 9 octobre dernier, avant d\u2019\u00eatre pr\u00e9sent\u00e9 trois jours plus tard devant le PJF. Ils avaient alors \u00e9t\u00e9 inculp\u00e9s pour blanchiment de capitaux, \u00e0 la suite d\u2019un rapport de la CENTIF \u00e9voquant des flux financiers jug\u00e9s suspects sur les comptes d\u2019une soci\u00e9t\u00e9 immobili\u00e8re appartenant \u00e0 Aliou Sall et g\u00e9r\u00e9e par son \u00e9pouse.<\/p>\n\n\n\n<p>Depuis l\u2019ouverture de la proc\u00e9dure, l\u2019ancien maire de Gu\u00e9diawaye conteste vigoureusement les accusations, tant devant les enqu\u00eateurs de la Division des investigations criminelles que devant le juge d\u2019instruction. Sa ligne de d\u00e9fense reste inchang\u00e9e, tout comme celle de son \u00e9pouse.<\/p>\n\n\n\n<p>En attendant une \u00e9ventuelle nouvelle initiative du parquet financier, Aliou Sall et A\u00efssata Sall restent donc soumis au contr\u00f4le judiciaire, mais hors de prison, dans un dossier suivi de pr\u00e8s par l\u2019opinion publique et les milieux judiciaires.<\/p>\n\n\n\n<p>SOURCE IGFM<\/p>\n","protected":false},"excerpt":{"rendered":"<p>Aliou Sall et son \u00e9pouse A\u00efssata Sall demeurent libres. La Chambre d\u2019accusation du Pool judiciaire financier (PJF) a confirm\u00e9 leur<\/p>\n","protected":false},"author":1,"featured_media":65189,"comment_status":"open","ping_status":"open","sticky":false,"template":"","format":"standard","meta":{"footnotes":""},"categories":[3],"tags":[],"class_list":["post-65188","post","type-post","status-publish","format-standard","has-post-thumbnail","hentry","category-event-more-news"],"_links":{"self":[{"href":"https:\/\/dekkbi.com\/index.php?rest_route=\/wp\/v2\/posts\/65188","targetHints":{"allow":["GET"]}}],"collection":[{"href":"https:\/\/dekkbi.com\/index.php?rest_route=\/wp\/v2\/posts"}],"about":[{"href":"https:\/\/dekkbi.com\/index.php?rest_route=\/wp\/v2\/types\/post"}],"author":[{"embeddable":true,"href":"https:\/\/dekkbi.com\/index.php?rest_route=\/wp\/v2\/users\/1"}],"replies":[{"embeddable":true,"href":"https:\/\/dekkbi.com\/index.php?rest_route=%2Fwp%2Fv2%2Fcomments&post=65188"}],"version-history":[{"count":1,"href":"https:\/\/dekkbi.com\/index.php?rest_route=\/wp\/v2\/posts\/65188\/revisions"}],"predecessor-version":[{"id":65190,"href":"https:\/\/dekkbi.com\/index.php?rest_route=\/wp\/v2\/posts\/65188\/revisions\/65190"}],"wp:featuredmedia":[{"embeddable":true,"href":"https:\/\/dekkbi.com\/index.php?rest_route=\/wp\/v2\/media\/65189"}],"wp:attachment":[{"href":"https:\/\/dekkbi.com\/index.php?rest_route=%2Fwp%2Fv2%2Fmedia&parent=65188"}],"wp:term":[{"taxonomy":"category","embeddable":true,"href":"https:\/\/dekkbi.com\/index.php?rest_route=%2Fwp%2Fv2%2Fcategories&post=65188"},{"taxonomy":"post_tag","embeddable":true,"href":"https:\/\/dekkbi.com\/index.php?rest_route=%2Fwp%2Fv2%2Ftags&post=65188"}],"curies":[{"name":"wp","href":"https:\/\/api.w.org\/{rel}","templated":true}]}}