{"id":65185,"date":"2025-12-15T16:20:59","date_gmt":"2025-12-15T16:20:59","guid":{"rendered":"https:\/\/dekkbi.com\/?p=65185"},"modified":"2025-12-15T16:21:59","modified_gmt":"2025-12-15T16:21:59","slug":"deja-vu-trump-accuse-de-deni-economique-et-de-declin-physique","status":"publish","type":"post","link":"https:\/\/dekkbi.com\/?p=65185","title":{"rendered":"D\u00e9j\u00e0 vu? Trump accus\u00e9 de d\u00e9ni \u00e9conomique et de d\u00e9clin physique"},"content":{"rendered":"\n<p>Un pr\u00e9sident vieillissant, confront\u00e9 \u00e0 de mauvais sondages et \u00e0 des soup\u00e7ons sur son \u00e9tat de sant\u00e9, qui assure contre vents et mar\u00e9es que l&rsquo;Am\u00e9rique est florissante.<\/p>\n\n\n\n<p>Joe Biden? Non, Donald Trump.<\/p>\n\n\n\n<p>Le r\u00e9publicain, au pouvoir depuis pr\u00e8s d&rsquo;un an, continue de mani\u00e8re presque obsessionnelle \u00e0 se comparer \u00e0 son pr\u00e9d\u00e9cesseur.<\/p>\n\n\n\n<p>Joe Biden serait s\u00e9nile l\u00e0 o\u00f9 il d\u00e9borderait d&rsquo;\u00e9nergie, le d\u00e9mocrate aurait men\u00e9 le pays \u00e0 la faillite alors que Donald Trump pr\u00e9siderait un \u00ab\u00a0\u00e2ge d&rsquo;or\u00a0\u00bb \u00e9conomique.<\/p>\n\n\n\n<p>Pendant un meeting en Pennsylvanie mardi, il a prononc\u00e9 le nom de son rival plus de vingt fois et l&rsquo;a m\u00eame trait\u00e9 de \u00ab\u00a0connard endormi\u00a0\u00bb (\u00ab\u00a0sleepy son of a bitch\u00a0\u00bb).<\/p>\n\n\n\n<p>Depuis quelques semaines pourtant, une forte impression de d\u00e9j\u00e0 vu colore la pr\u00e9sidence du milliardaire r\u00e9publicain.<\/p>\n\n\n\n<p>Certaines de ses d\u00e9clarations font \u00e9cho, dans le style d\u00e9complex\u00e9 qui lui est propre, \u00e0 des propos tenus par Joe Biden.<\/p>\n\n\n\n<p>\u00ab\u00a0L&rsquo;Am\u00e9rique a la meilleure \u00e9conomie du monde\u00a0\u00bb, avait lanc\u00e9 le pr\u00e9sident d\u00e9mocrate en avril 2024, allant contre la perception des \u00e9lecteurs.<\/p>\n\n\n\n<p>L&rsquo;\u00e9conomie am\u00e9ricaine m\u00e9rite \u00ab\u00a0un 25\/20\u00a0\u00bb (A+++++), a assur\u00e9 Donald Trump dans un entretien avec le site Politico, publi\u00e9 mardi. Il r\u00e9p\u00e8te que les prix baissent alors que les Am\u00e9ricains continuent \u00e0 se plaindre de la vie ch\u00e8re.<\/p>\n\n\n\n<h2 class=\"wp-block-heading\">31%<\/h2>\n\n\n\n<p>\u00ab\u00a0Il y aura toujours une partie de ses partisans qui le suivront quoi qu&rsquo;il arrive. S&rsquo;il dit que le ciel n&rsquo;est pas bleu, ils diront que le ciel n&rsquo;est pas bleu\u00a0\u00bb, juge Alex Keena, professeur de sciences politiques \u00e0 la Virginia Commonwealth University.<\/p>\n\n\n\n<p>Mais \u00ab\u00a0ce n&rsquo;est pas la majorit\u00e9 des Am\u00e9ricains\u00a0\u00bb, dit le chercheur \u00e0 l&rsquo;AFP. \u00ab\u00a0Il y a un moment o\u00f9 les gens sortent de chez eux, vont faire des courses, et leur v\u00e9cu est incontestable\u00a0\u00bb.<\/p>\n\n\n\n<p>Selon une enqu\u00eate d&rsquo;opinion de l&rsquo;universit\u00e9 de Chicago pour l&rsquo;agence AP, publi\u00e9e jeudi, seuls 31% des Am\u00e9ricains sont satisfaits de la politique \u00e9conomique de Donald Trump.<\/p>\n\n\n\n<p>\u00ab\u00a0Quand les sondages vont-ils refl\u00e9ter la grandeur de l&rsquo;Am\u00e9rique aujourd&rsquo;hui?\u00a0\u00bb a-t-il temp\u00eat\u00e9 sur son r\u00e9seau Truth Social. \u00ab\u00a0Quand dira-t-on enfin que j&rsquo;ai cr\u00e9\u00e9, sans inflation, peut-\u00eatre la meilleure \u00e9conomie de l&rsquo;histoire de notre pays? Quand les gens vont-ils comprendre ce qu&rsquo;il se passe?\u00a0\u00bb.<\/p>\n\n\n\n<p>Pendant sa campagne \u00e9lectorale, il avait accus\u00e9 Joe Biden de m\u00e9priser les difficult\u00e9s des m\u00e9nages modestes.<\/p>\n\n\n\n<p>Aujourd&rsquo;hui, comme son pr\u00e9d\u00e9cesseur, le dirigeant r\u00e9publicain tente de diriger en partie le m\u00e9contentement des consommateurs vers les grandes entreprises, soup\u00e7onn\u00e9es de gonfler les prix.<\/p>\n\n\n\n<p>Comme l&rsquo;ancien pr\u00e9sident d\u00e9mocrate, il peine \u00e0 susciter l&rsquo;enthousiasme autour de ses projets de soutien du pouvoir d&rsquo;achat.<\/p>\n\n\n\n<p>Et comme Joe Biden, il est rattrap\u00e9 par des questions sur sa sant\u00e9, sans atteindre toutefois l&rsquo;intensit\u00e9 des interrogations sur le d\u00e9clin de son rival, qu&rsquo;il a lui-m\u00eame aliment\u00e9es.<\/p>\n\n\n\n<h2 class=\"wp-block-heading\">Bleu sur la main<\/h2>\n\n\n\n<p>En d\u00e9crivant l&rsquo;ancien pr\u00e9sident d\u00e9mocrate comme un vieillard incapable de gouverner, le r\u00e9publicain \u00ab\u00a0a exploit\u00e9 un m\u00e9contentement bien r\u00e9el\u00a0\u00bb \u00e0 propos du vieillissement de la classe politique am\u00e9ricaine, rappelle Alex Keena.<\/p>\n\n\n\n<p>Mais cette strat\u00e9gie pourrait se retourner contre le pr\u00e9sident le plus \u00e2g\u00e9 jamais \u00e9lu aux Etats-Unis.<\/p>\n\n\n\n<p>Donald Trump, 79 ans, est maintenant celui dont chaque apparition publique est scrut\u00e9e.<\/p>\n\n\n\n<p>C&rsquo;est lui d\u00e9sormais qui est attaqu\u00e9 sur les r\u00e9seaux sociaux. Jeudi, une fausse photo le montrant avec un d\u00e9ambulateur a par exemple circul\u00e9.<\/p>\n\n\n\n<p>Le r\u00e9publicain s&rsquo;est-il assoupi pendant ce conseil des ministres ou a-t-il seulement baiss\u00e9 les yeux un instant? Cet h\u00e9matome couvert d&rsquo;un pansement sur le dos de la main est-il vraiment, comme le r\u00e9p\u00e8te la Maison Blanche, le r\u00e9sultat de nombreuses poign\u00e9es de mains?<\/p>\n\n\n\n<p>L&rsquo;\u00e9quipe de Joe Biden avait multipli\u00e9 les d\u00e9mentis furieux, mais aussi prot\u00e9g\u00e9 toujours davantage le pr\u00e9sident octog\u00e9naire des regards du public et des questions des journalistes.<\/p>\n\n\n\n<p>Donald Trump, lui, reste infiniment plus accessible que son pr\u00e9d\u00e9cesseur ne l&rsquo;a jamais \u00e9t\u00e9 et se livre tr\u00e8s fr\u00e9quemment \u00e0 de longs \u00e9changes impromptus avec la presse.<\/p>\n\n\n\n<p>Mais gare \u00e0 qui ose, comme le New York Times r\u00e9cemment, enqu\u00eater sur son rythme de travail et sa vitalit\u00e9.<\/p>\n\n\n\n<p>\u00ab\u00a0C&rsquo;est de la s\u00e9dition, peut-\u00eatre m\u00eame de la trahison quand le New York Times et d&rsquo;autres font sans cesse des articles MENSONGERS pour diffamer et rabaisser LE PRESIDENT DES ETATS-UNIS\u00a0\u00bb, a-t-il \u00e9crit sur Truth Social.<\/p>\n","protected":false},"excerpt":{"rendered":"<p>Un pr\u00e9sident vieillissant, confront\u00e9 \u00e0 de mauvais sondages et \u00e0 des soup\u00e7ons sur son \u00e9tat de sant\u00e9, qui assure contre<\/p>\n","protected":false},"author":1,"featured_media":34983,"comment_status":"open","ping_status":"open","sticky":false,"template":"","format":"standard","meta":{"footnotes":""},"categories":[6],"tags":[],"class_list":["post-65185","post","type-post","status-publish","format-standard","has-post-thumbnail","hentry","category-politics"],"_links":{"self":[{"href":"https:\/\/dekkbi.com\/index.php?rest_route=\/wp\/v2\/posts\/65185","targetHints":{"allow":["GET"]}}],"collection":[{"href":"https:\/\/dekkbi.com\/index.php?rest_route=\/wp\/v2\/posts"}],"about":[{"href":"https:\/\/dekkbi.com\/index.php?rest_route=\/wp\/v2\/types\/post"}],"author":[{"embeddable":true,"href":"https:\/\/dekkbi.com\/index.php?rest_route=\/wp\/v2\/users\/1"}],"replies":[{"embeddable":true,"href":"https:\/\/dekkbi.com\/index.php?rest_route=%2Fwp%2Fv2%2Fcomments&post=65185"}],"version-history":[{"count":1,"href":"https:\/\/dekkbi.com\/index.php?rest_route=\/wp\/v2\/posts\/65185\/revisions"}],"predecessor-version":[{"id":65186,"href":"https:\/\/dekkbi.com\/index.php?rest_route=\/wp\/v2\/posts\/65185\/revisions\/65186"}],"wp:featuredmedia":[{"embeddable":true,"href":"https:\/\/dekkbi.com\/index.php?rest_route=\/wp\/v2\/media\/34983"}],"wp:attachment":[{"href":"https:\/\/dekkbi.com\/index.php?rest_route=%2Fwp%2Fv2%2Fmedia&parent=65185"}],"wp:term":[{"taxonomy":"category","embeddable":true,"href":"https:\/\/dekkbi.com\/index.php?rest_route=%2Fwp%2Fv2%2Fcategories&post=65185"},{"taxonomy":"post_tag","embeddable":true,"href":"https:\/\/dekkbi.com\/index.php?rest_route=%2Fwp%2Fv2%2Ftags&post=65185"}],"curies":[{"name":"wp","href":"https:\/\/api.w.org\/{rel}","templated":true}]}}