{"id":65179,"date":"2025-12-15T12:31:28","date_gmt":"2025-12-15T12:31:28","guid":{"rendered":"https:\/\/dekkbi.com\/?p=65179"},"modified":"2025-12-15T12:31:28","modified_gmt":"2025-12-15T12:31:28","slug":"maroc-37-morts-lors-de-crues-soudaines-dans-une-ville-cotiere","status":"publish","type":"post","link":"https:\/\/dekkbi.com\/?p=65179","title":{"rendered":"Maroc: 37 morts lors de crues soudaines dans une ville c\u00f4ti\u00e8re"},"content":{"rendered":"\n<p>Trente-sept personnes sont mortes dimanche \u00e0 Safi, sur la c\u00f4te atlantique du Maroc, en raison de crues soudaines apr\u00e8s des pr\u00e9cipitations qui ont entra\u00een\u00e9 des inondations dans des habitations et commerces, ont annonc\u00e9 lundi les autorit\u00e9s locales dans un nouveau bilan.<\/p>\n\n\n\n<p>Il s&rsquo;agit du plus lourd bilan pour des intemp\u00e9ries de ce type au Maroc depuis plus d&rsquo;une d\u00e9cennie.<\/p>\n\n\n\n<p>\u00ab\u00a0Quatorze personnes sont actuellement soign\u00e9es \u00e0 l&rsquo;h\u00f4pital Mohammed V de Safi, dont deux en soins intensifs\u00a0\u00bb, ont pr\u00e9cis\u00e9 les autorit\u00e9s dans un communiqu\u00e9, affirmant poursuivre les op\u00e9rations de recherche et d&rsquo;assistance aux populations sinistr\u00e9es.<\/p>\n\n\n\n<p>La province de Safi, \u00e0 environ 300 kilom\u00e8tres au sud de Rabat, a \u00e9t\u00e9 touch\u00e9e dimanche par de \u00ab\u00a0tr\u00e8s fortes pr\u00e9cipitations orageuses\u00a0\u00bb ayant \u00ab\u00a0provoqu\u00e9 des \u00e9coulements torrentiels exceptionnels\u00a0\u00bb en l&rsquo;espace d'\u00a0\u00bbune heure\u00a0\u00bb, d&rsquo;apr\u00e8s la m\u00eame source.<\/p>\n\n\n\n<p>Sur des images diffus\u00e9es sur les r\u00e9seaux sociaux dans la soir\u00e9e, un torrent d&rsquo;eau boueuse a d\u00e9val\u00e9 les rues de Safi, emportant voitures et poubelles. D&rsquo;autres montrent un mausol\u00e9e \u00e0 moiti\u00e9 submerg\u00e9 et des embarcations de la Protection civile en intervention pour secourir des r\u00e9sidents.<\/p>\n\n\n\n<p>Au Maroc, l&rsquo;automne est normalement marqu\u00e9 par une diminution des temp\u00e9ratures, mais le r\u00e9chauffement climatique limite d\u00e9sormais cette baisse, tout en maintenant une forte humidit\u00e9 et une \u00e9vaporation h\u00e9rit\u00e9es de l&rsquo;\u00e9t\u00e9. Cette combinaison augmente le risque d&rsquo;averses intenses, selon des experts.<\/p>\n\n\n\n<p>Dans ce contexte, les autorit\u00e9s de la province de Safi ont soulign\u00e9 lundi \u00ab\u00a0la n\u00e9cessit\u00e9 de renforcer la vigilance, d&rsquo;adopter les plus grandes pr\u00e9cautions et de respecter les mesures de s\u00e9curit\u00e9, compte tenu des fluctuations climatiques extr\u00eames que conna\u00eet notre pays\u00a0\u00bb.<\/p>\n\n\n\n<p>En septembre 2024, de fortes intemp\u00e9ries avaient provoqu\u00e9 des inondations dans le sud et le sud-est du pays, causant la mort de 18 personnes.<\/p>\n\n\n\n<p>En novembre 2014, au moins 32 personnes avaient p\u00e9ri dans le sud \u00e0 la suite de violentes pr\u00e9cipitations ayant provoqu\u00e9 des crues de plusieurs rivi\u00e8res au pied des montagnes de l&rsquo;Atlas.<\/p>\n\n\n\n<p>Plusieurs centaines de personnes avaient \u00e9t\u00e9 tu\u00e9es lors de terribles inondations en 1995 dans la vall\u00e9e de l&rsquo;Ourika, \u00e0 30 kilom\u00e8tres au sud de Marrakech (centre).<\/p>\n","protected":false},"excerpt":{"rendered":"<p>Trente-sept personnes sont mortes dimanche \u00e0 Safi, sur la c\u00f4te atlantique du Maroc, en raison de crues soudaines apr\u00e8s des<\/p>\n","protected":false},"author":1,"featured_media":65180,"comment_status":"open","ping_status":"open","sticky":false,"template":"","format":"standard","meta":{"footnotes":""},"categories":[51],"tags":[],"class_list":["post-65179","post","type-post","status-publish","format-standard","has-post-thumbnail","hentry","category-general"],"_links":{"self":[{"href":"https:\/\/dekkbi.com\/index.php?rest_route=\/wp\/v2\/posts\/65179","targetHints":{"allow":["GET"]}}],"collection":[{"href":"https:\/\/dekkbi.com\/index.php?rest_route=\/wp\/v2\/posts"}],"about":[{"href":"https:\/\/dekkbi.com\/index.php?rest_route=\/wp\/v2\/types\/post"}],"author":[{"embeddable":true,"href":"https:\/\/dekkbi.com\/index.php?rest_route=\/wp\/v2\/users\/1"}],"replies":[{"embeddable":true,"href":"https:\/\/dekkbi.com\/index.php?rest_route=%2Fwp%2Fv2%2Fcomments&post=65179"}],"version-history":[{"count":1,"href":"https:\/\/dekkbi.com\/index.php?rest_route=\/wp\/v2\/posts\/65179\/revisions"}],"predecessor-version":[{"id":65181,"href":"https:\/\/dekkbi.com\/index.php?rest_route=\/wp\/v2\/posts\/65179\/revisions\/65181"}],"wp:featuredmedia":[{"embeddable":true,"href":"https:\/\/dekkbi.com\/index.php?rest_route=\/wp\/v2\/media\/65180"}],"wp:attachment":[{"href":"https:\/\/dekkbi.com\/index.php?rest_route=%2Fwp%2Fv2%2Fmedia&parent=65179"}],"wp:term":[{"taxonomy":"category","embeddable":true,"href":"https:\/\/dekkbi.com\/index.php?rest_route=%2Fwp%2Fv2%2Fcategories&post=65179"},{"taxonomy":"post_tag","embeddable":true,"href":"https:\/\/dekkbi.com\/index.php?rest_route=%2Fwp%2Fv2%2Ftags&post=65179"}],"curies":[{"name":"wp","href":"https:\/\/api.w.org\/{rel}","templated":true}]}}