{"id":65173,"date":"2025-12-15T12:03:27","date_gmt":"2025-12-15T12:03:27","guid":{"rendered":"https:\/\/dekkbi.com\/?p=65173"},"modified":"2025-12-15T12:03:28","modified_gmt":"2025-12-15T12:03:28","slug":"identite-liens-avec-letat-islamique-ce-que-lon-sait-des-deux-assaillants-de-lattentat-a-sydney","status":"publish","type":"post","link":"https:\/\/dekkbi.com\/?p=65173","title":{"rendered":"Identit\u00e9, liens avec l&rsquo;\u00c9tat islamique&#8230; Ce que l&rsquo;on sait des deux assaillants de l&rsquo;attentat \u00e0 Sydney"},"content":{"rendered":"\n<p>En Australie, l\u2019enqu\u00eate se poursuit apr\u00e8s l\u2019attaque antis\u00e9mite qui a fait 16 morts, dimanche 14 d\u00e9cembre, sur la plage de Bondi, \u00e0 Sydney, lors des c\u00e9l\u00e9brations de Hanoukah. Selon les m\u00e9dias locaux, l\u2019un des deux assaillants, un p\u00e8re et son fils, avait d\u00e9j\u00e0 \u00e9t\u00e9 rep\u00e9r\u00e9 par les services de renseignement pour des liens pr\u00e9sum\u00e9s avec le groupe \u00c9tat islamique.<\/p>\n\n\n\n<p><strong>Par : RFI<\/strong><\/p>\n\n\n\n<p>Il n\u2019y a pas de troisi\u00e8me assaillant : les deux hommes qui\u00a0<strong>ont ouvert le feu<\/strong>\u00a0\u00e9taient un p\u00e8re et son fils, \u00e2g\u00e9s de 50 et 24 ans. Le p\u00e8re, Sajid Akram, a \u00e9t\u00e9 abattu par la police, tandis que le fils, touch\u00e9 par des tirs, est hospitalis\u00e9. Le p\u00e8re \u00e9tait d\u00e9tenteur d\u2019un permis de port d\u2019armes et poss\u00e9dait six armes \u00e0 feu, toutes saisies lors d\u2019une perquisition \u00e0 son domicile, rapporte\u00a0notre correspondant \u00e0 Sydney,\u00a0<strong>Gr\u00e9gory Plesse<\/strong>. Les motivations des assaillants ne sont pas encore connues et, selon la police, l\u2019attaque ne semblait pas pr\u00e9m\u00e9dit\u00e9e.<\/p>\n\n\n\n<h2 class=\"wp-block-heading\">Drapeaux de l&rsquo;\u00c9tat islamique<\/h2>\n\n\n\n<p>Selon la cha\u00eene publique ABC, les services de renseignement\u00a0<strong>australiens<\/strong>\u00a0s\u2019\u00e9taient d\u00e9j\u00e0 int\u00e9ress\u00e9s au profil du fils, Naveed Akram, soup\u00e7onn\u00e9 d\u2019entretenir des liens \u00e9troits avec un membre du groupe \u00c9tat islamique (EI) arr\u00eat\u00e9 et condamn\u00e9 en 2019 pour la pr\u00e9paration d\u2019un attentat en Australie. Des enqu\u00eateurs\u00a0<strong>antiterroristes<\/strong>\u00a0estimeraient que les deux assaillants auraient pr\u00eat\u00e9 all\u00e9geance \u00e0 l\u2019organisation jihadiste. Deux drapeaux de l\u2019EI auraient \u00e9t\u00e9 retrouv\u00e9s dans leur v\u00e9hicule.<\/p>\n\n\n\n<p>Le chef du renseignement int\u00e9rieur, Mike Burgess, a indiqu\u00e9 que l\u2019un des tireurs \u00e9tait \u00ab\u00a0<em>connu de nos services, mais pas en tant que menace imm\u00e9diate\u00a0<\/em>\u00bb. La police de Nouvelle-Galles du Sud dit toutefois ne pas \u00eatre en mesure de confirmer\u00a0<strong>les informations rapport\u00e9es par ABC.<\/strong><\/p>\n\n\n\n<p>Dans ses d\u00e9clarations \u00e0 la presse australienne, la m\u00e8re et \u00e9pouse des deux suspects refuse de croire \u00e0 leur culpabilit\u00e9. Le jour de l&rsquo;attaque, les deux hommes lui auraient \u00ab<em>&nbsp;dit qu\u2019ils partaient p\u00eacher<\/em>&nbsp;\u00bb le week-end.&nbsp;\u00ab&nbsp;<em>Il n\u2019a pas d\u2019arme \u00e0 feu<\/em>, a-t-elle d\u00e9clar\u00e9 au&nbsp;<em>Sydney Morning Herald&nbsp;<\/em>\u00e0 propos de son fils.&nbsp;<em>Il ne sort m\u00eame pas. Il ne fr\u00e9quente pas ses amis. Il ne boit pas, il ne fume pas, il ne va pas dans des endroits mal fam\u00e9s. Il va au travail, il rentre \u00e0 la maison, il fait du sport et c\u2019est tout. Tout le monde r\u00eaverait d\u2019avoir un fils comme le mien. C\u2019est un bon gar\u00e7on.<\/em>&nbsp;\u00bb&nbsp;Sajid Akram \u00e9tait propri\u00e9taire d\u2019un magasin de fruits et son fils ma\u00e7on en recherche d&#8217;emploi apr\u00e8s avoir \u00e9t\u00e9 licenci\u00e9 deux mois plus t\u00f4t.&nbsp;<\/p>\n\n\n\n<p>Le Premier ministre Anthony Albanese s\u2019est&nbsp;quant \u00e0 lui engag\u00e9 \u00e0 lutter contre l\u2019antis\u00e9mitisme \u00ab&nbsp;<em>sous toutes ses formes&nbsp;<\/em>\u00bb, tandis qu\u2019un important dispositif policier a \u00e9t\u00e9 d\u00e9ploy\u00e9 devant les lieux de culte et de rassemblement de la communaut\u00e9 juive et qu&rsquo;une quarantaine de personnes sont toujours hospitalis\u00e9es.<\/p>\n","protected":false},"excerpt":{"rendered":"<p>En Australie, l\u2019enqu\u00eate se poursuit apr\u00e8s l\u2019attaque antis\u00e9mite qui a fait 16 morts, dimanche 14 d\u00e9cembre, sur la plage de<\/p>\n","protected":false},"author":1,"featured_media":65174,"comment_status":"open","ping_status":"open","sticky":false,"template":"","format":"standard","meta":{"footnotes":""},"categories":[51],"tags":[],"class_list":["post-65173","post","type-post","status-publish","format-standard","has-post-thumbnail","hentry","category-general"],"_links":{"self":[{"href":"https:\/\/dekkbi.com\/index.php?rest_route=\/wp\/v2\/posts\/65173","targetHints":{"allow":["GET"]}}],"collection":[{"href":"https:\/\/dekkbi.com\/index.php?rest_route=\/wp\/v2\/posts"}],"about":[{"href":"https:\/\/dekkbi.com\/index.php?rest_route=\/wp\/v2\/types\/post"}],"author":[{"embeddable":true,"href":"https:\/\/dekkbi.com\/index.php?rest_route=\/wp\/v2\/users\/1"}],"replies":[{"embeddable":true,"href":"https:\/\/dekkbi.com\/index.php?rest_route=%2Fwp%2Fv2%2Fcomments&post=65173"}],"version-history":[{"count":1,"href":"https:\/\/dekkbi.com\/index.php?rest_route=\/wp\/v2\/posts\/65173\/revisions"}],"predecessor-version":[{"id":65175,"href":"https:\/\/dekkbi.com\/index.php?rest_route=\/wp\/v2\/posts\/65173\/revisions\/65175"}],"wp:featuredmedia":[{"embeddable":true,"href":"https:\/\/dekkbi.com\/index.php?rest_route=\/wp\/v2\/media\/65174"}],"wp:attachment":[{"href":"https:\/\/dekkbi.com\/index.php?rest_route=%2Fwp%2Fv2%2Fmedia&parent=65173"}],"wp:term":[{"taxonomy":"category","embeddable":true,"href":"https:\/\/dekkbi.com\/index.php?rest_route=%2Fwp%2Fv2%2Fcategories&post=65173"},{"taxonomy":"post_tag","embeddable":true,"href":"https:\/\/dekkbi.com\/index.php?rest_route=%2Fwp%2Fv2%2Ftags&post=65173"}],"curies":[{"name":"wp","href":"https:\/\/api.w.org\/{rel}","templated":true}]}}