{"id":65170,"date":"2025-12-15T11:57:31","date_gmt":"2025-12-15T11:57:31","guid":{"rendered":"https:\/\/dekkbi.com\/?p=65170"},"modified":"2025-12-15T11:57:32","modified_gmt":"2025-12-15T11:57:32","slug":"chili-le-candidat-dextreme-droite-jose-antonio-kast-elu-president","status":"publish","type":"post","link":"https:\/\/dekkbi.com\/?p=65170","title":{"rendered":"Chili: le candidat d&rsquo;extr\u00eame droite Jos\u00e9 Antonio Kast \u00e9lu pr\u00e9sident"},"content":{"rendered":"\n<p>Les Chiliens ont vot\u00e9 dimanche 14 d\u00e9cembre pour \u00e9lire leur prochain pr\u00e9sident. Le candidat d&rsquo;extr\u00eame droite Jos\u00e9 Antonio Kast a \u00e9t\u00e9 \u00e9lu pr\u00e9sident. La candidate de gauche Jeannette Jara a rapidement reconnu sa d\u00e9faite. C&rsquo;est la premi\u00e8re fois depuis la fin de la dictature d&rsquo;Augusto Pinochet, il y a 35 ans, que l&rsquo;extr\u00eame droite revient au pouvoir dans le pays.<\/p>\n\n\n\n<p>Par : RFI avec AFP<\/p>\n\n\n\n<p>Jos\u00e9 Antonio Kast&nbsp;l&rsquo;a emport\u00e9 avec environ 58% des suffrages. La candidate de gauche Jeannette Jara a, quant \u00e0 elle, recueilli autour de 42% des voix, apr\u00e8s d\u00e9pouillement de la quasi-totalit\u00e9 des bulletins de vote. Des milliers de personnes brandissant des drapeaux chiliens sont descendues dans les rues dans plusieurs villes du pays pour c\u00e9l\u00e9brer la victoire de l&rsquo;ex-d\u00e9put\u00e9 ultraconservateur de 59 ans.<\/p>\n\n\n\n<p>La candidate de gauche \u00e0 la pr\u00e9sidentielle au Chili a rapidement reconnu sa d\u00e9faite face \u00e0 son adversaire d&rsquo;extr\u00eame droite. 17 points s\u00e9paraient d\u00e9j\u00e0 les deux candidats selon le d\u00e9pouillement en cours. \u00ab&nbsp;<em>La d\u00e9mocratie s&rsquo;est exprim\u00e9e haut et fort&nbsp;<\/em>\u00bb, a \u00e9crit Jeannette Jara sur son compte X (ex-Twitter), disant avoir communiqu\u00e9 \u00ab&nbsp;<em>avec le pr\u00e9sident \u00e9lu&nbsp;<\/em>\u00bb, l&rsquo;ultraconservateur Kast, \u00ab&nbsp;<em>pour lui souhaiter du succ\u00e8s, pour le bien du Chili&nbsp;<\/em>\u00bb. \u00ab&nbsp;<em>Nous allons instaurer le respect de la loi dans toutes les r\u00e9gions<\/em>&nbsp;\u00bb du pays, a pour sa part d\u00e9clar\u00e9 le vainqueur du scrutin \u00e0 des milliers de partisans r\u00e9unis devant le si\u00e8ge du Parti r\u00e9publicain, dans l&rsquo;est de Santiago.<\/p>\n\n\n\n<p>Les bureaux de vote ont commenc\u00e9 \u00e0 fermer \u00e0 18 h, heure locale (21 heures TU), ouvrant la voie au d\u00e9pouillement, au terme d&rsquo;une journ\u00e9e marqu\u00e9e par de longues files d&rsquo;attente pour ce scrutin obligatoire. Pr\u00e8s de 16 millions d&rsquo;\u00e9lecteurs \u00e9taient appel\u00e9s \u00e0 d\u00e9partager les deux candidats.<\/p>\n\n\n\n<h2 class=\"wp-block-heading\">Campagne sur la lutte contre la criminalit\u00e9<\/h2>\n\n\n\n<p>Le candidat d&rsquo;extr\u00eame droite acc\u00e8de \u00e0 la pr\u00e9sidence \u00e0 sa troisi\u00e8me tentative. Apr\u00e8s avoir vot\u00e9 \u00e0 Paine, \u00e0 40 km au sud de Santiago, il a \u00e9t\u00e9 applaudi par une foule scandant \u00ab\u00a0<em>Kast, pr\u00e9sident\u00a0<\/em>\u00bb. Il a promis de rechercher l&rsquo;unit\u00e9, dans un pays tr\u00e8s polaris\u00e9. \u00ab\u00a0<em>Le vainqueur (de l&rsquo;\u00e9lection) devra \u00eatre la pr\u00e9sidente ou le pr\u00e9sident de tous les Chiliens<\/em>\u00a0\u00bb, a-t-il dit.\u00a0<strong>Sa rivale de gauche<\/strong>, issue des rangs du Parti communiste, a d\u00e9clar\u00e9 aspirer \u00e0 \u00ab\u00a0<em>un meilleur avenir pour le Chili, un pays o\u00f9 la haine et la peur ne soient pas au premier plan<\/em>\u00a0\u00bb.<\/p>\n\n\n\n<p>L&rsquo;ex-d\u00e9put\u00e9 Jos\u00e9 Antonio Kast a fait campagne sur la lutte contre la criminalit\u00e9 et la promesse d&rsquo;expulser les pr\u00e8s de 340 000 migrants en situation irr\u00e9guli\u00e8re, pour la plupart des V\u00e9n\u00e9zu\u00e9liens. En face, Jeannette Jara, 51 ans, ex-ministre du Travail du pr\u00e9sident sortant\u00a0<strong>Gabriel Boric<\/strong>, promettait l&rsquo;augmentation du salaire minimum et la d\u00e9fense des retraites. Au premier tour, mi-novembre, les deux candidats ont obtenu chacun un quart des suffrages, avec une l\u00e9g\u00e8re avance pour la gauche. Mais ensemble, les candidats de droite ont totalis\u00e9 70%.<\/p>\n\n\n\n<blockquote class=\"wp-block-quote is-layout-flow wp-block-quote-is-layout-flow\">\n<p>Cette \u00e9lection, c\u2019est un rejet du communisme qui a fait tant de d\u00e9g\u00e2ts en Am\u00e9rique latine. Je per\u00e7ois beaucoup d\u2019unit\u00e9 et d\u2019optimisme.<\/p>\n<\/blockquote>\n\n\n\n<p>01:12<\/p>\n\n\n\n<p>[Reportage] Les soutiens de Jos\u00e9 Antonio Kast f\u00eatent sa victoire devant son quartier g\u00e9n\u00e9ralNa\u00efla Derroisn\u00e9<\/p>\n\n\n\n<p>Au premier tour Kast \u00e9tait arriv\u00e9 en deuxi\u00e8me position derri\u00e8re la candidate de gauche mais il a remport\u00e9 l\u2019\u00e9lection gr\u00e2ce au soutien du reste de la droite, avec qui il va devoir faire alliance pour gouverner car son parti n\u2019a pas de majorit\u00e9 au Parlement.<\/p>\n\n\n\n<p><strong>Newsletter<\/strong>Recevez toute l&rsquo;actualit\u00e9 internationale directement dans votre boite mail<a href=\"https:\/\/emailing.rfi.fr\/fr\/subscribe\" target=\"_blank\" rel=\"noreferrer noopener\">Je m&rsquo;abonne<\/a><\/p>\n\n\n\n<p>Hier soir, Jos\u00e9 Antonio Kast s\u2019est exprim\u00e9 pendant pr\u00e8s d\u2019une heure apr\u00e8s avoir \u00e9t\u00e9 proclam\u00e9 vainqueur, pr\u00e9venant d\u00e9j\u00e0 que les r\u00e9sultats de son programme \u00ab&nbsp;ne se verront pas du jour au lendemain&nbsp;\u00bb, rapporte notre correspondante \u00e0 Santiago,&nbsp;<strong>Na\u00efla Derroisn\u00e9<\/strong>. Comme le veut la tradition, l\u2019actuel pr\u00e9sident Gabriel Boric a t\u00e9l\u00e9phon\u00e9 \u00e0 son successeur pour le f\u00e9liciter de sa victoire, mais aussi pour le pr\u00e9venir que bient\u00f4t lui aussi conna\u00eetrait ce que signifie la \u00ab&nbsp;<em>solitude du pouvoir&nbsp;<\/em>\u00bb.<\/p>\n\n\n\n<h2 class=\"wp-block-heading\">Ultraconservateur et admirateur de Pinochet<\/h2>\n\n\n\n<p>Ex-d\u00e9put\u00e9 et avocat, Jos\u00e9 Antonio Kast, 59 ans, est le benjamin d&rsquo;une fratrie de dix enfants. Son p\u00e8re, n\u00e9 en Allemagne, s&rsquo;est install\u00e9 au Chili apr\u00e8s la Seconde Guerre mondiale. Il y a fond\u00e9 une entreprise de charcuterie prosp\u00e8re. Des enqu\u00eates men\u00e9es par des m\u00e9dias en 2021 ont r\u00e9v\u00e9l\u00e9 que ce dernier avait \u00e9t\u00e9 membre du parti d&rsquo;Adolf Hitler. Jos\u00e9 Antonio Kast affirme que son p\u00e8re a \u00e9t\u00e9 enr\u00f4l\u00e9 de force dans l&rsquo;arm\u00e9e allemande et nie qu&rsquo;il ait \u00e9t\u00e9 un partisan du mouvement nazi.<\/p>\n\n\n\n<p>Membre du mouvement Sch\u00f6nstatt, un courant catholique conservateur d&rsquo;origine allemande, le nouveau pr\u00e9sident \u00e9lu est mari\u00e9 et p\u00e8re de neuf enfants. Il consid\u00e8re la famille sous sa forme traditionnelle \u2013 un p\u00e8re, une m\u00e8re, des enfants \u2013 comme le \u00ab&nbsp;<em>noyau fondamental de la soci\u00e9t\u00e9&nbsp;<\/em>\u00bb.&nbsp;S&rsquo;il a soigneusement \u00e9vit\u00e9 de r\u00e9p\u00e9ter ses positions en mati\u00e8re soci\u00e9tale durant sa campagne,&nbsp;Jos\u00e9 Antonio Kast s&rsquo;est dans le pass\u00e9 dit oppos\u00e9 \u00e0 l&rsquo;avortement m\u00eame en cas de viol, \u00e0 la pilule du lendemain, au divorce et au mariage entre personnes de m\u00eame sexe. Par le pass\u00e9, Kast a affirm\u00e9 que, selon lui, l&rsquo;ancien dictateur Augusto Pinochet (1973-1990), mort en 2006, aurait vot\u00e9 pour lui s&rsquo;il avait \u00e9t\u00e9 encore en vie.<\/p>\n\n\n\n<p>Le chef de la diplomatie am\u00e9ricaine a salu\u00e9 sans attendre la victoire de&nbsp;Jos\u00e9 Antonio Kast. Sous la direction de Jos\u00e9 Antonio Kast, \u00ab&nbsp;<em>nous sommes convaincus que le Chili fera avancer des priorit\u00e9s communes, notamment le renforcement de la s\u00e9curit\u00e9 publique, la fin de l&rsquo;immigration ill\u00e9gale et la revitalisation de notre relation commerciale<\/em>&nbsp;\u00bb, a d\u00e9clar\u00e9 Marco Rubio, dans un communiqu\u00e9.<\/p>\n","protected":false},"excerpt":{"rendered":"<p>Les Chiliens ont vot\u00e9 dimanche 14 d\u00e9cembre pour \u00e9lire leur prochain pr\u00e9sident. Le candidat d&rsquo;extr\u00eame droite Jos\u00e9 Antonio Kast a<\/p>\n","protected":false},"author":1,"featured_media":65171,"comment_status":"open","ping_status":"open","sticky":false,"template":"","format":"standard","meta":{"footnotes":""},"categories":[51],"tags":[],"class_list":["post-65170","post","type-post","status-publish","format-standard","has-post-thumbnail","hentry","category-general"],"_links":{"self":[{"href":"https:\/\/dekkbi.com\/index.php?rest_route=\/wp\/v2\/posts\/65170","targetHints":{"allow":["GET"]}}],"collection":[{"href":"https:\/\/dekkbi.com\/index.php?rest_route=\/wp\/v2\/posts"}],"about":[{"href":"https:\/\/dekkbi.com\/index.php?rest_route=\/wp\/v2\/types\/post"}],"author":[{"embeddable":true,"href":"https:\/\/dekkbi.com\/index.php?rest_route=\/wp\/v2\/users\/1"}],"replies":[{"embeddable":true,"href":"https:\/\/dekkbi.com\/index.php?rest_route=%2Fwp%2Fv2%2Fcomments&post=65170"}],"version-history":[{"count":1,"href":"https:\/\/dekkbi.com\/index.php?rest_route=\/wp\/v2\/posts\/65170\/revisions"}],"predecessor-version":[{"id":65172,"href":"https:\/\/dekkbi.com\/index.php?rest_route=\/wp\/v2\/posts\/65170\/revisions\/65172"}],"wp:featuredmedia":[{"embeddable":true,"href":"https:\/\/dekkbi.com\/index.php?rest_route=\/wp\/v2\/media\/65171"}],"wp:attachment":[{"href":"https:\/\/dekkbi.com\/index.php?rest_route=%2Fwp%2Fv2%2Fmedia&parent=65170"}],"wp:term":[{"taxonomy":"category","embeddable":true,"href":"https:\/\/dekkbi.com\/index.php?rest_route=%2Fwp%2Fv2%2Fcategories&post=65170"},{"taxonomy":"post_tag","embeddable":true,"href":"https:\/\/dekkbi.com\/index.php?rest_route=%2Fwp%2Fv2%2Ftags&post=65170"}],"curies":[{"name":"wp","href":"https:\/\/api.w.org\/{rel}","templated":true}]}}