{"id":65163,"date":"2025-12-15T11:22:36","date_gmt":"2025-12-15T11:22:36","guid":{"rendered":"https:\/\/dekkbi.com\/?p=65163"},"modified":"2025-12-15T11:23:10","modified_gmt":"2025-12-15T11:23:10","slug":"mouhamadou-bamba-cisse-lia-est-un-levier-dinnovation-pour-ameliorer-la-securite-publique","status":"publish","type":"post","link":"https:\/\/dekkbi.com\/?p=65163","title":{"rendered":"Mouhamadou Bamba Ciss\u00e9 : \u201cL\u2019IA est un levier d\u2019innovation pour am\u00e9liorer la s\u00e9curit\u00e9 publique\u201d"},"content":{"rendered":"\n<p>Dakar, (APS) \u2013 L\u2019intelligence artificielle (IA) est un levier d\u2019innovation offrant des opportunit\u00e9s pour moderniser l\u2019administration, am\u00e9liorer la s\u00e9curit\u00e9 publique et renforcer la gestion des territoires, soutient le ministre de l\u2019Int\u00e9rieur et de la S\u00e9curit\u00e9 publique, Mouhamadou Bamba Ciss\u00e9.<\/p>\n\n\n\n<p>\u201dEn tant que levier d\u2019innovation\u201d, l\u2019IA \u201coffre des opportunit\u00e9s immenses pour moderniser l\u2019administration, am\u00e9liorer la s\u00e9curit\u00e9 publique et renforcer la gestion des territoires\u201d, a-t-il d\u00e9clar\u00e9.<\/p>\n\n\n\n<p>\u201cDans cet environnement en mutation rapide, les \u00c9tats sont tenus de repenser leur approche pour int\u00e9grer ces nouvelles technologies de mani\u00e8re \u00e9thique, inclusive et efficace\u201d, a-t-il dit.<\/p>\n\n\n\n<p>Il intervenait lors de la cinqui\u00e8me \u00e9dition du Forum de l\u2019association des pr\u00e9fets et repr\u00e9sentants territoriaux de la Francophonie (APREF), sur le th\u00e8me \u201cLe repr\u00e9sentant territorial de l\u2019\u00c9tat face aux enjeux de l\u2019intelligence artificielle\u201d.<\/p>\n\n\n\n<p>Ce colloque, qui s\u2019est tenu vendredi \u00e0 Dakar, \u201crev\u00eat une importance particuli\u00e8re\u201d pour le S\u00e9n\u00e9gal et l\u2019Afrique, dont le dynamisme d\u00e9mographique et la forte progression dans le domaine du num\u00e9rique sont des atouts pour le d\u00e9veloppement et la r\u00e9gulation des technologies \u00e9mergentes.<\/p>\n\n\n\n<p>Selon Bassirou S\u00e8ne, pr\u00e9sident de l\u2019association des pr\u00e9fets et repr\u00e9sentants territoriaux de la Francophonie, le choix du S\u00e9n\u00e9gal pour accueillir cette assembl\u00e9e g\u00e9n\u00e9rale, \u201cn\u2019est pas un hasard\u201d.<\/p>\n\n\n\n<p>Il estime que le S\u00e9n\u00e9gal \u201cs\u2019illustre \u00e0 l\u2019international dans le maintien de la paix dans les th\u00e9\u00e2tres de conflit\u201d, en plus d\u2019\u00eatre \u201cune terre d\u2019hospitalit\u00e9, un pont entre les continents, un carrefour naturel de cultures, d\u2019id\u00e9es et d\u2019\u00e9changes\u201d, toutes choses qui font du pays \u201cle symbole d\u2019une d\u00e9mocratie vivante, apais\u00e9e et profond\u00e9ment enracin\u00e9e\u201d.<\/p>\n\n\n\n<p>\u200e Bassirou S\u00e8ne souligne qu\u2019\u00e0 travers ce forum, l\u2019APREF \u201cd\u00e9montre sa volont\u00e9 de franchir un cap d\u00e9cisif et entre de plain-pied dans le d\u00e9bat du futur : celui du fa\u00e7onnage de nos id\u00e9es, de nos pratiques et m\u00eame de notre comportement institutionnel \u00e0 l\u2019\u00e8re de l\u2019intelligence artificielle\u201d.<\/p>\n\n\n\n<p>Il estime que l\u2019IA peut accompagner les repr\u00e9sentants de l\u2019\u00c9tat dans la prise de d\u00e9cision, dans l\u2019analyse des dynamiques territoriales ou encore dans la gestion de l\u2019ordre public. Mais l\u2019IA comporte \u00e9galement son lot d\u2019inconv\u00e9nients et de risques, a-t-il ajout\u00e9, citant l\u2019opacit\u00e9 de ses algorithmes, les atteintes potentielles aux libert\u00e9s, les erreurs d\u2019analyse et la d\u00e9pendance technologique.<\/p>\n\n\n\n<p>Nicolas Desforges, premier vice-pr\u00e9sident de l\u2019APREF, a pour sa part rappel\u00e9 que l\u2019APREF est une association de droit fran\u00e7ais cr\u00e9\u00e9e en 2017, avec comme objectif de permettre aux pr\u00e9fets et aux repr\u00e9sentants territoriaux de l\u2019\u00c9tat ayant le fran\u00e7ais en partage de mutualiser leurs pr\u00e9occupations et de partager leurs exp\u00e9riences et leurs bonnes pratiques administratives.<\/p>\n\n\n\n<p>\u201cL\u2019APREF, c\u2019est un cadre de rencontre et de travail. Elle a aussi pour ambition de contribuer au sein de la Francophonie \u00e0 une meilleure connaissance et reconnaissance des cultures administratives des diff\u00e9rents \u00c9tats membres\u201d, dit-il.<\/p>\n\n\n\n<p>L\u2019association rassemble actuellement 176 membres individuels issus de 15 pays que sont la Belgique, le B\u00e9nin, le Congo, la C\u00f4te d\u2019Ivoire, la France, la Guin\u00e9e, Ha\u00efti, le Liban, la Mauritanie, le Niger, la R\u00e9publique d\u00e9mocratique du Congo, le S\u00e9n\u00e9gal, la Suisse, le Togo et le Canada.<\/p>\n","protected":false},"excerpt":{"rendered":"<p>Dakar, (APS) \u2013 L\u2019intelligence artificielle (IA) est un levier d\u2019innovation offrant des opportunit\u00e9s pour moderniser l\u2019administration, am\u00e9liorer la s\u00e9curit\u00e9 publique<\/p>\n","protected":false},"author":1,"featured_media":65164,"comment_status":"open","ping_status":"open","sticky":false,"template":"","format":"standard","meta":{"footnotes":""},"categories":[6],"tags":[],"class_list":["post-65163","post","type-post","status-publish","format-standard","has-post-thumbnail","hentry","category-politics"],"_links":{"self":[{"href":"https:\/\/dekkbi.com\/index.php?rest_route=\/wp\/v2\/posts\/65163","targetHints":{"allow":["GET"]}}],"collection":[{"href":"https:\/\/dekkbi.com\/index.php?rest_route=\/wp\/v2\/posts"}],"about":[{"href":"https:\/\/dekkbi.com\/index.php?rest_route=\/wp\/v2\/types\/post"}],"author":[{"embeddable":true,"href":"https:\/\/dekkbi.com\/index.php?rest_route=\/wp\/v2\/users\/1"}],"replies":[{"embeddable":true,"href":"https:\/\/dekkbi.com\/index.php?rest_route=%2Fwp%2Fv2%2Fcomments&post=65163"}],"version-history":[{"count":1,"href":"https:\/\/dekkbi.com\/index.php?rest_route=\/wp\/v2\/posts\/65163\/revisions"}],"predecessor-version":[{"id":65165,"href":"https:\/\/dekkbi.com\/index.php?rest_route=\/wp\/v2\/posts\/65163\/revisions\/65165"}],"wp:featuredmedia":[{"embeddable":true,"href":"https:\/\/dekkbi.com\/index.php?rest_route=\/wp\/v2\/media\/65164"}],"wp:attachment":[{"href":"https:\/\/dekkbi.com\/index.php?rest_route=%2Fwp%2Fv2%2Fmedia&parent=65163"}],"wp:term":[{"taxonomy":"category","embeddable":true,"href":"https:\/\/dekkbi.com\/index.php?rest_route=%2Fwp%2Fv2%2Fcategories&post=65163"},{"taxonomy":"post_tag","embeddable":true,"href":"https:\/\/dekkbi.com\/index.php?rest_route=%2Fwp%2Fv2%2Ftags&post=65163"}],"curies":[{"name":"wp","href":"https:\/\/api.w.org\/{rel}","templated":true}]}}