{"id":65143,"date":"2025-12-15T10:31:32","date_gmt":"2025-12-15T10:31:32","guid":{"rendered":"https:\/\/dekkbi.com\/?p=65143"},"modified":"2025-12-15T10:31:33","modified_gmt":"2025-12-15T10:31:33","slug":"amadou-ba-nous-devons-faire-de-la-memoire-de-lesclavage-la-base-dune-nouvelle-civilisation","status":"publish","type":"post","link":"https:\/\/dekkbi.com\/?p=65143","title":{"rendered":"Amadou Ba : \u201cNous devons faire de la m\u00e9moire de l\u2019esclavage la base d\u2019une nouvelle civilisation\u201d"},"content":{"rendered":"\n<p>Gor\u00e9e (Dakar),14 d\u00e9c (APS)- Le ministre de la Culture, de l\u2019Artisanat et du Tourisme, Amadou Ba, a appel\u00e9 dimanche \u00e0 faire de l\u2019h\u00e9ritage de la Traite des esclaves la base d\u2019une nouvelle civilisation fond\u00e9e sur le respect de l\u2019autre, l\u2019humanit\u00e9 et le partage<\/p>\n\n\n\n<p>\u201cNous ne percevons pas l\u2019esclavage comme un fardeau, mais nous voulons en faire les bases d\u2019une nouvelle civilisation fond\u00e9e sur le respect de l\u2019autre, sur l\u2019humanit\u00e9 et sur le partage\u201d, a-t-il d\u00e9clar\u00e9.<\/p>\n\n\n\n<p>Il s\u2019exprimait en pr\u00e9sence de la vice-pr\u00e9sidente de la Colombie Francia Elena Marquez Mina, en visite \u00e0 la Maison des esclaves situ\u00e9e sur l\u2019\u00eele de Gor\u00e9e, dans le cadre d\u2019une visite officielle au S\u00e9n\u00e9gal.<\/p>\n\n\n\n<p>Selon Amadou Ba, Gor\u00e9e est \u201cun symbole vivant\u201d de ce qu\u2019a \u00e9t\u00e9 la Traite des esclaves, \u201cun moment douloureux de l\u2019histoire de l\u2019humanit\u00e9\u201d, marqu\u00e9 par la d\u00e9ploration de dizaines de millions de victimes de l\u2019Afrique vers les Am\u00e9riques.<\/p>\n\n\n\n<p>\u201cGor\u00e9e doit servir aussi \u00e0 appr\u00e9hender les grands enjeux de l\u2019\u00e9poque. Il ne faut pas oublier que le syst\u00e8me esclavagiste \u00e9tait d\u2019abord un syst\u00e8me \u00e9conomique. Et aujourd\u2019hui, il est l\u00e9gitime de se demander si les ressorts \u00e9conomiques qui avaient pr\u00e9valu \u00e0 l\u2019esclavage ont aujourd\u2019hui disparu\u201d, a-t-il relev\u00e9.<\/p>\n\n\n\n<p>L\u2019histoire de l\u2019esclavage est certes connue mais \u201cl\u2019\u00e9poque d\u2019aujourd\u2019hui est \u00e0 la falsification et au relativisme\u201d, a d\u00e9plor\u00e9 le ministre de la Culture, de l\u2019Artisanat et du Tourisme.<\/p>\n\n\n\n<p>Il a rappel\u00e9 que dans des pays comme la Colombie, les esclaves se sont r\u00e9volt\u00e9s et \u201cc\u2019est parce qu\u2019ils se sont r\u00e9volt\u00e9s que le syst\u00e8me s\u2019est effondr\u00e9 [\u2026] C\u2019est pour cette raison que votre venue doit symboliser l\u2019appropriation par les Africains et les descendants d\u2019Afrique de notre histoire\u201d, a-t-il lanc\u00e9 \u00e0 l\u2019endroit de la vice-pr\u00e9sidente de la Colombie.<\/p>\n\n\n\n<p>\u201cMalheureusement, nous voyons tous les jours que le m\u00eame mod\u00e8le qui a servi \u00e0 l\u2019esclavage continue de faire des ravages dans le monde. Et c\u2019est parce qu\u2019on n\u2019a rien appris de l\u2019esclavage que des guerres d\u2019accaparements de richesses et de pouvoirs continuent aujourd\u2019hui \u00e0 semer la mort \u00e0 travers l\u2019humanit\u00e9\u201d, a-t-il soutenu.<\/p>\n\n\n\n<p>Amadou Ba a soulign\u00e9 l\u2019importance de renforcer la coop\u00e9ration culturelle et \u00e9conomique Sud-Sud, fond\u00e9e sur l\u2019\u00e9galit\u00e9, la souverainet\u00e9 des peuples, la souverainet\u00e9 des ressources, tout en pr\u00e9servant la m\u00e9moire de l\u2019esclavage.<\/p>\n","protected":false},"excerpt":{"rendered":"<p>Gor\u00e9e (Dakar),14 d\u00e9c (APS)- Le ministre de la Culture, de l\u2019Artisanat et du Tourisme, Amadou Ba, a appel\u00e9 dimanche \u00e0<\/p>\n","protected":false},"author":1,"featured_media":65144,"comment_status":"open","ping_status":"open","sticky":false,"template":"","format":"standard","meta":{"footnotes":""},"categories":[21],"tags":[],"class_list":["post-65143","post","type-post","status-publish","format-standard","has-post-thumbnail","hentry","category-societe"],"_links":{"self":[{"href":"https:\/\/dekkbi.com\/index.php?rest_route=\/wp\/v2\/posts\/65143","targetHints":{"allow":["GET"]}}],"collection":[{"href":"https:\/\/dekkbi.com\/index.php?rest_route=\/wp\/v2\/posts"}],"about":[{"href":"https:\/\/dekkbi.com\/index.php?rest_route=\/wp\/v2\/types\/post"}],"author":[{"embeddable":true,"href":"https:\/\/dekkbi.com\/index.php?rest_route=\/wp\/v2\/users\/1"}],"replies":[{"embeddable":true,"href":"https:\/\/dekkbi.com\/index.php?rest_route=%2Fwp%2Fv2%2Fcomments&post=65143"}],"version-history":[{"count":1,"href":"https:\/\/dekkbi.com\/index.php?rest_route=\/wp\/v2\/posts\/65143\/revisions"}],"predecessor-version":[{"id":65145,"href":"https:\/\/dekkbi.com\/index.php?rest_route=\/wp\/v2\/posts\/65143\/revisions\/65145"}],"wp:featuredmedia":[{"embeddable":true,"href":"https:\/\/dekkbi.com\/index.php?rest_route=\/wp\/v2\/media\/65144"}],"wp:attachment":[{"href":"https:\/\/dekkbi.com\/index.php?rest_route=%2Fwp%2Fv2%2Fmedia&parent=65143"}],"wp:term":[{"taxonomy":"category","embeddable":true,"href":"https:\/\/dekkbi.com\/index.php?rest_route=%2Fwp%2Fv2%2Fcategories&post=65143"},{"taxonomy":"post_tag","embeddable":true,"href":"https:\/\/dekkbi.com\/index.php?rest_route=%2Fwp%2Fv2%2Ftags&post=65143"}],"curies":[{"name":"wp","href":"https:\/\/api.w.org\/{rel}","templated":true}]}}