{"id":65125,"date":"2025-12-15T09:48:15","date_gmt":"2025-12-15T09:48:15","guid":{"rendered":"https:\/\/dekkbi.com\/?p=65125"},"modified":"2025-12-15T10:00:20","modified_gmt":"2025-12-15T10:00:20","slug":"randonnee-citoyenne-a-dakar-la-societe-civile-reclame-la-reciprocite-dans-la-delivrance-des-visas","status":"publish","type":"post","link":"https:\/\/dekkbi.com\/?p=65125","title":{"rendered":"Randonn\u00e9e citoyenne \u00e0 Dakar: la soci\u00e9t\u00e9 civile r\u00e9clame la r\u00e9ciprocit\u00e9 dans la d\u00e9livrance des visas"},"content":{"rendered":"\n<p><strong>R\u00e9unies hier, dimanche 14 d\u00e9cembre 2025 \u00e0 Dakar, \u00e0 l\u2019occasion d\u2019une randonn\u00e9e p\u00e9destre symbolique, les organisations s\u00e9n\u00e9galaises de d\u00e9fense des droits des migrants ont \u00e9lev\u00e9 la voix pour d\u00e9noncer les difficult\u00e9s persistantes auxquelles font face les citoyens s\u00e9n\u00e9galais dans l\u2019obtention de visas. Une mobilisation citoyenne qui s\u2019inscrit dans un contexte marqu\u00e9 par un durcissement des proc\u00e9dures migratoires, jug\u00e9es longues, opaques, co\u00fbteuses et souvent attentatoires \u00e0 la dignit\u00e9 humaine.<\/strong><\/p>\n\n\n\n<p>Dans leur d\u00e9claration rendue publique, les organisations rappellent le paradoxe d\u2019un S\u00e9n\u00e9gal reconnu pour son hospitalit\u00e9 l\u00e9gendaire, accueillant chaque ann\u00e9e des centaines de milliers d\u2019\u00e9trangers, tandis que ses propres ressortissants subissent humiliations et refus injustifi\u00e9s pour des motifs professionnels, acad\u00e9miques, sanitaires, familiaux ou touristiques.<\/p>\n\n\n\n<p>Les signataires rappellent avoir engag\u00e9, il y a un an, un dialogue avec certaines repr\u00e9sentations diplomatiques, notamment europ\u00e9ennes, dans l\u2019espoir d\u2019humaniser les proc\u00e9dures de d\u00e9livrance des visas. Si des avanc\u00e9es ont \u00e9t\u00e9 not\u00e9es avec des pays africains comme le Kenya et la Namibie, qui ont supprim\u00e9 l\u2019obligation de visa pour les S\u00e9n\u00e9galais, aucune am\u00e9lioration significative n\u2019a \u00e9t\u00e9 enregistr\u00e9e du c\u00f4t\u00e9 europ\u00e9en.<\/p>\n\n\n\n<p>Face \u00e0 cette situation, la soci\u00e9t\u00e9 civile appelle l\u2019\u00c9tat du S\u00e9n\u00e9gal \u00e0 jouer pleinement son r\u00f4le diplomatique en instaurant une politique de r\u00e9ciprocit\u00e9 avec les pays qui restreignent l\u2019acc\u00e8s \u00e0 leurs territoires. Une revendication qui fait \u00e9cho \u00e0 la d\u00e9claration de politique g\u00e9n\u00e9rale du Premier ministre Ousmane Sonko, lequel avait clairement affirm\u00e9 la volont\u00e9 du gouvernement de d\u00e9fendre la dignit\u00e9 des S\u00e9n\u00e9galais \u00e0 l\u2019\u00e9tranger et de revoir, sur une base \u00e9quitable, les relations migratoires et consulaires du pays.<\/p>\n\n\n\n<p>Les organisations exhortent \u00e9galement les autorit\u00e9s \u00e0 renforcer les services consulaires, \u00e0 documenter syst\u00e9matiquement les abus li\u00e9s aux visas et \u00e0 garantir la s\u00e9curit\u00e9 juridique des S\u00e9n\u00e9galais vivant hors du pays. Pour elles, la mobilit\u00e9 internationale ne saurait \u00eatre un privil\u00e8ge r\u00e9serv\u00e9 \u00e0 quelques-uns, mais un droit fondamental qui doit \u00eatre reconnu et prot\u00e9g\u00e9.<\/p>\n\n\n\n<p>Par cette mobilisation citoyenne, la soci\u00e9t\u00e9 civile entend maintenir la pression et accompagner toute initiative allant vers une plus grande justice et \u00e9quit\u00e9 dans la circulation des personnes.\u201d<\/p>\n\n\n\n<p><strong>Ousmane GOUDIABY<\/strong><br>SUDQUOTIDIEN<\/p>\n","protected":false},"excerpt":{"rendered":"<p>R\u00e9unies hier, dimanche 14 d\u00e9cembre 2025 \u00e0 Dakar, \u00e0 l\u2019occasion d\u2019une randonn\u00e9e p\u00e9destre symbolique, les organisations s\u00e9n\u00e9galaises de d\u00e9fense des<\/p>\n","protected":false},"author":1,"featured_media":65126,"comment_status":"open","ping_status":"open","sticky":false,"template":"","format":"standard","meta":{"footnotes":""},"categories":[26],"tags":[],"class_list":["post-65125","post","type-post","status-publish","format-standard","has-post-thumbnail","hentry","category-fait-divers"],"_links":{"self":[{"href":"https:\/\/dekkbi.com\/index.php?rest_route=\/wp\/v2\/posts\/65125","targetHints":{"allow":["GET"]}}],"collection":[{"href":"https:\/\/dekkbi.com\/index.php?rest_route=\/wp\/v2\/posts"}],"about":[{"href":"https:\/\/dekkbi.com\/index.php?rest_route=\/wp\/v2\/types\/post"}],"author":[{"embeddable":true,"href":"https:\/\/dekkbi.com\/index.php?rest_route=\/wp\/v2\/users\/1"}],"replies":[{"embeddable":true,"href":"https:\/\/dekkbi.com\/index.php?rest_route=%2Fwp%2Fv2%2Fcomments&post=65125"}],"version-history":[{"count":3,"href":"https:\/\/dekkbi.com\/index.php?rest_route=\/wp\/v2\/posts\/65125\/revisions"}],"predecessor-version":[{"id":65130,"href":"https:\/\/dekkbi.com\/index.php?rest_route=\/wp\/v2\/posts\/65125\/revisions\/65130"}],"wp:featuredmedia":[{"embeddable":true,"href":"https:\/\/dekkbi.com\/index.php?rest_route=\/wp\/v2\/media\/65126"}],"wp:attachment":[{"href":"https:\/\/dekkbi.com\/index.php?rest_route=%2Fwp%2Fv2%2Fmedia&parent=65125"}],"wp:term":[{"taxonomy":"category","embeddable":true,"href":"https:\/\/dekkbi.com\/index.php?rest_route=%2Fwp%2Fv2%2Fcategories&post=65125"},{"taxonomy":"post_tag","embeddable":true,"href":"https:\/\/dekkbi.com\/index.php?rest_route=%2Fwp%2Fv2%2Ftags&post=65125"}],"curies":[{"name":"wp","href":"https:\/\/api.w.org\/{rel}","templated":true}]}}