{"id":6509,"date":"2023-01-17T15:17:10","date_gmt":"2023-01-17T15:17:10","guid":{"rendered":"https:\/\/dekkbi.com\/?p=6509"},"modified":"2023-01-17T16:21:04","modified_gmt":"2023-01-17T16:21:04","slug":"israel-une-reforme-de-la-justice-liee-a-la-situation-judiciaire-de-benyamin-netanyahu","status":"publish","type":"post","link":"https:\/\/dekkbi.com\/?p=6509","title":{"rendered":"Isra\u00ebl: une r\u00e9forme de la justice li\u00e9e \u00e0 la situation judiciaire de Netanyahu"},"content":{"rendered":"\n<p>Depuis le d\u00e9but de l\u2019ann\u00e9e en Isra\u00ebl, chaque samedi, des milliers de personnes descendent dans la rue pour protester contre la r\u00e9forme du syst\u00e8me judiciaire. Le nouveau gouvernement, le plus \u00e0 droite de l\u2019histoire du pays, pr\u00e9voit de se doter des pleins pouvoirs, et de mettre la justice sous tutelle. Cette r\u00e9forme intervient alors que le Premier ministre, Benyamin Netanyahu, est inculp\u00e9 dans trois affaires criminelles. Son ministre de la Justice&nbsp;reconna\u00eet d\u00e9sormais publiquement qu&rsquo;il y a&nbsp;un lien entre le proc\u00e8s de Netanyahu&nbsp;et la r\u00e9forme.<\/p>\n\n\n\n<p><\/p>\n\n\n\n<p><em>De notre correspondant \u00e0 J\u00e9rusalem,<\/em>&nbsp;<strong>Sami Boukhelifa<\/strong> -RFI<\/p>\n\n\n\n<p>Comprendre : cette r\u00e9forme a pour objectif de sauver Benyamin Netanyahu&nbsp;de ses d\u00e9m\u00eal\u00e9s avec la justice. Tout cela au nom de la d\u00e9mocratie. Car oui, explique Yariv Levin, \u00ab&nbsp;<em>en votant pour nous, le peuple nous a donn\u00e9 le mandat pour le repr\u00e9senter&nbsp;<\/em>\u00bb.<\/p>\n\n\n\n<p>Dans le d\u00e9tail, la r\u00e9forme du syst\u00e8me judiciaire, souhait\u00e9e par le nouveau gouvernement, lui permettra non seulement de nommer les magistrats, mais aussi de se doter d\u2019un droit de&nbsp;<em>veto&nbsp;<\/em>contre leurs d\u00e9cisions. Fini l\u2019\u00e9quilibre entre les pouvoirs l\u00e9gislatif, ex\u00e9cutif et judiciaire : le politique devient tout-puissant. Il a contr\u00f4le sur tout.<\/p>\n","protected":false},"excerpt":{"rendered":"<p>Depuis le d\u00e9but de l\u2019ann\u00e9e en Isra\u00ebl, chaque samedi, des milliers de personnes descendent dans la rue pour protester contre<\/p>\n","protected":false},"author":1,"featured_media":2734,"comment_status":"open","ping_status":"open","sticky":false,"template":"","format":"standard","meta":{"footnotes":""},"categories":[51],"tags":[],"class_list":["post-6509","post","type-post","status-publish","format-standard","has-post-thumbnail","hentry","category-general"],"_links":{"self":[{"href":"https:\/\/dekkbi.com\/index.php?rest_route=\/wp\/v2\/posts\/6509","targetHints":{"allow":["GET"]}}],"collection":[{"href":"https:\/\/dekkbi.com\/index.php?rest_route=\/wp\/v2\/posts"}],"about":[{"href":"https:\/\/dekkbi.com\/index.php?rest_route=\/wp\/v2\/types\/post"}],"author":[{"embeddable":true,"href":"https:\/\/dekkbi.com\/index.php?rest_route=\/wp\/v2\/users\/1"}],"replies":[{"embeddable":true,"href":"https:\/\/dekkbi.com\/index.php?rest_route=%2Fwp%2Fv2%2Fcomments&post=6509"}],"version-history":[{"count":2,"href":"https:\/\/dekkbi.com\/index.php?rest_route=\/wp\/v2\/posts\/6509\/revisions"}],"predecessor-version":[{"id":6554,"href":"https:\/\/dekkbi.com\/index.php?rest_route=\/wp\/v2\/posts\/6509\/revisions\/6554"}],"wp:featuredmedia":[{"embeddable":true,"href":"https:\/\/dekkbi.com\/index.php?rest_route=\/wp\/v2\/media\/2734"}],"wp:attachment":[{"href":"https:\/\/dekkbi.com\/index.php?rest_route=%2Fwp%2Fv2%2Fmedia&parent=6509"}],"wp:term":[{"taxonomy":"category","embeddable":true,"href":"https:\/\/dekkbi.com\/index.php?rest_route=%2Fwp%2Fv2%2Fcategories&post=6509"},{"taxonomy":"post_tag","embeddable":true,"href":"https:\/\/dekkbi.com\/index.php?rest_route=%2Fwp%2Fv2%2Ftags&post=6509"}],"curies":[{"name":"wp","href":"https:\/\/api.w.org\/{rel}","templated":true}]}}