{"id":65078,"date":"2025-12-12T10:20:25","date_gmt":"2025-12-12T10:20:25","guid":{"rendered":"https:\/\/dekkbi.com\/?p=65078"},"modified":"2025-12-12T10:20:26","modified_gmt":"2025-12-12T10:20:26","slug":"contre-le-recul-du-senegal-le-fdr-engage-lintensification-de-ses-mobilisations-dans-toutes-les-regions-du-pays","status":"publish","type":"post","link":"https:\/\/dekkbi.com\/?p=65078","title":{"rendered":"Contre le recul du S\u00e9n\u00e9gal : Le FDR engage l\u2019intensification de ses mobilisations dans toutes les r\u00e9gions du pays"},"content":{"rendered":"\n<h3 class=\"wp-block-heading\">Le FDR poursuit, d\u00e8s la semaine prochaine, le d\u00e9roulement de son nouveau plan d\u2019actions par un d\u00e9ploiement dans toutes les r\u00e9gions du pays afin d&rsquo;organiser la mobilisation populaire pour mettre un terme aux choix destructeurs par lesquels, le r\u00e9gime du PASTEF est en train de faire reculer le S\u00e9n\u00e9gal sur pratiquement tous les plans. Il devient, en effet, imp\u00e9ratif que cette mobilisation s&rsquo;organise et s&rsquo;intensifie sans d\u00e9lai.<\/h3>\n\n\n\n<p>\u00a0\u00bb Pr\u00e9cis\u00e9ment parce qu\u2019aucune autre alternative n&rsquo;existe pour emp\u00eacher que la crise au sommet de l&rsquo;\u00c9tat ne d\u00e9g\u00e9n\u00e8re et n&rsquo;entra\u00eene des dommages irr\u00e9parables pour notre pays et notre peuple. Pour l\u2019heure, deux camps, retranch\u00e9s \u00e0 la Pr\u00e9sidence et \u00e0 la Primature, semblent se livrer \u00e0 une confrontation st\u00e9rile, au grand d\u00e9triment de la stabilit\u00e9 de nos institutions.<\/p>\n\n\n\n<p>Une tragi-com\u00e9die qui illustre sans conteste l\u2019\u00e9chec pr\u00e9coce d\u2019un r\u00e9gime populiste d\u00e9pourvu d&rsquo;ambition et de perspectives claires. Mais un duel au sommet qui risque fatalement de pr\u00e9cipiter notre pays sur une pente p\u00e9rilleuse. En effet, pendant que les deux figures du pouvoir ex\u00e9cutif se d\u00e9visagent avec m\u00e9fiance, l\u2019\u00e9conomie nationale continue sa chute vertigineuse. L&rsquo;\u00c9tat demeure incapable de s&rsquo;acquitter de ses obligations les plus fondamentales, telles que le versement des bourses aux \u00e9tudiants ou le r\u00e8glement des factures dues aux entreprises de BTP.<\/p>\n\n\n\n<p>Dans le m\u00eame temps et paradoxalement, les dignitaires du pouvoir persistent dans l\u2019affichage ostentatoire de leurs richesses. Ils multiplient, entre autres, les voyages en jet priv\u00e9 et les apparitions en v\u00e9hicules de luxe. Mieux ou pire, un ministre a r\u00e9cemment avou\u00e9 publiquement avoir d\u00e9tourn\u00e9 des fonds destin\u00e9s \u00e0 l&rsquo;aide sociale au profit de ses camarades de parti, et cela, dans une impunit\u00e9 totale, sans que ni le Pr\u00e9sident de la R\u00e9publique, encore moins le Premier Ministre, ne semblent s\u2019en \u00e9mouvoir le moins du monde.<\/p>\n\n\n\n<p>Les jeunes, d\u00e9sillusionn\u00e9s par le r\u00e9gime PASTEF, continuent de s&rsquo;engager, par centaines, dans l&rsquo;\u00e9migration p\u00e9rilleuse par pirogues. La campagne arachidi\u00e8re peine \u00e0 d\u00e9marrer. Les caisses de l\u2019\u00c9tat \u00e9tant d\u00e9sesp\u00e9r\u00e9ment vides, l\u2019\u00c9tat est aujourd\u2019hui incapable de s&rsquo;acquitter de ses dettes de l\u2019ann\u00e9e pr\u00e9c\u00e9dente envers les op\u00e9rateurs priv\u00e9s stockeurs (OPS), seuls interm\u00e9diaires entre les producteurs et les industriels et autres acheteurs, une situation qui conduit les paysans \u00e0 un bradage des r\u00e9coltes.<\/p>\n\n\n\n<p>En deux ans de pouvoir PASTEF, le S\u00e9n\u00e9gal est en train de perdre son objectif de souverainet\u00e9 alimentaire, avec des importations de c\u00e9r\u00e9ales qui augmentent r\u00e9guli\u00e8rement et ont atteint, selon l\u2019ANSD, 2.741.400 tonnes en 2024 et 2.323.625 tonnes d\u00e8s septembre 2025, alors que le total des importations annuelles de c\u00e9r\u00e9ales \u00e9tait \u00e0 peine de 2 millions de tonnes en 2023.<\/p>\n\n\n\n<p>Les \u00e9tudiants des universit\u00e9s sont en gr\u00e8ve depuis plusieurs semaines pour exiger le paiement de leurs arri\u00e9r\u00e9s de bourses. Ils ne font pas que face \u00e0 une r\u00e9pression polici\u00e8re inacceptable, ils sont \u00e0 leur tour confront\u00e9s aux rodomontades du Premier ministre.<\/p>\n\n\n\n<p>D\u2019autres mouvements sociaux (\u00e9ducation, sant\u00e9, agents de l\u2019administration etc.) sont imminents ou en cours dans de nombreux secteurs qui r\u00e9clament des actes concrets d&rsquo;un gouvernement manifestement incapable de respecter ses promesses. Annonc\u00e9e avec un grand bruit depuis plusieurs semaines, la r\u00e9duction des prix de l&rsquo;\u00e9nergie a, une nouvelle fois, d\u00e9\u00e7u les populations qui l&rsquo;ont per\u00e7ue comme une mesure superficielle et propagandiste, sans aucune incidence v\u00e9ritable sur leur vie de plus en plus difficile.<\/p>\n\n\n\n<p>Tout le monde sait que le prix du baril est tomb\u00e9 dans la fourchette de 60 \u00e0 65 dollars depuis 2024, alors qu\u2019il avait atteint et d\u00e9pass\u00e9 120 dollars avant 2023, \u00e0 la suite des crises de Covid et d\u2019Ukraine. Comment d\u00e8s lors justifier en 2025 finissant, les co\u00fbts \u00e9lev\u00e9s de carburant, de l\u2019\u00e9nergie, de l\u2019eau et des transports au S\u00e9n\u00e9gal ? Comment comprendre que le prix du super soit de 820 F en C\u00f4te d\u2019Ivoire depuis novembre 2025 alors qu\u2019il est annonc\u00e9 \u00e0 920 F dans notre pays, avec une fiert\u00e9 d\u00e9concertante ?<\/p>\n\n\n\n<p>Cette situation d\u00e9l\u00e9t\u00e8re ne saurait perdurer. Il est imp\u00e9ratif d&rsquo;agir sans tarder pour pr\u00e9server le S\u00e9n\u00e9gal de cette catastrophe que tous voient venir. C&rsquo;est dans cette perspective que le FDR appelle \u00e0 une synergie d&rsquo;actions entre tous les partis d&rsquo;opposition et toutes les forces vives de la Nation pour en finir au plus t\u00f4t avec ce r\u00e9gime malfaisant du PASTEF.\u201d<br><strong><br>La Conf\u00e9rence des Leaders<br>Dakar, le 11 d\u00e9cembre 2025<\/strong><\/p>\n","protected":false},"excerpt":{"rendered":"<p>Le FDR poursuit, d\u00e8s la semaine prochaine, le d\u00e9roulement de son nouveau plan d\u2019actions par un d\u00e9ploiement dans toutes les<\/p>\n","protected":false},"author":1,"featured_media":41770,"comment_status":"open","ping_status":"open","sticky":false,"template":"","format":"standard","meta":{"footnotes":""},"categories":[6],"tags":[],"class_list":["post-65078","post","type-post","status-publish","format-standard","has-post-thumbnail","hentry","category-politics"],"_links":{"self":[{"href":"https:\/\/dekkbi.com\/index.php?rest_route=\/wp\/v2\/posts\/65078","targetHints":{"allow":["GET"]}}],"collection":[{"href":"https:\/\/dekkbi.com\/index.php?rest_route=\/wp\/v2\/posts"}],"about":[{"href":"https:\/\/dekkbi.com\/index.php?rest_route=\/wp\/v2\/types\/post"}],"author":[{"embeddable":true,"href":"https:\/\/dekkbi.com\/index.php?rest_route=\/wp\/v2\/users\/1"}],"replies":[{"embeddable":true,"href":"https:\/\/dekkbi.com\/index.php?rest_route=%2Fwp%2Fv2%2Fcomments&post=65078"}],"version-history":[{"count":1,"href":"https:\/\/dekkbi.com\/index.php?rest_route=\/wp\/v2\/posts\/65078\/revisions"}],"predecessor-version":[{"id":65079,"href":"https:\/\/dekkbi.com\/index.php?rest_route=\/wp\/v2\/posts\/65078\/revisions\/65079"}],"wp:featuredmedia":[{"embeddable":true,"href":"https:\/\/dekkbi.com\/index.php?rest_route=\/wp\/v2\/media\/41770"}],"wp:attachment":[{"href":"https:\/\/dekkbi.com\/index.php?rest_route=%2Fwp%2Fv2%2Fmedia&parent=65078"}],"wp:term":[{"taxonomy":"category","embeddable":true,"href":"https:\/\/dekkbi.com\/index.php?rest_route=%2Fwp%2Fv2%2Fcategories&post=65078"},{"taxonomy":"post_tag","embeddable":true,"href":"https:\/\/dekkbi.com\/index.php?rest_route=%2Fwp%2Fv2%2Ftags&post=65078"}],"curies":[{"name":"wp","href":"https:\/\/api.w.org\/{rel}","templated":true}]}}