{"id":65063,"date":"2025-12-12T10:09:03","date_gmt":"2025-12-12T10:09:03","guid":{"rendered":"https:\/\/dekkbi.com\/?p=65063"},"modified":"2025-12-12T10:10:17","modified_gmt":"2025-12-12T10:10:17","slug":"mondial-2026-larbitre-congolais-jean-jacques-ndala-dans-lelite-de-la-fifa","status":"publish","type":"post","link":"https:\/\/dekkbi.com\/?p=65063","title":{"rendered":"Mondial 2026 : l\u2019arbitre congolais Jean-Jacques Ndala dans l\u2019\u00e9lite de la FIFA"},"content":{"rendered":"\n<p>Le jeudi 11 d\u00e9cembre, la F\u00e9d\u00e9ration Internationale de Football Association (FIFA) a d\u00e9voil\u00e9 la liste des arbitres africains retenus pour la Coupe du Monde 2026. Parmi les noms prestigieux figure celui d&rsquo;un Congolais :\u00a0<strong>Jean-Jacques Ndala<\/strong>. Sa s\u00e9lection marque un aboutissement pour sa carri\u00e8re et une fiert\u00e9 pour son pays.<\/p>\n\n\n\n<p>N\u00e9 le 14 juin 1987, Jean-Jacques Ndala a patiemment gravi tous les \u00e9chelons. Ses premiers coups de sifflet ont retenti dans la Ligue de football du Katanga. Son talent l&rsquo;a ensuite conduit \u00e0 la Linafoot, le championnat national de RDC.<\/p>\n\n\n\n<p>Son int\u00e9gration \u00e0 la liste des arbitres FIFA en 2013 a ouvert les portes du continent. Depuis, il s&rsquo;est impos\u00e9 comme l&rsquo;un des sifflets les plus respect\u00e9s d&rsquo;Afrique.<\/p>\n\n\n\n<h2 class=\"wp-block-heading\">Un parcours continental exemplaire<\/h2>\n\n\n\n<p>La cons\u00e9cration internationale de Ndala s&rsquo;est construite sur les terrains des plus grandes comp\u00e9titions africaines. Il a offici\u00e9 lors de trois Coupes d&rsquo;Afrique des Nations : en 2019, 2022 et 2024.<\/p>\n\n\n\n<p>Il a \u00e9galement dirig\u00e9 des rencontres phares de la Ligue des Champions de la CAF et de la Coupe de la Conf\u00e9d\u00e9ration. Sa r\u00e9gularit\u00e9 lui a valu de participer aux \u00e9liminatoires de la Coupe du Monde 2022, une pr\u00e9paration pr\u00e9cieuse pour le plus grand rendez-vous footballistique.<\/p>\n\n\n\n<figure class=\"wp-block-image\"><a class=\"call-to-action-link\" href=\"https:\/\/www.bing.com\/api\/v1\/mediation\/tracking?adUnit=1732768568&amp;auId=9bd19600-732e-47c1-8c2e-772da5a05c6f&amp;bidId=1&amp;bidderId=4&amp;cmExpId=LV2&amp;impId=2&amp;oAdUnit=1732768568&amp;publisherId=17160724&amp;rId=093a4a5f-7a59-4093-b79e-4ba585a849b7&amp;region=emea&amp;rlink=https%3A%2F%2Fwww.bing.com%2Faclick%3Fld%3De8bChYSPIBtBQ1IUqoUWptvjVUCUzHGqaam95ZTqiCagxrpAfBAanRsqsn6uAGZP3LholvDSw-AoZz7jUIv6Dbne7-fu0dKBLd8R-VeouePsKAnq3SkgqTT5db1XWNF8O-RI1D33LlnRxhRKuhEvBqJoO3L4tskNysz5JHqd4GNMMDQ8R8J7fG7YTuojRmsU4Qo-Fpm-VaLQDLhIjUNgQlRYVllg8%26u%3DaHR0cHMlM2ElMmYlMmZlbi5ob3RlbGVzbG9wZXouY29tJTJmJTNmcGFydG5lciUzZDExNjY3JTI2bXNjbGtpZCUzZDEyNmI5ZDcyOTk1YjFjOTZhNzE1ZjQ0OTcwMWE5ZjIw%26rlid%3D126b9d72995b1c96a715f449701a9f20&amp;rtype=targetURL&amp;tagId=webcompar-inarticle-2&amp;trafficGroup=zfa_angvir&amp;trafficSubGroup=erfreir&amp;uberGroup=hore_1c&amp;uberSubGroup=pbageby_5\" target=\"_blank\" rel=\"noreferrer noopener\"><img decoding=\"async\" src=\"https:\/\/assets.msn.com\/staticsb\/statics\/latest\/views\/icons\/ChevronRightWhiteBold.svg\" alt=\"call to action icon\"\/><\/a><\/figure>\n\n\n\n<p>Une premi\u00e8re \u00e9tape mondiale avait \u00e9t\u00e9 franchie en 2025, avec sa s\u00e9lection pour la Coupe du Monde des Clubs de la FIFA. Ce jeudi, une nouvelle porte s&rsquo;ouvre : celle de la phase finale d&rsquo;un Mondial.<\/p>\n\n\n\n<h2 class=\"wp-block-heading\">Une fiert\u00e9 pour l\u2019arbitrage congolais<\/h2>\n\n\n\n<p>Pour Jean-Jacques Ndala, cette s\u00e9lection est la r\u00e9compense d&rsquo;ann\u00e9es de professionnalisme et de constance. Pour la R\u00e9publique D\u00e9mocratique du Congo, c&rsquo;est un motif de grande fiert\u00e9 nationale.<\/p>\n\n\n\n<p>Sa pr\u00e9sence parmi l&rsquo;\u00e9lite mondiale est un signal fort. Elle d\u00e9montre la mont\u00e9e en puissance et la reconnaissance de l&rsquo;arbitrage congolais sur la sc\u00e8ne internationale. Il rejoint un groupe d&rsquo;\u00e9lite compos\u00e9 notamment d&rsquo;Omar Artan (Somalie), d&rsquo;Issa Sy (S\u00e9n\u00e9gal) et de Mustapha Ghorbal (Alg\u00e9rie).<\/p>\n\n\n\n<p>Lors du Mondial 2026, organis\u00e9 aux \u00c9tats-Unis, au Canada et au Mexique, chaque coup de sifflet de Jean-Jacques Ndala sera suivi avec attention. Il portera non seulement son r\u00eave, mais aussi les espoirs de toute une nation qui voit l&rsquo;un des siens officier au plus haut niveau du football mondial.<\/p>\n","protected":false},"excerpt":{"rendered":"<p>Le jeudi 11 d\u00e9cembre, la F\u00e9d\u00e9ration Internationale de Football Association (FIFA) a d\u00e9voil\u00e9 la liste des arbitres africains retenus pour<\/p>\n","protected":false},"author":1,"featured_media":65064,"comment_status":"open","ping_status":"open","sticky":false,"template":"","format":"standard","meta":{"footnotes":""},"categories":[9],"tags":[],"class_list":["post-65063","post","type-post","status-publish","format-standard","has-post-thumbnail","hentry","category-sports"],"_links":{"self":[{"href":"https:\/\/dekkbi.com\/index.php?rest_route=\/wp\/v2\/posts\/65063","targetHints":{"allow":["GET"]}}],"collection":[{"href":"https:\/\/dekkbi.com\/index.php?rest_route=\/wp\/v2\/posts"}],"about":[{"href":"https:\/\/dekkbi.com\/index.php?rest_route=\/wp\/v2\/types\/post"}],"author":[{"embeddable":true,"href":"https:\/\/dekkbi.com\/index.php?rest_route=\/wp\/v2\/users\/1"}],"replies":[{"embeddable":true,"href":"https:\/\/dekkbi.com\/index.php?rest_route=%2Fwp%2Fv2%2Fcomments&post=65063"}],"version-history":[{"count":2,"href":"https:\/\/dekkbi.com\/index.php?rest_route=\/wp\/v2\/posts\/65063\/revisions"}],"predecessor-version":[{"id":65066,"href":"https:\/\/dekkbi.com\/index.php?rest_route=\/wp\/v2\/posts\/65063\/revisions\/65066"}],"wp:featuredmedia":[{"embeddable":true,"href":"https:\/\/dekkbi.com\/index.php?rest_route=\/wp\/v2\/media\/65064"}],"wp:attachment":[{"href":"https:\/\/dekkbi.com\/index.php?rest_route=%2Fwp%2Fv2%2Fmedia&parent=65063"}],"wp:term":[{"taxonomy":"category","embeddable":true,"href":"https:\/\/dekkbi.com\/index.php?rest_route=%2Fwp%2Fv2%2Fcategories&post=65063"},{"taxonomy":"post_tag","embeddable":true,"href":"https:\/\/dekkbi.com\/index.php?rest_route=%2Fwp%2Fv2%2Ftags&post=65063"}],"curies":[{"name":"wp","href":"https:\/\/api.w.org\/{rel}","templated":true}]}}