{"id":65052,"date":"2025-12-12T09:58:20","date_gmt":"2025-12-12T09:58:20","guid":{"rendered":"https:\/\/dekkbi.com\/?p=65052"},"modified":"2025-12-12T10:35:09","modified_gmt":"2025-12-12T10:35:09","slug":"kolda-problematique-de-la-sante-mentale-un-taux-de-depression-de-43-2-et-des-envies-suicidaires-de-plus-de-16-signales-dans-la-region","status":"publish","type":"post","link":"https:\/\/dekkbi.com\/?p=65052","title":{"rendered":"Kolda : Un taux de d\u00e9pression de 43, 2% et des envies suicidaires de plus de 16% signal\u00e9s"},"content":{"rendered":"\n<p><strong>L\u2019utilisation de la drogue par les jeunes prend des proportions importantes. Cela se mat\u00e9rialise par le nombre important de malades mentaux qui errent dans les diff\u00e9rentes art\u00e8res de la capitale du Fouladou.&nbsp;<\/strong><\/p>\n\n\n\n<p><strong>Par Aladji BADJILANG \u2013<\/strong>&nbsp;La r\u00e9gion de Kolda&nbsp;fait face \u00e0 une situation pr\u00e9occupante en mati\u00e8re de sant\u00e9 mentale. Selon les r\u00e9sultats de l\u2019enqu\u00eate \u00abSteps\u00bb de 2024 sur les maladies non transmissibles, 43, 2% des habitants souffrent de d\u00e9pression, tandis que plus de 16% d\u00e9clarent avoir eu des envies suicidaires. Des taux largement sup\u00e9rieurs aux moyennes nationales, respectivement de 36, 6% et 13%. Ces chiffres ont \u00e9t\u00e9 rappel\u00e9s&nbsp; par le gouverneur-adjoint de la r\u00e9gion, lors d\u2019un Comit\u00e9 r\u00e9gional de d\u00e9veloppement (Crd) consacr\u00e9 \u00e0 la probl\u00e9matique de la sant\u00e9 mentale. L\u2019autorit\u00e9 administrative a insist\u00e9 sur la gravit\u00e9 de la situation, soulignant la n\u00e9cessit\u00e9 d\u2019une mobilisation collective pour inverser la tendance. Les facteurs explicatifs de cette situation sont multiples. La pr\u00e9carit\u00e9 \u00e9conomique, le ch\u00f4mage \u00e9lev\u00e9 et le manque de perspectives pour les jeunes figurent parmi les principales causes cit\u00e9es. Une contradiction d\u2019autant plus frappante que Kolda est une r\u00e9gion dot\u00e9e de fortes potentialit\u00e9s agricoles et humaines, encore largement sous-exploit\u00e9es.<\/p>\n\n\n\n<p>Face \u00e0 ce constat, les acteurs territoriaux de Kolda peuvent compter sur l\u2019engagement du R\u00e9seau jeunesse, population et d\u00e9veloppement,&nbsp; porteur du projet \u00abSama Yoon, Sama Kaddu\u00bb. Son Directeur ex\u00e9cutif, Maguette Thiandoum, a annonc\u00e9 que le r\u00e9seau compte&nbsp; mener le combat par la sensibilisation et la communication de proximit\u00e9.<\/p>\n\n\n\n<p>\u00abDes m\u00e9dias en ligne vont \u00eatre cr\u00e9\u00e9s pour diffuser des messages de sensibilisation et de plaidoyer, afin de susciter une prise de conscience collective et trouver des solutions durables\u00bb, a-t-il pr\u00e9cis\u00e9.<\/p>\n\n\n\n<p>Au-del\u00e0 de la pr\u00e9vention, la prise en charge des malades mentaux demeure un d\u00e9fi majeur \u00e0 Kolda. D\u2019o\u00f9 l\u2019appel r\u00e9it\u00e9r\u00e9 par plusieurs acteurs locaux en faveur de la cr\u00e9ation d\u2019un h\u00f4pital psychiatrique dans la r\u00e9gion qui polarise trois d\u00e9partements dont Kolda, V\u00e9lingara et M\u00e9dina Yoro Foulah. Dans les milieux scolaires, la consommation de drogue gagne du terrain. Des \u00e9l\u00e8ves d\u2019\u00e2ges moyens fument de la cigarette et utilisent en cachette d\u2019autres produits enivrants. Ce qui participe \u00e0 la perturbation du fonctionnement des enseignements-apprentissages dans les classes.<\/p>\n\n\n\n<p><strong>eh.coly@lequotidien.sn<\/strong><\/p>\n\n\n\n<p>SOURCE LEQUOTIDIEN<\/p>\n\n\n\n<p><\/p>\n","protected":false},"excerpt":{"rendered":"<p>L\u2019utilisation de la drogue par les jeunes prend des proportions importantes. Cela se mat\u00e9rialise par le nombre important de malades<\/p>\n","protected":false},"author":1,"featured_media":65053,"comment_status":"open","ping_status":"open","sticky":false,"template":"","format":"standard","meta":{"footnotes":""},"categories":[21],"tags":[],"class_list":["post-65052","post","type-post","status-publish","format-standard","has-post-thumbnail","hentry","category-societe"],"_links":{"self":[{"href":"https:\/\/dekkbi.com\/index.php?rest_route=\/wp\/v2\/posts\/65052","targetHints":{"allow":["GET"]}}],"collection":[{"href":"https:\/\/dekkbi.com\/index.php?rest_route=\/wp\/v2\/posts"}],"about":[{"href":"https:\/\/dekkbi.com\/index.php?rest_route=\/wp\/v2\/types\/post"}],"author":[{"embeddable":true,"href":"https:\/\/dekkbi.com\/index.php?rest_route=\/wp\/v2\/users\/1"}],"replies":[{"embeddable":true,"href":"https:\/\/dekkbi.com\/index.php?rest_route=%2Fwp%2Fv2%2Fcomments&post=65052"}],"version-history":[{"count":3,"href":"https:\/\/dekkbi.com\/index.php?rest_route=\/wp\/v2\/posts\/65052\/revisions"}],"predecessor-version":[{"id":65090,"href":"https:\/\/dekkbi.com\/index.php?rest_route=\/wp\/v2\/posts\/65052\/revisions\/65090"}],"wp:featuredmedia":[{"embeddable":true,"href":"https:\/\/dekkbi.com\/index.php?rest_route=\/wp\/v2\/media\/65053"}],"wp:attachment":[{"href":"https:\/\/dekkbi.com\/index.php?rest_route=%2Fwp%2Fv2%2Fmedia&parent=65052"}],"wp:term":[{"taxonomy":"category","embeddable":true,"href":"https:\/\/dekkbi.com\/index.php?rest_route=%2Fwp%2Fv2%2Fcategories&post=65052"},{"taxonomy":"post_tag","embeddable":true,"href":"https:\/\/dekkbi.com\/index.php?rest_route=%2Fwp%2Fv2%2Ftags&post=65052"}],"curies":[{"name":"wp","href":"https:\/\/api.w.org\/{rel}","templated":true}]}}