{"id":65049,"date":"2025-12-12T09:53:45","date_gmt":"2025-12-12T09:53:45","guid":{"rendered":"https:\/\/dekkbi.com\/?p=65049"},"modified":"2025-12-12T09:53:46","modified_gmt":"2025-12-12T09:53:46","slug":"scandale-sanitaire-softcare-epinglee-pour-matieres-premieres-perimees-dans-ses-produits-pour-bebes-et-femmes","status":"publish","type":"post","link":"https:\/\/dekkbi.com\/?p=65049","title":{"rendered":"Scandale sanitaire: Softcare \u00e9pingl\u00e9e pour mati\u00e8res premi\u00e8res p\u00e9rim\u00e9es dans ses produits pour b\u00e9b\u00e9s et femmes"},"content":{"rendered":"\n<p>L\u2019Agence s\u00e9n\u00e9galaise de la r\u00e9gulation pharmaceutique (ARP) a tir\u00e9 la sonnette d\u2019alarme hier, r\u00e9v\u00e9lant des faits d\u2019une gravit\u00e9 exceptionnelle au sein de l\u2019usine Softcare, implant\u00e9e \u00e0 Sindia, dans la r\u00e9gion de Thi\u00e8s. Selon les informations issues de Lib\u00e9ration, l\u2019ARP a d\u00e9couvert, lors d\u2019une inspection, la pr\u00e9sence de mati\u00e8res premi\u00e8res p\u00e9rim\u00e9es dans le circuit de fabrication des couches et serviettes hygi\u00e9niques de la marque. Une r\u00e9v\u00e9lation qui secoue le secteur de la sant\u00e9 publique et inqui\u00e8te les consommateurs.<\/p>\n\n\n\n<h3 class=\"wp-block-heading\"><strong>Des mati\u00e8res p\u00e9rim\u00e9es destin\u00e9es \u00e0 des produits sensibles<\/strong><\/h3>\n\n\n\n<p>D\u2019apr\u00e8s Lib\u00e9ration, l\u2019inspection men\u00e9e par les \u00e9quipes de l\u2019ARP a mis en \u00e9vidence que des mati\u00e8res premi\u00e8res dont la date de validit\u00e9 \u00e9tait expir\u00e9e se trouvaient toujours dans la cha\u00eene de production. Ces produits, rappelons-le, sont destin\u00e9s \u00e0 des b\u00e9b\u00e9s, enfants et femmes, des cat\u00e9gories particuli\u00e8rement vuln\u00e9rables.<\/p>\n\n\n\n<p>Un manquement lourd qui ouvre la voie \u00e0 de potentielles risques sanitaires majeurs, notamment irritations, infections ou r\u00e9actions allergiques.<\/p>\n\n\n\n<h3 class=\"wp-block-heading\"><strong>Retrait imm\u00e9diat du march\u00e9<\/strong><\/h3>\n\n\n\n<p>Face \u00e0 ce constat alarmant, l\u2019ARP a pris une mesure ferme : le retrait de toutes les couches et serviettes hygi\u00e9niques Softcare du march\u00e9 national, jusqu\u2019\u00e0 nouvel ordre.<\/p>\n\n\n\n<p>Une d\u00e9cision qui concerne tous les professionnels de sant\u00e9 mais \u00e9galement l\u2019ensemble de la population, invit\u00e9s \u00e0 ne plus utiliser ces produits tant que des garanties sanitaires compl\u00e8tes ne sont pas r\u00e9tablies.<\/p>\n\n\n\n<h3 class=\"wp-block-heading\"><strong>Commercialisation suspendue en attendant la mise en conformit\u00e9<\/strong><\/h3>\n\n\n\n<p>L\u2019autorit\u00e9 de r\u00e9gulation pr\u00e9cise que la commercialisation est suspendue jusqu\u2019\u00e0 la mise en conformit\u00e9 totale du processus de fabrication. L\u2019usine de Sindia devra apporter des preuves que ses protocoles ont \u00e9t\u00e9 corrig\u00e9s, s\u00e9curis\u00e9s et align\u00e9s sur les standards exig\u00e9s pour les produits de sant\u00e9.<\/p>\n\n\n\n<p>Une exigence jug\u00e9e indispensable pour \u00ab prot\u00e9ger les populations \u00bb, souligne Lib\u00e9ration, au vu de la sensibilit\u00e9 extr\u00eame des produits concern\u00e9s.<\/p>\n\n\n\n<h3 class=\"wp-block-heading\"><strong>Un choc pour les consommateurs<\/strong><\/h3>\n\n\n\n<p>Cette annonce a provoqu\u00e9 une onde de choc chez les parents et utilisateurs habituels de la marque, largement r\u00e9pandue au S\u00e9n\u00e9gal. Beaucoup s\u2019interrogent d\u00e9sormais sur la tra\u00e7abilit\u00e9 des produits d\u00e9j\u00e0 achet\u00e9s et sur les contr\u00f4les effectu\u00e9s jusque-l\u00e0.<\/p>\n","protected":false},"excerpt":{"rendered":"<p>L\u2019Agence s\u00e9n\u00e9galaise de la r\u00e9gulation pharmaceutique (ARP) a tir\u00e9 la sonnette d\u2019alarme hier, r\u00e9v\u00e9lant des faits d\u2019une gravit\u00e9 exceptionnelle au<\/p>\n","protected":false},"author":1,"featured_media":65050,"comment_status":"open","ping_status":"open","sticky":false,"template":"","format":"standard","meta":{"footnotes":""},"categories":[21],"tags":[],"class_list":["post-65049","post","type-post","status-publish","format-standard","has-post-thumbnail","hentry","category-societe"],"_links":{"self":[{"href":"https:\/\/dekkbi.com\/index.php?rest_route=\/wp\/v2\/posts\/65049","targetHints":{"allow":["GET"]}}],"collection":[{"href":"https:\/\/dekkbi.com\/index.php?rest_route=\/wp\/v2\/posts"}],"about":[{"href":"https:\/\/dekkbi.com\/index.php?rest_route=\/wp\/v2\/types\/post"}],"author":[{"embeddable":true,"href":"https:\/\/dekkbi.com\/index.php?rest_route=\/wp\/v2\/users\/1"}],"replies":[{"embeddable":true,"href":"https:\/\/dekkbi.com\/index.php?rest_route=%2Fwp%2Fv2%2Fcomments&post=65049"}],"version-history":[{"count":1,"href":"https:\/\/dekkbi.com\/index.php?rest_route=\/wp\/v2\/posts\/65049\/revisions"}],"predecessor-version":[{"id":65051,"href":"https:\/\/dekkbi.com\/index.php?rest_route=\/wp\/v2\/posts\/65049\/revisions\/65051"}],"wp:featuredmedia":[{"embeddable":true,"href":"https:\/\/dekkbi.com\/index.php?rest_route=\/wp\/v2\/media\/65050"}],"wp:attachment":[{"href":"https:\/\/dekkbi.com\/index.php?rest_route=%2Fwp%2Fv2%2Fmedia&parent=65049"}],"wp:term":[{"taxonomy":"category","embeddable":true,"href":"https:\/\/dekkbi.com\/index.php?rest_route=%2Fwp%2Fv2%2Fcategories&post=65049"},{"taxonomy":"post_tag","embeddable":true,"href":"https:\/\/dekkbi.com\/index.php?rest_route=%2Fwp%2Fv2%2Ftags&post=65049"}],"curies":[{"name":"wp","href":"https:\/\/api.w.org\/{rel}","templated":true}]}}