{"id":65043,"date":"2025-12-12T09:47:47","date_gmt":"2025-12-12T09:47:47","guid":{"rendered":"https:\/\/dekkbi.com\/?p=65043"},"modified":"2025-12-12T09:47:49","modified_gmt":"2025-12-12T09:47:49","slug":"dakar-suspend-son-accord-dextradition-avec-la-justice-francaise","status":"publish","type":"post","link":"https:\/\/dekkbi.com\/?p=65043","title":{"rendered":"Dakar suspend son accord d\u2019extradition avec la justice fran\u00e7aise"},"content":{"rendered":"\n<p>Dakar,  (APS) \u2013 Le S\u00e9n\u00e9gal a d\u00e9cid\u00e9 de suspendre son accord d\u2019extradition avec la France, jusqu\u2019\u00e0 ce que Paris accepte de lui remettre deux de ses ressortissants recherch\u00e9s par la justice s\u00e9n\u00e9galaise, a d\u00e9clar\u00e9 la garde des Sceaux, ministre de la Justice, Yassine Fall, jeudi, \u00e0 Dakar.<\/p>\n\n\n\n<p>\u2018\u2019Nous avons d\u00e9cid\u00e9 de suspendre toute extradition vers la France, jusqu\u2019\u00e0 ce qu\u2019elle r\u00e9ponde \u00e0 nos demandes d\u2019extradition concernant deux de nos compatriotes\u2019\u2019, a soutenu Mme Fall devant les d\u00e9put\u00e9s r\u00e9unis pour examiner le budget 2026 du minist\u00e8re qu\u2019elle dirige.<\/p>\n\n\n\n<p>Le S\u00e9n\u00e9gal a demand\u00e9 \u00e0 la France d\u2019extrader deux citoyens s\u00e9n\u00e9galais, dont le journaliste Madiambal Diagne, pr\u00e9sident-directeur g\u00e9n\u00e9ral du Groupe Avenir Communication (priv\u00e9).<\/p>\n\n\n\n<p>Le S\u00e9n\u00e9gal et la France ont sign\u00e9 un accord d\u2019extradition en vertu duquel la justice fran\u00e7aise demande souvent que lui soient remis des pr\u00e9venus vivant dans le territoire s\u00e9n\u00e9galais, a rappel\u00e9 Yassine Fall.<\/p>\n\n\n\n<p>Selon elle, les demandes d\u2019extradition provenant de la France concernent souvent des citoyens dudit pays, quelquefois des binationaux.<\/p>\n\n\n\n<p>En 2024 et 2025, le S\u00e9n\u00e9gal a re\u00e7u de la France une vingtaine de demandes d\u2019extradition, a indiqu\u00e9 Mme Fall, pr\u00e9cisant que la justice s\u00e9n\u00e9galaise a r\u00e9pondu favorablement \u00e0 trois d\u2019entre elles.<\/p>\n\n\n\n<p>Selon la garde des Sceaux, le S\u00e9n\u00e9gal a refus\u00e9 de remettre aux autorit\u00e9s fran\u00e7aises quatre des pr\u00e9venus r\u00e9clam\u00e9s.<\/p>\n\n\n\n<p>En raison du \u2018\u2019blocage\u2019\u2019 de deux demandes d\u2019extradition du S\u00e9n\u00e9gal, Dakar n\u2019a pas donn\u00e9 suite \u00e0 10 demandes re\u00e7ues de la France, a signal\u00e9 Yassine Fall.<\/p>\n\n\n\n<p>\u2018\u2019Le S\u00e9n\u00e9gal a fourni toutes les justifications n\u00e9cessaires et continue de demander leur extradition. Tant que ces demandes ne sont pas satisfaites, nous suspendrons toute extradition vers la France\u2019\u2019, a insist\u00e9 Mme Fall.<\/p>\n\n\n\n<p>\u2018\u2019La r\u00e9ciprocit\u00e9 va s\u2019appliquer\u2019\u2019, a-t-elle poursuivi, pr\u00e9cisant que 12 demandes re\u00e7ues de la France tombent sous le coup de la suspension de l\u2019accord d\u2019extradition par le S\u00e9n\u00e9gal.<\/p>\n\n\n\n<p>Les personnes recherch\u00e9es par la justice fran\u00e7aise et vivant au S\u00e9n\u00e9gal continueront \u00e0 \u00eatre interpell\u00e9es, mais elles ne seront pas remises \u00e0 la France, a pr\u00e9cis\u00e9 la ministre de la Justice. \u2018\u2019Nous les ferons arr\u00eater, si c\u2019est n\u00e9cessaire, mais nous ne les extraderons pas\u2019\u2019, a-t-elle soutenu.<\/p>\n\n\n\n<p>Le montant des autorisations d\u2019engagement (d\u00e9penses) du minist\u00e8re de la Justice pour l\u2019ann\u00e9e budg\u00e9taire 2026 s\u2019\u00e9l\u00e8ve \u00e0 81,35 milliards de francs CFA. Celui de ses cr\u00e9dits de paiement (ressources) est de 81,01 milliards.<\/p>\n\n\n\n<p>AN\/SBS\/OID\/ESF<\/p>\n","protected":false},"excerpt":{"rendered":"<p>Dakar, (APS) \u2013 Le S\u00e9n\u00e9gal a d\u00e9cid\u00e9 de suspendre son accord d\u2019extradition avec la France, jusqu\u2019\u00e0 ce que Paris accepte<\/p>\n","protected":false},"author":1,"featured_media":58289,"comment_status":"open","ping_status":"open","sticky":false,"template":"","format":"standard","meta":{"footnotes":""},"categories":[6],"tags":[],"class_list":["post-65043","post","type-post","status-publish","format-standard","has-post-thumbnail","hentry","category-politics"],"_links":{"self":[{"href":"https:\/\/dekkbi.com\/index.php?rest_route=\/wp\/v2\/posts\/65043","targetHints":{"allow":["GET"]}}],"collection":[{"href":"https:\/\/dekkbi.com\/index.php?rest_route=\/wp\/v2\/posts"}],"about":[{"href":"https:\/\/dekkbi.com\/index.php?rest_route=\/wp\/v2\/types\/post"}],"author":[{"embeddable":true,"href":"https:\/\/dekkbi.com\/index.php?rest_route=\/wp\/v2\/users\/1"}],"replies":[{"embeddable":true,"href":"https:\/\/dekkbi.com\/index.php?rest_route=%2Fwp%2Fv2%2Fcomments&post=65043"}],"version-history":[{"count":1,"href":"https:\/\/dekkbi.com\/index.php?rest_route=\/wp\/v2\/posts\/65043\/revisions"}],"predecessor-version":[{"id":65044,"href":"https:\/\/dekkbi.com\/index.php?rest_route=\/wp\/v2\/posts\/65043\/revisions\/65044"}],"wp:featuredmedia":[{"embeddable":true,"href":"https:\/\/dekkbi.com\/index.php?rest_route=\/wp\/v2\/media\/58289"}],"wp:attachment":[{"href":"https:\/\/dekkbi.com\/index.php?rest_route=%2Fwp%2Fv2%2Fmedia&parent=65043"}],"wp:term":[{"taxonomy":"category","embeddable":true,"href":"https:\/\/dekkbi.com\/index.php?rest_route=%2Fwp%2Fv2%2Fcategories&post=65043"},{"taxonomy":"post_tag","embeddable":true,"href":"https:\/\/dekkbi.com\/index.php?rest_route=%2Fwp%2Fv2%2Ftags&post=65043"}],"curies":[{"name":"wp","href":"https:\/\/api.w.org\/{rel}","templated":true}]}}