{"id":65028,"date":"2025-12-10T11:51:35","date_gmt":"2025-12-10T11:51:35","guid":{"rendered":"https:\/\/dekkbi.com\/?p=65028"},"modified":"2025-12-10T11:53:11","modified_gmt":"2025-12-10T11:53:11","slug":"centrafrique-le-president-faustin-archange-touadera-defend-son-bilan","status":"publish","type":"post","link":"https:\/\/dekkbi.com\/?p=65028","title":{"rendered":"Touad\u00e9ra d\u00e9fend son bilan"},"content":{"rendered":"\n<p>En Centrafrique, le pr\u00e9sident de la R\u00e9publique, Faustin-Archange Touad\u00e9ra a d\u00e9fendu son bilan mardi 9 d\u00e9cembre lors de son discours sur l\u2019\u00e9tat de la Nation.&nbsp;Le chef de l\u2019\u00c9tat a rappel\u00e9 avoir pris les r\u00eanes du pays en 2016 dans un contexte particuli\u00e8rement difficile.&nbsp;S\u2019il reconna\u00eet que tous les probl\u00e8mes ne sont pas encore r\u00e9solus apr\u00e8s dix ans \u00e0 la t\u00eate du pays, il souligne n\u00e9anmoins des avanc\u00e9es significatives, notamment dans le domaine s\u00e9curitaire.&nbsp;<\/p>\n\n\n\n<p><em>Avec <strong>Rolf Steve Domia-leu<\/strong>, correspondant RFI \u00e0 Bangu<\/em>i<\/p>\n\n\n\n<p><strong>Faustin-Archange Touad\u00e9ra<\/strong>\u00a0a consacr\u00e9 une large partie de son discours, long de deux heures et demie, aux enjeux de d\u00e9fense, de paix et de r\u00e9organisation de l\u2019arm\u00e9e. Selon lui, le pays a parcouru un long chemin depuis la crise de 2013.<\/p>\n\n\n\n<p>\u00ab&nbsp;<em>La situation s\u00e9curitaire de notre pays a connu un progr\u00e8s remarquable. L&rsquo;effectif des Faca (Forces arm\u00e9es centrafricaines, NDLR) a consid\u00e9rablement progress\u00e9 pour se situer \u00e0 26&nbsp;000 militaires en 2025, contre environ 6&nbsp;000 en 2016. Ma vision est de porter cet effectif \u00e0 50&nbsp;000 d&rsquo;ici \u00e0 2040. Dans la mise en \u0153uvre de ce processus global de paix, 10&nbsp;500 ex-combattants ont \u00e9t\u00e9 d\u00e9mobilis\u00e9s. 4&nbsp;500 armes et 195&nbsp;000 munitions de guerres ont \u00e9t\u00e9 r\u00e9cup\u00e9r\u00e9es, r\u00e9duisant ainsi le nombre des engins de morts qui circulaient dans le pays. Onze groupes arm\u00e9s sur les 14 signataires de l&rsquo;Accord Politique pour la Paix en R\u00e9publique Centrafricaine (APPRCA) se sont auto-dissous et soumis au processus DDRR&nbsp;<\/em>\u00bb, \u00e9num\u00e8re-t-il.<\/p>\n\n\n\n<h2 class=\"wp-block-heading\">Les d\u00e9put\u00e9s de l&rsquo;opposition absents<\/h2>\n\n\n\n<p>Sur le plan diplomatique, il a rappel\u00e9 que la<strong>\u00a0Centrafrique<\/strong>\u00a0entretient des relations \u00ab gagnant-gagnant \u00bb avec plusieurs \u00c9tats, notamment la France, la Chine, la Russie et le Royaume-Uni, dans des domaines tels que l\u2019\u00e9conomie, l\u2019\u00e9nergie, la sant\u00e9, le secteur militaire ou minier. Il a \u00e9galement exprim\u00e9 son int\u00e9r\u00eat pour une \u00e9ventuelle adh\u00e9sion aux Brics, un groupe de pays \u00e9mergents compos\u00e9 du Br\u00e9sil, de la Russie, de l\u2019Inde, de la Chine et de l\u2019Afrique du Sud.<\/p>\n\n\n\n<p>\u00ab<em>\u00a0Notre pays a exprim\u00e9 son souhait d&rsquo;int\u00e9grer le groupe des\u00a0<strong>Brics<\/strong>, dans une logique de diversification et de multilat\u00e9ralisme \u00e9quitable. Cette orientation illustre la volont\u00e9 de notre nation de s&rsquo;inscrire pleinement dans les nouvelles dynamiques g\u00e9opolitiques aux c\u00f4t\u00e9s des puissances \u00e9mergentes qui d\u00e9fendent un monde plus juste et multipolaire\u00a0<\/em>\u00bb, ajoute le pr\u00e9sident centrafricain.<\/p>\n\n\n\n<p>Presque tous les d\u00e9put\u00e9s de l\u2019opposition \u00e9taient absents dans l\u2019h\u00e9micycle. Contact\u00e9s par RFI, certains expliquent que ce bilan ne refl\u00e8te pas la r\u00e9alit\u00e9 et qu\u2019ils ont pr\u00e9f\u00e9r\u00e9 s\u2019abstenir, donnant rendez-vous samedi 13 d\u00e9cembre pour le d\u00e9but de la campagne \u00e9lectorale.<\/p>\n","protected":false},"excerpt":{"rendered":"<p>En Centrafrique, le pr\u00e9sident de la R\u00e9publique, Faustin-Archange Touad\u00e9ra a d\u00e9fendu son bilan mardi 9 d\u00e9cembre lors de son discours<\/p>\n","protected":false},"author":1,"featured_media":65029,"comment_status":"open","ping_status":"open","sticky":false,"template":"","format":"standard","meta":{"footnotes":""},"categories":[51],"tags":[],"class_list":["post-65028","post","type-post","status-publish","format-standard","has-post-thumbnail","hentry","category-general"],"_links":{"self":[{"href":"https:\/\/dekkbi.com\/index.php?rest_route=\/wp\/v2\/posts\/65028","targetHints":{"allow":["GET"]}}],"collection":[{"href":"https:\/\/dekkbi.com\/index.php?rest_route=\/wp\/v2\/posts"}],"about":[{"href":"https:\/\/dekkbi.com\/index.php?rest_route=\/wp\/v2\/types\/post"}],"author":[{"embeddable":true,"href":"https:\/\/dekkbi.com\/index.php?rest_route=\/wp\/v2\/users\/1"}],"replies":[{"embeddable":true,"href":"https:\/\/dekkbi.com\/index.php?rest_route=%2Fwp%2Fv2%2Fcomments&post=65028"}],"version-history":[{"count":2,"href":"https:\/\/dekkbi.com\/index.php?rest_route=\/wp\/v2\/posts\/65028\/revisions"}],"predecessor-version":[{"id":65031,"href":"https:\/\/dekkbi.com\/index.php?rest_route=\/wp\/v2\/posts\/65028\/revisions\/65031"}],"wp:featuredmedia":[{"embeddable":true,"href":"https:\/\/dekkbi.com\/index.php?rest_route=\/wp\/v2\/media\/65029"}],"wp:attachment":[{"href":"https:\/\/dekkbi.com\/index.php?rest_route=%2Fwp%2Fv2%2Fmedia&parent=65028"}],"wp:term":[{"taxonomy":"category","embeddable":true,"href":"https:\/\/dekkbi.com\/index.php?rest_route=%2Fwp%2Fv2%2Fcategories&post=65028"},{"taxonomy":"post_tag","embeddable":true,"href":"https:\/\/dekkbi.com\/index.php?rest_route=%2Fwp%2Fv2%2Ftags&post=65028"}],"curies":[{"name":"wp","href":"https:\/\/api.w.org\/{rel}","templated":true}]}}