{"id":65026,"date":"2025-12-10T11:46:39","date_gmt":"2025-12-10T11:46:39","guid":{"rendered":"https:\/\/dekkbi.com\/?p=65026"},"modified":"2025-12-10T11:46:40","modified_gmt":"2025-12-10T11:46:40","slug":"face-aux-geants-du-numerique-americains-une-partie-du-monde-tente-de-reguler","status":"publish","type":"post","link":"https:\/\/dekkbi.com\/?p=65026","title":{"rendered":"Face aux g\u00e9ants du num\u00e9rique am\u00e9ricains, une partie du monde tente de r\u00e9guler"},"content":{"rendered":"\n<p>C\u2019est une premi\u00e8re mondiale. Depuis ce mercredi, l\u2019Australie a interdit les r\u00e9seaux sociaux aux moins de 16 ans. &nbsp;<\/p>\n\n\n\n<p>L\u2019interdiction concerne tous les r\u00e9seaux sociaux qui n\u00e9cessitent un compte pour s\u2019inscrire comme Facebook, TikTok ou Instagram. D&rsquo;autres, qui sont accessibles plus simplement comme YouTube ou WhatsApp, ne sont pas concern\u00e9s ou pas encore. La liste peut \u00e9voluer. Le but, c\u2019est de prot\u00e9ger la sant\u00e9 mentale et le d\u00e9veloppement intellectuel des plus jeunes et de leur \u00e9viter d&rsquo;\u00eatre victimes de harc\u00e8lement en ligne ou d\u2019avoir acc\u00e8s \u00e0 des contenus radicaux ou ill\u00e9gaux.\u00a0<strong>L\u2019Australie est le premier pays<\/strong>\u00a0\u00e0 prendre une mesure de ce genre. D\u2019autres pays de l&rsquo;Asie-Pacifique comme la Malaisie ou la Nouvelle-Z\u00e9lande y r\u00e9fl\u00e9chissent. \u00a0\u00a0<\/p>\n\n\n\n<h2 class=\"wp-block-heading\">Puissance presque sans limites<\/h2>\n\n\n\n<p>Les plateformes concern\u00e9es indiquent qu\u2019elles vont respecter cette interdiction, avec toutes les r\u00e9serves techniques quant \u00e0 la faisabilit\u00e9 d\u2019une v\u00e9rification efficace de l\u2019\u00e2ge des utilisateurs. Mais elles y sont farouchement oppos\u00e9es, par leur nature m\u00eame. Pour ces mastodontes mondiaux, toute id\u00e9e de r\u00e9gulation s\u2019apparente \u00e0 une restriction du libre march\u00e9 qui leur a permis d\u2019acqu\u00e9rir une puissance culturelle et financi\u00e8re presque sans limites. Comme ces entreprises sont am\u00e9ricaines, y compris TikTok &#8211; d\u00e9sormais contr\u00f4l\u00e9e par des capitaux am\u00e9ricains proches du pouvoir &#8211;&nbsp; la loi am\u00e9ricaine leur garantit une libert\u00e9 sans limite, au nom de la libert\u00e9 d&rsquo;entreprendre, sans responsabilit\u00e9 sur les contenus qu\u2019elles h\u00e9bergent au nom de la libert\u00e9 d\u2019expression.&nbsp;&nbsp;<\/p>\n\n\n\n<h2 class=\"wp-block-heading\">Alliance objective<\/h2>\n\n\n\n<p>Et, elles sont assur\u00e9es que \u00e7a va continuer,\u00a0gr\u00e2ce \u00e0 leur alliance objective avec l\u2019actuelle administration am\u00e9ricaine. Initialement\u00a0<strong>Donald Trump<\/strong>\u00a0mena\u00e7ait de r\u00e9guler, mais il n&rsquo;en parle plus. Tous les patrons de ces g\u00e9ants \u00e9taient \u00e0 son investiture et ils sont tous pass\u00e9s par le bureau ovale pour consacrer cette alliance d\u2019une mani\u00e8re ou d\u2019une autre. C\u2019est que Donald Trump a compris qu\u2019il pouvait profiter du pouvoir des g\u00e9ants du num\u00e9rique pour r\u00e9gner quasiment sans partage, profitant des algorithmes qui poussent son discours dans l\u2019esprit des \u00e9lecteurs. Il leur laisse donc carte blanche pour leurs affaires et en \u00e9change,\u00a0<strong>ils ne se m\u00ealent pas de politique<\/strong>, ce qui est une fa\u00e7on de s&rsquo;en m\u00ealer. Son pr\u00e9d\u00e9cesseur Joe Biden l\u2019a compris un peu tard et c\u2019est dans son discours d\u2019adieu qu\u2019il a d\u00e9nonc\u00e9 ce qu\u2019il a appel\u00e9 le complexe techno-industriel. \u00a0<\/p>\n\n\n\n<h2 class=\"wp-block-heading\">Passe d&rsquo;armes<\/h2>\n\n\n\n<p>La prochaine cible de cette alliance de la technique et de la politique, ce sont ceux qui tentent de poser des limites, et notamment l\u2019Union europ\u00e9enne. C&rsquo;est d\u2019ailleurs \u00e9crit noir sur blanc dans\u00a0<strong>la strat\u00e9gie de s\u00e9curit\u00e9 nationale<\/strong>\u00a0qui inqui\u00e8te tant les Europ\u00e9ens depuis vendredi. Dans les priorit\u00e9s \u00e9num\u00e9r\u00e9es page 27 du document, on peut lire : \u00ab\u00a0<em>Ouvrir les march\u00e9s europ\u00e9ens aux biens et services am\u00e9ricains et garantir un traitement \u00e9quitable aux travailleurs et aux entreprises des \u00c9tats-Unis\u00a0<\/em>\u00bb. C&rsquo;est une allusion limpide aux diff\u00e9rentes r\u00e9gulations, proc\u00e9dures et amendes qui frappent les entreprises technologiques am\u00e9ricaines. La derni\u00e8re amende, 120 millions d\u2019euros contre X, anciennement Twitter, amenant son patron\u00a0<strong>Elon Musk<\/strong>, alli\u00e9 politique de Donald Trump, \u00e0 demander l\u2019abolition de l\u2019Union europ\u00e9enne. Le ministre polonais des Affaires \u00e9trang\u00e8res lui a conseill\u00e9 d\u2019\u00ab\u00a0<strong><em>aller sur Mars o\u00f9 les saluts nazis ne sont pas censur\u00e9s<\/em>\u00a0\u00bb<\/strong>. On peut trouver la passe d\u2019armes amusante, mais on peut \u00eatre s\u00fbr qu\u2019elle ne va pas s&rsquo;arr\u00eater l\u00e0. Les g\u00e9ants du num\u00e9rique et leurs alli\u00e9s actuellement au pouvoir \u00e0 Washington ne vont certainement pas laisser leur \u00e9chapper un march\u00e9 de 450 millions de personnes comme ils semblent, au moins provisoirement, le faire avec les 27 millions d\u2019habitants de l\u2019Australie.<\/p>\n\n\n\n<p>Par :Guillaume Naudin<\/p>\n\n\n\n<p><\/p>\n","protected":false},"excerpt":{"rendered":"<p>C\u2019est une premi\u00e8re mondiale. Depuis ce mercredi, l\u2019Australie a interdit les r\u00e9seaux sociaux aux moins de 16 ans. &nbsp; L\u2019interdiction<\/p>\n","protected":false},"author":1,"featured_media":13240,"comment_status":"open","ping_status":"open","sticky":false,"template":"","format":"standard","meta":{"footnotes":""},"categories":[51],"tags":[],"class_list":["post-65026","post","type-post","status-publish","format-standard","has-post-thumbnail","hentry","category-general"],"_links":{"self":[{"href":"https:\/\/dekkbi.com\/index.php?rest_route=\/wp\/v2\/posts\/65026","targetHints":{"allow":["GET"]}}],"collection":[{"href":"https:\/\/dekkbi.com\/index.php?rest_route=\/wp\/v2\/posts"}],"about":[{"href":"https:\/\/dekkbi.com\/index.php?rest_route=\/wp\/v2\/types\/post"}],"author":[{"embeddable":true,"href":"https:\/\/dekkbi.com\/index.php?rest_route=\/wp\/v2\/users\/1"}],"replies":[{"embeddable":true,"href":"https:\/\/dekkbi.com\/index.php?rest_route=%2Fwp%2Fv2%2Fcomments&post=65026"}],"version-history":[{"count":1,"href":"https:\/\/dekkbi.com\/index.php?rest_route=\/wp\/v2\/posts\/65026\/revisions"}],"predecessor-version":[{"id":65027,"href":"https:\/\/dekkbi.com\/index.php?rest_route=\/wp\/v2\/posts\/65026\/revisions\/65027"}],"wp:featuredmedia":[{"embeddable":true,"href":"https:\/\/dekkbi.com\/index.php?rest_route=\/wp\/v2\/media\/13240"}],"wp:attachment":[{"href":"https:\/\/dekkbi.com\/index.php?rest_route=%2Fwp%2Fv2%2Fmedia&parent=65026"}],"wp:term":[{"taxonomy":"category","embeddable":true,"href":"https:\/\/dekkbi.com\/index.php?rest_route=%2Fwp%2Fv2%2Fcategories&post=65026"},{"taxonomy":"post_tag","embeddable":true,"href":"https:\/\/dekkbi.com\/index.php?rest_route=%2Fwp%2Fv2%2Ftags&post=65026"}],"curies":[{"name":"wp","href":"https:\/\/api.w.org\/{rel}","templated":true}]}}