{"id":65018,"date":"2025-12-10T11:07:29","date_gmt":"2025-12-10T11:07:29","guid":{"rendered":"https:\/\/dekkbi.com\/?p=65018"},"modified":"2025-12-10T11:07:29","modified_gmt":"2025-12-10T11:07:29","slug":"equipements-renseignements-comment-la-france-va-aider-le-nigeria-en-pleine-crise-securitaire","status":"publish","type":"post","link":"https:\/\/dekkbi.com\/?p=65018","title":{"rendered":"\u00c9quipements, renseignements&#8230; Comment la France va aider le Nigeria en pleine crise s\u00e9curitaire"},"content":{"rendered":"\n<p>Le pr\u00e9sident fran\u00e7ais Emmanuel Macron a r\u00e9pondu \u00e0 la&nbsp;<em>\u00ab\u00a0demande\u00a0\u00bb<\/em>&nbsp;du pr\u00e9sident nig\u00e9rian Bola Tinubu et a annonc\u00e9 ce dimanche 7 d\u00e9cembre renforcer l&rsquo;<em>\u00ab\u00a0action de partenariat\u00a0\u00bb&nbsp;<\/em>entre la France et le Nigeria.&nbsp;Le nord du pays fait face \u00e0 une grave crise s\u00e9curitaire et \u00e0 l&rsquo;action de groupes djihadistes.&nbsp;Il s&rsquo;agira notamment de&nbsp;<em>\u00ab\u00a0partager l&rsquo;exp\u00e9rience fran\u00e7aise en mati\u00e8re de lutte contre le banditisme\u00a0\u00bb<\/em>, selon les experts interrog\u00e9s par TV5MONDE.&nbsp;<\/p>\n\n\n\n<p><strong>Par S\u00e9raphine Charpentier &#8211; SOURCE RFI<\/strong><\/p>\n\n\n\n<p>Apr\u00e8s l&rsquo;enl\u00e8vement de 402 personnes en l&rsquo;espace de trois semaines, le gouvernement nig\u00e9rian a lanc\u00e9 un appel \u00e0 la France. Le pr\u00e9sident fran\u00e7ais, Emmanuel Macron, a annonc\u00e9\u00a0sur X\u00a0r\u00e9pondre \u00e0\u00a0<em>\u00ab\u00a0la demande\u00a0\u00bb du<\/em>\u00a0pr\u00e9sident nig\u00e9rian, Bola Tinubu et renforcer son\u00a0<em>\u00ab\u00a0action de partenariat\u00a0avec les autorit\u00e9s et de soutien aux populations touch\u00e9es\u00a0\u00bb<\/em>\u00a0par la crise s\u00e9curitaire qui secoue le nord du pays. Le pr\u00e9sident fran\u00e7ais justifie ce renforcement de la coop\u00e9ration entre les deux \u00c9tats par la\u00a0<em>\u00ab\u00a0solidarit\u00e9 fran\u00e7aise\u00a0\u00bb<\/em>\u00a0vis-\u00e0-vis des\u00a0<em>\u00ab\u00a0diff\u00e9rents d\u00e9fis s\u00e9curitaires\u00a0\u00bb<\/em>\u00a0et notamment\u00a0<em>\u00ab\u00a0la menace terroriste dans le Nord\u00a0\u00bb<\/em>\u00a0du pays. \u00a0<\/p>\n\n\n\n<p>Onze ans apr\u00e8s le dramatique enl\u00e8vement de masse des 276 lyc\u00e9ennes de\u00a0Chibok, le Nigeria fait face \u00e0 des\u00a0kidnappings d&rsquo;une ampleur inimaginable. Des centaines de personnes, en majorit\u00e9 des \u00e9coliers, on \u00e9t\u00e9 enlev\u00e9es dans\u00a0quatre \u00c9tats du pays, depuis le 17 novembre.\u00a0<\/p>\n\n\n\n<p>Dans le nord du pays, aux fronti\u00e8res du B\u00e9nin et du Niger, une multiplicit\u00e9 d&rsquo;acteurs prosp\u00e8re. D&rsquo;un c\u00f4t\u00e9, des bandits, de l&rsquo;autre,&nbsp;Boko Haram et l\u2019\u00c9tat islamique en Afrique de l\u2019Ouest (ISWAP), parmi tant d&rsquo;autres groupes djihadistes.&nbsp;Les enl\u00e8vements perp\u00e9tr\u00e9s par ces gangs ou groupes arm\u00e9s endeuillent chaque ann\u00e9e les familles.<\/p>\n\n\n\n<h2 class=\"wp-block-heading\"><em>\u00ab\u00a0Renforcer les moyens d&rsquo;action de l&rsquo;arm\u00e9e nig\u00e9riane\u00a0\u00bb<\/em><\/h2>\n\n\n\n<p>Selon les sp\u00e9cialistes interrog\u00e9s par TV5MONDE sur le sujet, l&rsquo;appui fran\u00e7ais prendra surtout la forme d&rsquo;un accompagnement sur diff\u00e9rents volets: \u00ab\u00a0<em>La formation, le partage de renseignements et la judiciarisation de certaines questions, car au Nigeria, on privil\u00e9gie souvent la neutralisation des bandits plut\u00f4t que de les arr\u00eater et de les faire juger\u00a0\u00bb,\u00a0<\/em>explique Seidik Abba,\u00a0chercheur associ\u00e9 et pr\u00e9sident du Centre international d\u2019\u00e9tudes et de r\u00e9flexions sur le Sahel (CIRES).Sur le terrain, pas de d\u00e9ploiement de militaires fran\u00e7ais \u00e0 proprement parler, mais un appui technique.\u00a0<em>\u00ab\u00a0Je pense que \u00e7a ne d\u00e9passera pas une aide au niveau des \u00e9quipements d&rsquo;intelligence, comme des drones, pour traquer les groupuscules violents\u00a0\u00bb<\/em>, explique \u00e0 TV5MONDE Emmanuel Igah, politologue et sp\u00e9cialiste du Nigeria.\u00a0<\/p>\n\n\n\n<p>Des drones&nbsp;<em>\u00ab\u00a0capables de voler de nuit et de traquer les mouvements\u00a0\u00bb&nbsp;<\/em>seraient fournis et constitueraient un&nbsp;<em>\u00ab\u00a0renforcement des moyens d&rsquo;action de l&rsquo;arm\u00e9e nig\u00e9riane dans le domaine de l&rsquo;intelligence\u00a0\u00bb,&nbsp;<\/em>ajoute-t-il.&nbsp;<\/p>\n\n\n\n<h2 class=\"wp-block-heading\"><em>\u00ab\u00a0Le banditisme s&rsquo;est sophistiqu\u00e9 au Nigeria\u00a0\u00bb<\/em><\/h2>\n\n\n\n<p><em>\u00ab\u00a0Le banditisme s&rsquo;est beaucoup sophistiqu\u00e9 au Nigeria, sans que les forces de police ou les forces de s\u00e9curit\u00e9 int\u00e9rieure se soient sp\u00e9cialis\u00e9es. Et malheureusement, alors que nous sommes dans le cadre de la s\u00e9curit\u00e9 int\u00e9rieure du pays, on fait appel \u00e0 l&rsquo;arm\u00e9e, qui ne sait pas lutter contre le banditisme mais qui est form\u00e9e uniquement pour faire la guerre\u00a0\u00bb,<\/em>&nbsp;explique Seidik Abba. La France viendrait ainsi \u00ab\u00a0<em>structurer\u00a0\u00bb&nbsp;<\/em>les forces de s\u00e9curit\u00e9 int\u00e9rieure nig\u00e9rianes.&nbsp;<\/p>\n\n\n\n<p>Concr\u00e8tement, l&rsquo;expertise fran\u00e7aise aidera \u00e0 cibler la criminalit\u00e9 transfrontali\u00e8re dans diff\u00e9rentes zones: la zone Nigeria-B\u00e9nin, Nigeria-Niger et Nigeria-Tchad. Autant d&rsquo;espaces gangr\u00e9n\u00e9s par diff\u00e9rents groupes arm\u00e9s.\u00a0<\/p>\n\n\n\n<h2 class=\"wp-block-heading\"><em>\u00ab\u00a0Emmanuel&nbsp;Macron est un nig\u00e9rianophile\u00a0\u00bb<\/em><\/h2>\n\n\n\n<p>Pourquoi faire appel \u00e0 la France sur le volet s\u00e9curitaire, alors qu&rsquo;\u00e0&nbsp;ce jour, ce sont&nbsp;<em>\u00ab\u00a0surtout les Britanniques et les Am\u00e9ricains\u00a0\u00bb&nbsp;<\/em>qui forment les unit\u00e9s des forces de d\u00e9fense et de s\u00e9curit\u00e9 du Nigeria, comme le confirme Seidik Abba? La r\u00e9ponse se trouve certainement dans les relations&nbsp;<em>\u00ab\u00a0tr\u00e8s bonnes\u00a0\u00bb&nbsp;<\/em>qu&rsquo;entretiennent les deux pays.&nbsp;<\/p>\n\n\n\n<p>Des relations chaleureuses et dynamiques m\u00e9nag\u00e9es, en partie, par le tropisme du pr\u00e9sident fran\u00e7ais Emmanuel Macron pour ce pays d&rsquo;Afrique de l&rsquo;Ouest. \u00ab\u00a0<em>Emmanuel&nbsp;Macron est un nig\u00e9rianophile, peut-\u00eatre parce que lui-m\u00eame avait fait son stage d&rsquo;\u00e9tudiant de l&rsquo;ENA&nbsp;<\/em>(l&rsquo;\u00c9cole Nationale d\u2019Administration en France)&nbsp;<em>\u00e0 Abuja\u00a0\u00bb,&nbsp;<\/em>remarque Seidik Abba. Le pr\u00e9sident fran\u00e7ais a v\u00e9cu pr\u00e8s de six mois de sa vie \u00e0 Abuja.<\/p>\n\n\n\n<p>Le pr\u00e9sident Bola Tinubu, \u00e9lu le 1er mars 2023, est \u00e9galement venu \u00e0 titre priv\u00e9 plusieurs fois en France depuis qu&rsquo;il est pr\u00e9sident.&nbsp;<em>\u00ab\u00a0Il se soigne \u00e0 l&rsquo;h\u00f4pital am\u00e9ricain de Paris, \u00e0 Neuilly-sur-Seine\u00a0\u00bb,<\/em>&nbsp;remarque Seidik Abba.&nbsp;<\/p>\n\n\n\n<p>Le sp\u00e9cialiste rappelle qu&rsquo;un an apr\u00e8s son \u00e9lection \u00e0 la pr\u00e9sidence, Bola Tinubu a effectu\u00e9 une\u00a0visite d&rsquo;\u00c9tat en France,\u00a0<em>\u00ab\u00a0ce qui est un privil\u00e8ge\u00a0\u00bb<\/em>, commente le chercheur. Lors de cette visite, les 28 et 29 novembre 2024, les deux hommes se sont promis de d\u00e9velopper\u00a0leur coop\u00e9ration \u00e9conomique.\u00a0<em>\u00ab\u00a0Il y a un nouveau dynamisme des relations entre la France et le Nigeria\u00a0\u00bb<\/em>, affirme-t-il.\u00a0<\/p>\n\n\n\n<p>Les \u00e9changes \u00e9conomiques entre la France et le Nigeria, pays le plus peupl\u00e9 d&rsquo;Afrique,\u00a0ont doubl\u00e9\u00a0en dix ans. Le Nigeria,\u00a0quatri\u00e8me \u00e9conomie du continent, est le premier partenaire commercial de la France en Afrique subsaharienne, avec des \u00e9changes commerciaux de\u00a04,9 Milliards d&rsquo;euros en 2024.\u00a0<\/p>\n\n\n\n<p>En 2021, les produits transform\u00e9s repr\u00e9sentaient la quasi-totalit\u00e9 des exportations fran\u00e7aises vers le pays. 95% des importations nig\u00e9rianes en France concernaient les produits p\u00e9troliers. La multinationale fran\u00e7aise TotaleEnergies est implant\u00e9e au Nigeria et extrait du p\u00e9trole, majoritairement en mer. La France est aussi l&rsquo;un des premiers investisseurs \u00e9trangers au Nigeria.\u00a0<\/p>\n\n\n\n<h2 class=\"wp-block-heading\">La France cherche \u00e0 diversifier sa coop\u00e9ration en Afrique<\/h2>\n\n\n\n<p>En r\u00e9alit\u00e9, rapprocher Paris et Lagos a \u00e9t\u00e9 une volont\u00e9 du pr\u00e9sident fran\u00e7ais Emmanuel Macron depuis son premier mandat, en 2017.&nbsp;<\/p>\n\n\n\n<p><em>\u00ab\u00a0Tout ce qui met Emmanuel Macron en lumi\u00e8re, en sc\u00e8ne, dans un pays africain et qui aille dans le bon sens, est bon pour le pr\u00e9sident fran\u00e7ais. Il n&rsquo;est plus en odeur de saintet\u00e9 dans beaucoup de pays africains\u00a0\u00bb,&nbsp;<\/em>affirme Emmanuel Igah.&nbsp;<em>\u00ab\u00a0Il a essay\u00e9 ces derniers temps de diversifier la coop\u00e9ration de la France avec d&rsquo;autres pays africains, qui ne soient plus dans le cadre \u00e9troit de la Fran\u00e7afrique\u00a0\u00bb<\/em>, avance le politologue.&nbsp;<\/p>\n\n\n\n<p>Depuis 2022, la majorit\u00e9 des anciennes colonies fran\u00e7aises en Afrique a\u00a0rompu les accords de d\u00e9fense\u00a0qui les reliaient \u00e0 la France. Le Niger, le Mali et le Burkina Faso (AES), sont \u00e9galement\u00a0sortis de l&rsquo;Organisation internationale de la Francophonie\u00a0(OIF) le 17 mars, consacrant la rupture avec l&rsquo;ancienne puissance coloniale.\u00a0<\/p>\n\n\n\n<p>Dans ce contexte tendu, la France cherche donc \u00e0 m\u00e9nager et \u00e0 d\u00e9velopper ses relations avec des pays africains anglophones ou lusophones.&nbsp;<em>\u00ab\u00a0Les pays anglophones et particuli\u00e8rement l&rsquo;\u00c9thiopie, sont tr\u00e8s sollicit\u00e9s par la France. Il y a eu une tr\u00e8s grosse op\u00e9ration de promotion des relations \u00e9conomiques avec la France\u00a0\u00bb,<\/em>&nbsp;d\u00e9taille Emmanuel Igah, qui cite \u00e9galement les rapprochements entre la France et le Kenya ainsi que l&rsquo;Angola, pays lusophone mais&nbsp;<em>\u00ab\u00a0producteur de p\u00e9trole\u00a0\u00bb<\/em>. &nbsp;<\/p>\n\n\n\n<h2 class=\"wp-block-heading\">Bola Tinubu, un pr\u00e9sident sous pression, contraint \u00e0 l&rsquo;action<\/h2>\n\n\n\n<p>Si pour la France, le\u00a0<em>\u00ab\u00a0partenariat d&rsquo;action\u00a0\u00bb\u00a0<\/em>semble se justifier par des aspects en majorit\u00e9 \u00e9conomiques, pour le Nigeria et son pr\u00e9sident, le dossier est aussi politique. Face \u00e0 une crise s\u00e9curitaire sans pr\u00e9c\u00e9dent et \u00e0 la recrudescence des violences, le pr\u00e9sident nig\u00e9rian est contraint \u00e0 l&rsquo;action. Il fait \u00e9galement face au m\u00e9contentement grandissant de la population, dans un pays avec une inflation galopante.<\/p>\n\n\n\n<p>\u00c0 son arriv\u00e9e au pouvoir en 2023, Bola Tinubu h\u00e9rite d&rsquo;un pays en pleine r\u00e9cession \u00e9conomique. Le taux de pauvret\u00e9 atteint alors les 42%. Malgr\u00e9 les r\u00e9formes entreprises, en juillet,\u00a0l&rsquo;inflation \u00e9tait sup\u00e9rieure \u00e0 20%, selon le Fonds mon\u00e9taire international (FMI).\u00a0<\/p>\n\n\n\n<p><em>\u00ab\u00a0Bola Tinubu a h\u00e9rit\u00e9 d&rsquo;un contexte tr\u00e8s difficile\u00a0\u00bb<\/em>, reconna\u00eet Seidik Abba. Outre la situation \u00e9conomique, le pr\u00e9sident h\u00e9rite aussi d&rsquo;un&nbsp;<em>\u00ab\u00a0appareil s\u00e9curitaire gangren\u00e9\u00a0\u00bb,<\/em>&nbsp;auquel se pose pourtant de nombreux d\u00e9fis.&nbsp;<\/p>\n\n\n\n<h2 class=\"wp-block-heading\"><em>\u00ab\u00a0C&rsquo;est \u00e0 travers des dossiers comme \u00e7a que son avenir politique va se jouer\u00a0\u00bb<\/em><\/h2>\n\n\n\n<p><em>\u00ab\u00a0Aujourd&rsquo;hui, le pr\u00e9sident a pris le taureau par les cornes. Il a d\u00e9cr\u00e9t\u00e9 l&rsquo;\u00e9tat d&rsquo;urgence s\u00e9curitaire qui conf\u00e8re des pouvoirs sp\u00e9ciaux aux forces de d\u00e9fense et de s\u00e9curit\u00e9. Il a remani\u00e9 l&rsquo;ensemble de l&rsquo;appareil militaire: l&rsquo;\u00e9tat-major, les diff\u00e9rents responsables des forces de s\u00e9curit\u00e9, les patrons des services de renseignement, de la police&#8230;\u00a0\u00bb<\/em>, d\u00e9taille le sp\u00e9cialiste, pour&nbsp;<em>\u00ab\u00a0reprendre la main par rapport aux groupes arm\u00e9s\u00a0\u00bb.<\/em>&nbsp;<\/p>\n\n\n\n<p>Il reconna\u00eet cependant que&nbsp;<em>\u00ab\u00a0la gangr\u00e8ne a d\u00e9j\u00e0 pris\u00a0\u00bb.&nbsp;<\/em>Les effets de ces politiques&nbsp;<em>\u00ab\u00a0prendront du temps\u00a0\u00bb.<\/em>&nbsp;S&rsquo;ajoute \u00e0 la complexit\u00e9 de la situation, l&rsquo;organisation en \u00c9tat f\u00e9d\u00e9ral du Nigeria. Mais Bola Tinubu ne perd pas le nord et garde en ligne de mire les prochaines \u00e9lections, d&rsquo;o\u00f9 son appel \u00e0 la France pour l&rsquo;aider sur l&rsquo;aspect s\u00e9curitaire, selon les chercheurs.&nbsp;<\/p>\n\n\n\n<p><em>\u00ab\u00a0Je crois que le pr\u00e9sident a compris que c&rsquo;est \u00e0 travers des dossiers comme \u00e7a que son avenir politique va se jouer, que sa r\u00e9\u00e9lection, si jamais il \u00e9tait candidat, va se faire\u00a0\u00bb<\/em>, conclut Seidik Abba.&nbsp;<\/p>\n\n\n\n<p><\/p>\n","protected":false},"excerpt":{"rendered":"<p>Le pr\u00e9sident fran\u00e7ais Emmanuel Macron a r\u00e9pondu \u00e0 la&nbsp;\u00ab\u00a0demande\u00a0\u00bb&nbsp;du pr\u00e9sident nig\u00e9rian Bola Tinubu et a annonc\u00e9 ce dimanche 7 d\u00e9cembre<\/p>\n","protected":false},"author":1,"featured_media":65020,"comment_status":"open","ping_status":"open","sticky":false,"template":"","format":"standard","meta":{"footnotes":""},"categories":[51],"tags":[],"class_list":["post-65018","post","type-post","status-publish","format-standard","has-post-thumbnail","hentry","category-general"],"_links":{"self":[{"href":"https:\/\/dekkbi.com\/index.php?rest_route=\/wp\/v2\/posts\/65018","targetHints":{"allow":["GET"]}}],"collection":[{"href":"https:\/\/dekkbi.com\/index.php?rest_route=\/wp\/v2\/posts"}],"about":[{"href":"https:\/\/dekkbi.com\/index.php?rest_route=\/wp\/v2\/types\/post"}],"author":[{"embeddable":true,"href":"https:\/\/dekkbi.com\/index.php?rest_route=\/wp\/v2\/users\/1"}],"replies":[{"embeddable":true,"href":"https:\/\/dekkbi.com\/index.php?rest_route=%2Fwp%2Fv2%2Fcomments&post=65018"}],"version-history":[{"count":1,"href":"https:\/\/dekkbi.com\/index.php?rest_route=\/wp\/v2\/posts\/65018\/revisions"}],"predecessor-version":[{"id":65021,"href":"https:\/\/dekkbi.com\/index.php?rest_route=\/wp\/v2\/posts\/65018\/revisions\/65021"}],"wp:featuredmedia":[{"embeddable":true,"href":"https:\/\/dekkbi.com\/index.php?rest_route=\/wp\/v2\/media\/65020"}],"wp:attachment":[{"href":"https:\/\/dekkbi.com\/index.php?rest_route=%2Fwp%2Fv2%2Fmedia&parent=65018"}],"wp:term":[{"taxonomy":"category","embeddable":true,"href":"https:\/\/dekkbi.com\/index.php?rest_route=%2Fwp%2Fv2%2Fcategories&post=65018"},{"taxonomy":"post_tag","embeddable":true,"href":"https:\/\/dekkbi.com\/index.php?rest_route=%2Fwp%2Fv2%2Ftags&post=65018"}],"curies":[{"name":"wp","href":"https:\/\/api.w.org\/{rel}","templated":true}]}}