{"id":65015,"date":"2025-12-10T10:50:26","date_gmt":"2025-12-10T10:50:26","guid":{"rendered":"https:\/\/dekkbi.com\/?p=65015"},"modified":"2025-12-10T12:19:37","modified_gmt":"2025-12-10T12:19:37","slug":"la-saga-continue-vire-brys-sen-prend-au-narcissique-etoo-et-devoile-sa-liste-pour-la-can","status":"publish","type":"post","link":"https:\/\/dekkbi.com\/?p=65015","title":{"rendered":"Brys &#8211; Eto\u2019o: La saga continue"},"content":{"rendered":"\n<p>\u00c0 chaque semaine son nouvel \u00e9pisode dans le feuilleton autour de Marc Brys, peu importe qu\u2019il soit ou non \u00e0 la t\u00eate du Cameroun. Remerci\u00e9 \u00e0 la fin du mois de novembre, le coach belge a d\u00e9voil\u00e9 sa s\u00e9lection pour la prochaine Coupe d\u2019Afrique des Nations. Il s\u2019attaque, au passage, vertement \u00e0 l\u2019ancienne star du Bar\u00e7a, Samuel Eto\u2019o d\u00e9peint comme \u201cnarcissique\u201d.<\/p>\n\n\n\n<p><strong>R\u00e9daction<\/strong> &#8211; RFI<\/p>\n\n\n\n<p>Cela ressemble \u00e0 un s\u00e9lectionneur, avec une liste de s\u00e9lectionneur, mais ce n\u2019est (peut-\u00eatre) plus vraiment un s\u00e9lectionneur.<a href=\"https:\/\/www.7sur7.be\/football\/nouvel-imbroglio-autour-de-marc-brys-au-cameroun-le-ministre-des-sports-dement-sa-demission~a626e031\/\"><\/a><\/p>\n\n\n\n<h2 class=\"wp-block-heading\">\u201cTrop concurrent pour lui\u201d<\/h2>\n\n\n\n<p>Le pr\u00e9sident de la f\u00e9d\u00e9ration, Samuel Eto\u2019o, a r\u00e9cemment annonc\u00e9 une liste pour la Coupe d\u2019Afrique, sans notre compatriote, et en nommant David Pagou comme son rempla\u00e7ant \u00e0 la t\u00eate de la s\u00e9lection. \u201cL\u2019objectif d\u2019Eto\u2019o a toujours \u00e9t\u00e9 de me mettre dehors le plus vite possible\u201d, regrette Marc Brys aupr\u00e8s de VTM NIEUWS. \u201cD\u00e8s la premi\u00e8re minute, il m\u2019a insult\u00e9, et j\u2019ai r\u00e9agi. J\u2019\u00e9tais trop concurrent pour lui.\u201d<\/p>\n\n\n\n<p>Malgr\u00e9 le long diff\u00e9rend qui l\u2019oppose \u00e0 Eto\u2019o, Marc Brys refuse de jeter l\u2019\u00e9ponge (qu\u2019on a d\u00e9j\u00e0 un peu jet\u00e9 pour lui?) et passe m\u00eame \u00e0 l\u2019offensive. Il a d\u00e9pos\u00e9 une liste pour la CAN avec notamment, Andr\u00e9 Onana, Vincent Aboubakar et Eric Maxim Choupo-Moting, que Pagou \u2014 comprenez : Eto\u2019o \u2014 n\u2019avait pas s\u00e9lectionn\u00e9s.<\/p>\n\n\n\n<h2 class=\"wp-block-heading\">\u201cIl pense \u00eatre le meilleur\u201d<\/h2>\n\n\n\n<p>\u201cEto\u2019o avait \u00e9cart\u00e9 des joueurs importants et des leaders de la liste\u201d, explique Marc Brys \u00e0 Afrik Foot. \u201cCar c\u2019est \u00e9videmment lui qui avait compos\u00e9 cette s\u00e9lection. Comment peut-on partir \u00e0 la CAN sans un gardien de classe mondiale (Onana, ndlr) ? Ou sans Aboubakar? (&#8230;) C\u2019est incroyable, mais en r\u00e9alit\u00e9 \u00e7a ne me surprend pas. Cela vient de quelqu\u2019un de narcissique, qui pense qu\u2019il est le meilleur.\u201d<\/p>\n\n\n\n<p>En attendant, le minist\u00e8re des Sports du Cameroun a confirm\u00e9 \u00e0 TV5 Monde que Marc Brys est toujours bel et bien le s\u00e9lectionneur du Cameroun, peu importe ce qu\u2019Eto\u2019o a pu affirmer la semaine derni\u00e8re. \u201cTant que le pr\u00e9sident du Cameroun n\u2019aura pas officiellement nomm\u00e9 David Pagou s\u00e9lectionneur, M. Marc Brys reste, aux yeux de l\u2019\u00c9tat, l\u2019entra\u00eeneur en poste.\u201d<\/p>\n","protected":false},"excerpt":{"rendered":"<p>\u00c0 chaque semaine son nouvel \u00e9pisode dans le feuilleton autour de Marc Brys, peu importe qu\u2019il soit ou non \u00e0<\/p>\n","protected":false},"author":1,"featured_media":65016,"comment_status":"open","ping_status":"open","sticky":false,"template":"","format":"standard","meta":{"footnotes":""},"categories":[9],"tags":[],"class_list":["post-65015","post","type-post","status-publish","format-standard","has-post-thumbnail","hentry","category-sports"],"_links":{"self":[{"href":"https:\/\/dekkbi.com\/index.php?rest_route=\/wp\/v2\/posts\/65015","targetHints":{"allow":["GET"]}}],"collection":[{"href":"https:\/\/dekkbi.com\/index.php?rest_route=\/wp\/v2\/posts"}],"about":[{"href":"https:\/\/dekkbi.com\/index.php?rest_route=\/wp\/v2\/types\/post"}],"author":[{"embeddable":true,"href":"https:\/\/dekkbi.com\/index.php?rest_route=\/wp\/v2\/users\/1"}],"replies":[{"embeddable":true,"href":"https:\/\/dekkbi.com\/index.php?rest_route=%2Fwp%2Fv2%2Fcomments&post=65015"}],"version-history":[{"count":2,"href":"https:\/\/dekkbi.com\/index.php?rest_route=\/wp\/v2\/posts\/65015\/revisions"}],"predecessor-version":[{"id":65040,"href":"https:\/\/dekkbi.com\/index.php?rest_route=\/wp\/v2\/posts\/65015\/revisions\/65040"}],"wp:featuredmedia":[{"embeddable":true,"href":"https:\/\/dekkbi.com\/index.php?rest_route=\/wp\/v2\/media\/65016"}],"wp:attachment":[{"href":"https:\/\/dekkbi.com\/index.php?rest_route=%2Fwp%2Fv2%2Fmedia&parent=65015"}],"wp:term":[{"taxonomy":"category","embeddable":true,"href":"https:\/\/dekkbi.com\/index.php?rest_route=%2Fwp%2Fv2%2Fcategories&post=65015"},{"taxonomy":"post_tag","embeddable":true,"href":"https:\/\/dekkbi.com\/index.php?rest_route=%2Fwp%2Fv2%2Ftags&post=65015"}],"curies":[{"name":"wp","href":"https:\/\/api.w.org\/{rel}","templated":true}]}}