{"id":64988,"date":"2025-12-10T09:47:48","date_gmt":"2025-12-10T09:47:48","guid":{"rendered":"https:\/\/dekkbi.com\/?p=64988"},"modified":"2025-12-10T09:50:48","modified_gmt":"2025-12-10T09:50:48","slug":"letat-alloue-16-milliard-de-fcfa-a-153-collectivites-fragilisees-par-la-revalorisation-salariale-cheikh-diba","status":"publish","type":"post","link":"https:\/\/dekkbi.com\/?p=64988","title":{"rendered":"L\u2019\u00c9tat alloue 1,6 milliard de FCFA \u00e0 153 collectivit\u00e9s fragilis\u00e9es par la revalorisation salariale (Cheikh Diba)"},"content":{"rendered":"\n<p>Dakar, (APS) \u2013 Le ministre des Finances et du Budget, Cheikh Diba, a indiqu\u00e9 que 153 collectivit\u00e9s territoriales pr\u00e9sentent un niveau de vuln\u00e9rabilit\u00e9 \u00e9lev\u00e9 face \u00e0 l\u2019impact de l\u2019augmentation des salaires des agents locaux, ajoutant qu\u2019une enveloppe de 1,6 milliard de francs CFA a \u00e9t\u00e9 pr\u00e9vue pour les accompagner.<\/p>\n\n\n\n<p>\u2018\u2019Les 153 collectivit\u00e9s territoriales affichent un ratio sup\u00e9rieur \u00e0 50 %, les classant parmi celles v\u00e9ritablement impact\u00e9es par la hausse salariale. Ce sont prioritairement ces collectivit\u00e9s qui seront cibl\u00e9es dans l\u2019utilisation [du montant] de 1,6 milliard pr\u00e9vu dans la programmation budg\u00e9taire \u2018\u2019, a-t-il notamment dit, pr\u00e9cisant que ces ressources pourraient couvrir environ 65 % du surco\u00fbt salarial.<\/p>\n\n\n\n<p>Cheikh Diba s\u2019exprimait mardi devant les d\u00e9put\u00e9s lors de l\u2019examen du projet de budget 2026 de son d\u00e9partement.<\/p>\n\n\n\n<p>Le ministre a pr\u00e9cis\u00e9 que son d\u00e9partement a analys\u00e9 les donn\u00e9es financi\u00e8res des collectivit\u00e9s afin \u2018\u2019d\u2019appr\u00e9cier l\u2019ampleur du choc \u2018\u2019 pour les municipalit\u00e9s disposant de ressources limit\u00e9es.<\/p>\n\n\n\n<p>Selon lui, 520 collectivit\u00e9s ont d\u00e9j\u00e0 transmis des dossiers d\u2019enr\u00f4lement, repr\u00e9sentant 9 467 agents concern\u00e9s.<\/p>\n\n\n\n<p>L\u2019analyse r\u00e9v\u00e8le que 290 collectivit\u00e9s pr\u00e9sentent un ratio masse salariale\/charges de personnel inf\u00e9rieur \u00e0 40 %,&nbsp;\u2018\u2019donc faiblement expos\u00e9es \u2018\u2019.<\/p>\n\n\n\n<p>Environ 77 collectivit\u00e9s se situent dans une tranche comprise entre 40 % et 50 %, \u2018\u2019peu impact\u00e9es mais n\u00e9cessitant un suivi \u2018\u2019, a-t-il ajout\u00e9.<\/p>\n\n\n\n<p>\u00c9voquant par ailleurs la question des indemnit\u00e9s d\u2019expropriation, Cheikh Diba a annonc\u00e9 que les cr\u00e9dits inscrits \u00e0 ce titre passeront de 5,3 milliards en 2025 \u00e0 12,1 milliards en 2026.<\/p>\n\n\n\n<p>Il a assur\u00e9 que les services comp\u00e9tents de son minist\u00e8re ont \u00e9t\u00e9 instruits de \u2018\u2019privil\u00e9gier la commune de Kaolack (Kahone) pour la prise en charge des indemnisations li\u00e9es aux projets qui y ont affect\u00e9 les populations.<\/p>\n\n\n\n<p>Le ministre a enfin rappel\u00e9 que ces ajustements s\u2019inscrivent dans les caract\u00e9ristiques g\u00e9n\u00e9rales du budget de son d\u00e9partement pour l\u2019exercice 2026.<\/p>\n\n\n\n<p>AN\/HK<\/p>\n","protected":false},"excerpt":{"rendered":"<p>Dakar, (APS) \u2013 Le ministre des Finances et du Budget, Cheikh Diba, a indiqu\u00e9 que 153 collectivit\u00e9s territoriales pr\u00e9sentent un<\/p>\n","protected":false},"author":1,"featured_media":64989,"comment_status":"open","ping_status":"open","sticky":false,"template":"","format":"standard","meta":{"footnotes":""},"categories":[6],"tags":[],"class_list":["post-64988","post","type-post","status-publish","format-standard","has-post-thumbnail","hentry","category-politics"],"_links":{"self":[{"href":"https:\/\/dekkbi.com\/index.php?rest_route=\/wp\/v2\/posts\/64988","targetHints":{"allow":["GET"]}}],"collection":[{"href":"https:\/\/dekkbi.com\/index.php?rest_route=\/wp\/v2\/posts"}],"about":[{"href":"https:\/\/dekkbi.com\/index.php?rest_route=\/wp\/v2\/types\/post"}],"author":[{"embeddable":true,"href":"https:\/\/dekkbi.com\/index.php?rest_route=\/wp\/v2\/users\/1"}],"replies":[{"embeddable":true,"href":"https:\/\/dekkbi.com\/index.php?rest_route=%2Fwp%2Fv2%2Fcomments&post=64988"}],"version-history":[{"count":1,"href":"https:\/\/dekkbi.com\/index.php?rest_route=\/wp\/v2\/posts\/64988\/revisions"}],"predecessor-version":[{"id":64990,"href":"https:\/\/dekkbi.com\/index.php?rest_route=\/wp\/v2\/posts\/64988\/revisions\/64990"}],"wp:featuredmedia":[{"embeddable":true,"href":"https:\/\/dekkbi.com\/index.php?rest_route=\/wp\/v2\/media\/64989"}],"wp:attachment":[{"href":"https:\/\/dekkbi.com\/index.php?rest_route=%2Fwp%2Fv2%2Fmedia&parent=64988"}],"wp:term":[{"taxonomy":"category","embeddable":true,"href":"https:\/\/dekkbi.com\/index.php?rest_route=%2Fwp%2Fv2%2Fcategories&post=64988"},{"taxonomy":"post_tag","embeddable":true,"href":"https:\/\/dekkbi.com\/index.php?rest_route=%2Fwp%2Fv2%2Ftags&post=64988"}],"curies":[{"name":"wp","href":"https:\/\/api.w.org\/{rel}","templated":true}]}}