{"id":64985,"date":"2025-12-10T09:43:26","date_gmt":"2025-12-10T09:43:26","guid":{"rendered":"https:\/\/dekkbi.com\/?p=64985"},"modified":"2025-12-10T09:43:27","modified_gmt":"2025-12-10T09:43:27","slug":"le-dg-des-douanes-appelle-a-consolider-la-confiance-avec-les-operateurs-economiques","status":"publish","type":"post","link":"https:\/\/dekkbi.com\/?p=64985","title":{"rendered":"Le DG des Douanes appelle \u00e0 consolider la confiance avec les op\u00e9rateurs \u00e9conomiques"},"content":{"rendered":"\n<p>Dakar, (APS) &#8211; Le directeur g\u00e9n\u00e9ral des Douanes du S\u00e9n\u00e9gal, le colonel Babacar Mbaye, a rappel\u00e9, mardi, l\u2019importance d\u2019instaurer un dialogue permanent et une confiance mutuelle entre ses services et les op\u00e9rateurs \u00e9conomiques.<\/p>\n\n\n\n<p>\u2018\u2019Une douane moderne ne saurait exister sans un dialogue permanent et une confiance mutuelle entre celle-ci et les partenaires privil\u00e9gi\u00e9s que sont les op\u00e9rateurs \u00e9conomiques\u2019\u2019, a-t-il d\u00e9clar\u00e9, lors du lancement officiel de la 3<sup>\u00e8me<\/sup>&nbsp;\u00e9dition des journ\u00e9es de l\u2019entreprise.<\/p>\n\n\n\n<p>Le colonel Mbaye pr\u00e9sidait cette rencontre de deux jours, plac\u00e9e sur le th\u00e8me: \u2018\u2019le r\u00f4le de la Douane dans la performance des entreprises\u2019\u2019. &nbsp;<\/p>\n\n\n\n<p>Ces journ\u00e9es de l\u2019entreprise demeurent un espace \u2018\u2019privil\u00e9gi\u00e9\u2019\u2019 pour exprimer \u2018\u2019les attentes, confronter les analyses, lever les incompr\u00e9hensions et \u00e9laborer des solutions partag\u00e9es\u2019\u2019, selon lui.<\/p>\n\n\n\n<p>\u2018\u2019Il n\u2019est nul besoin de vous rappeler que la confiance se construit durablement, la performance se partage et que la souverainet\u00e9 \u00e9conomique se construit collectivement\u2019\u2019, a notamment soulign\u00e9 le directeur g\u00e9n\u00e9ral des Douanes.<\/p>\n\n\n\n<p>L\u2019implication des entreprises reste essentielle pour b\u00e2tir une douane moderne, qui \u2018\u2019facilite le commerce, favorise l\u2019investissement et r\u00e9solument tourn\u00e9e vers l\u2019entreprise et le citoyen\u2019\u2019, a-t-il \u00e9galement estim\u00e9.<\/p>\n\n\n\n<p>Pr\u00e9sent \u00e0 la c\u00e9r\u00e9monie d\u2019ouverture, le pr\u00e9sident du Conseil national du patronat (CNP) a jug\u00e9 \u2018\u2019n\u00e9cessaire de proc\u00e9der \u00e0 l\u2019ajustement du cadre r\u00e9glementaire pour asseoir un environnement des affaires attractif, moderne et r\u00e9silient, notamment \u00e0 travers le plan d\u2019actions prioritaires\u201d, inscrit sur la feuille de route des Douanes.<\/p>\n\n\n\n<p>Ba\u00efdy Agne a en outre exprim\u00e9 son satisf\u00e9cit concernant la prise en charge par les services des Douanes s\u00e9n\u00e9galaises des nouveaux enjeux g\u00e9opolitiques, s\u00e9curitaires et de la probl\u00e9matique du trafic illicite de toutes sortes.<\/p>\n\n\n\n<p>Il a \u00e9galement \u00e9voqu\u00e9 l\u2019urgence du d\u00e9veloppement de l\u2019innovation structurelle et technologique, ainsi que la d\u00e9mat\u00e9rialisation des proc\u00e9dures, afin d\u2019am\u00e9liorer la transparence et la qualit\u00e9 des services douaniers.<\/p>\n\n\n\n<p>Concernant le transit international, le pr\u00e9sident du CNP a soulign\u00e9 l\u2019importance de renforcer la coop\u00e9ration internationale pour une \u201dmeilleure interconnexion des droits des entreprises\u201d.<\/p>\n\n\n\n<p>\u2018\u2019Nous plaidons pour le d\u00e9veloppement de l\u2019interconnexion r\u00e9gionale aux fronti\u00e8res, la simplification et l\u2019harmonisation des r\u00e9gimes douaniers\u2019\u2019, a-t-il sugg\u00e9r\u00e9.<\/p>\n\n\n\n<p>Malang Diedhiou, directeur de la Facilitation et du Partenariat avec les entreprises, un service rattach\u00e9 \u00e0 la direction g\u00e9n\u00e9rale des Douanes, a, lui, estim\u00e9 que les entreprises ont besoin d\u2019un accompagnement \u2018\u2019plus accentu\u00e9 et plus adapt\u00e9\u2019\u2019, pour tirer meilleure partie des opportunit\u00e9s offertes par les march\u00e9s nationaux, continentaux et internationaux.<\/p>\n\n\n\n<p>Par ailleurs, a-t-il indiqu\u00e9, \u201dcette 3<sup>\u00e8me<\/sup>&nbsp;\u00e9dition des journ\u00e9es de l\u2019entreprise s\u2019inscrit dans cette optique et se veut un creuset de r\u00e9flexion pouvant permettre d\u2019obtenir un \u2018\u2019esprit de partenariat qui appuie profond\u00e9ment les parties prenantes pour un environnement des affaires plus comp\u00e9titif\u2019\u2019.<\/p>\n\n\n\n<p>AMN\/HB\/ABB\/SBS\/<\/p>\n","protected":false},"excerpt":{"rendered":"<p>Dakar, (APS) &#8211; Le directeur g\u00e9n\u00e9ral des Douanes du S\u00e9n\u00e9gal, le colonel Babacar Mbaye, a rappel\u00e9, mardi, l\u2019importance d\u2019instaurer un<\/p>\n","protected":false},"author":1,"featured_media":64986,"comment_status":"open","ping_status":"open","sticky":false,"template":"","format":"standard","meta":{"footnotes":""},"categories":[21],"tags":[],"class_list":["post-64985","post","type-post","status-publish","format-standard","has-post-thumbnail","hentry","category-societe"],"_links":{"self":[{"href":"https:\/\/dekkbi.com\/index.php?rest_route=\/wp\/v2\/posts\/64985","targetHints":{"allow":["GET"]}}],"collection":[{"href":"https:\/\/dekkbi.com\/index.php?rest_route=\/wp\/v2\/posts"}],"about":[{"href":"https:\/\/dekkbi.com\/index.php?rest_route=\/wp\/v2\/types\/post"}],"author":[{"embeddable":true,"href":"https:\/\/dekkbi.com\/index.php?rest_route=\/wp\/v2\/users\/1"}],"replies":[{"embeddable":true,"href":"https:\/\/dekkbi.com\/index.php?rest_route=%2Fwp%2Fv2%2Fcomments&post=64985"}],"version-history":[{"count":1,"href":"https:\/\/dekkbi.com\/index.php?rest_route=\/wp\/v2\/posts\/64985\/revisions"}],"predecessor-version":[{"id":64987,"href":"https:\/\/dekkbi.com\/index.php?rest_route=\/wp\/v2\/posts\/64985\/revisions\/64987"}],"wp:featuredmedia":[{"embeddable":true,"href":"https:\/\/dekkbi.com\/index.php?rest_route=\/wp\/v2\/media\/64986"}],"wp:attachment":[{"href":"https:\/\/dekkbi.com\/index.php?rest_route=%2Fwp%2Fv2%2Fmedia&parent=64985"}],"wp:term":[{"taxonomy":"category","embeddable":true,"href":"https:\/\/dekkbi.com\/index.php?rest_route=%2Fwp%2Fv2%2Fcategories&post=64985"},{"taxonomy":"post_tag","embeddable":true,"href":"https:\/\/dekkbi.com\/index.php?rest_route=%2Fwp%2Fv2%2Ftags&post=64985"}],"curies":[{"name":"wp","href":"https:\/\/api.w.org\/{rel}","templated":true}]}}